{"id":204363,"date":"2021-01-28T10:27:06","date_gmt":"2021-01-28T13:27:06","guid":{"rendered":"https:\/\/investnews.com.br\/?p=204363"},"modified":"2021-01-28T11:06:47","modified_gmt":"2021-01-28T14:06:47","slug":"igp-m-acumula-inflacao-de-2571-em-12-meses-revela-pesquisa-da-fgv","status":"publish","type":"post","link":"https:\/\/investnews.com.br\/economia\/igp-m-acumula-inflacao-de-2571-em-12-meses-revela-pesquisa-da-fgv\/","title":{"rendered":"IGP-M acumula infla\u00e7\u00e3o de 25,71% em 12 meses, revela pesquisa da FGV"},"content":{"rendered":"\n<figure class=\"wp-block-image\"><img decoding=\"async\" src=\"https:\/\/agenciabrasil.ebc.com.br\/ebc.png?id=1399900&amp;o=node\" alt=\"\"\/><\/figure>\n\n\n\n<p>O <strong>\u00cdndice Geral de Pre\u00e7os-Mercado (<a href=\"https:\/\/investnews.com.br\/guias\/igp-m\/\">IGP-M<\/a>)<\/strong>, usado no reajuste de contratos de aluguel em todo o pa\u00eds, registrou <strong>infla\u00e7\u00e3o de 2,58% em janeiro deste ano<\/strong>. A taxa \u00e9 maior que a de dezembro do ano passado (0,96%). Segundo a Funda\u00e7\u00e3o Get\u00falio Vargas (FGV) informou nesta quinta-feira (28), o IGP-M acumula infla\u00e7\u00e3o de 25,71% em 12 meses. Em janeiro de 2020, o acumulado era de 7,81%.<\/p>\n\n\n\n<p><strong>Leia tamb\u00e9m<\/strong>: <a href=\"https:\/\/investnews.com.br\/financas\/igp-m-nao-e-o-indice-mais-justo-para-reajustar-alugueis-diz-economista\/\" class=\"rank-math-link\">IGP-M n\u00e3o \u00e9 o \u00edndice mais justo para reajustar alugu\u00e9is, diz economista<\/a><\/p>\n\n\n\n<p><strong>A alta da taxa de dezembro para janeiro foi puxada pelos pre\u00e7os no atacado<\/strong>, medidos pelo \u00cdndice de Pre\u00e7os ao Produtor Amplo, que subiram 3,38% em janeiro ante uma alta de 0,90% em dezembro.<\/p>\n\n\n\n<p><strong>O \u00cdndice Nacional de Custo da Constru\u00e7\u00e3o tamb\u00e9m teve alta <\/strong>de dezembro (0,88%) para janeiro (0,93%).<\/p>\n\n\n\n<p><strong>O \u00cdndice de Pre\u00e7os ao Consumidor<\/strong>, que mede o varejo, <strong>teve queda na infla\u00e7\u00e3o<\/strong>, ao passar de 1,21% em dezembro para 0,41% em janeiro.<\/p>\n","protected":false},"excerpt":{"rendered":"<p>O \u00edndice acelerou a 2,58% em janeiro, ap\u00f3s 0,96% em dezembro; alta foi puxada pelos pre\u00e7os no atacado.<\/p>\n","protected":false},"author":7,"featured_media":204374,"comment_status":"closed","ping_status":"open","sticky":false,"template":"","format":"standard","meta":{"_acf_changed":false,"inline_featured_image":false,"footnotes":""},"categories":[5],"tags":[743,52],"autor-wsj":[],"coauthors":[1494],"class_list":["post-204363","post","type-post","status-publish","format-standard","has-post-thumbnail","hentry","category-economia","tag-igp-m","tag-inflacao"],"acf":[],"amp_enabled":true,"_links":{"self":[{"href":"https:\/\/investnews.com.br\/inv-api\/wp\/v2\/posts\/204363","targetHints":{"allow":["GET"]}}],"collection":[{"href":"https:\/\/investnews.com.br\/inv-api\/wp\/v2\/posts"}],"about":[{"href":"https:\/\/investnews.com.br\/inv-api\/wp\/v2\/types\/post"}],"author":[{"embeddable":true,"href":"https:\/\/investnews.com.br\/inv-api\/wp\/v2\/users\/7"}],"replies":[{"embeddable":true,"href":"https:\/\/investnews.com.br\/inv-api\/wp\/v2\/comments?post=204363"}],"version-history":[{"count":3,"href":"https:\/\/investnews.com.br\/inv-api\/wp\/v2\/posts\/204363\/revisions"}],"predecessor-version":[{"id":204732,"href":"https:\/\/investnews.com.br\/inv-api\/wp\/v2\/posts\/204363\/revisions\/204732"}],"wp:featuredmedia":[{"embeddable":true,"href":"https:\/\/investnews.com.br\/inv-api\/wp\/v2\/media\/204374"}],"wp:attachment":[{"href":"https:\/\/investnews.com.br\/inv-api\/wp\/v2\/media?parent=204363"}],"wp:term":[{"taxonomy":"category","embeddable":true,"href":"https:\/\/investnews.com.br\/inv-api\/wp\/v2\/categories?post=204363"},{"taxonomy":"post_tag","embeddable":true,"href":"https:\/\/investnews.com.br\/inv-api\/wp\/v2\/tags?post=204363"},{"taxonomy":"autor-wsj","embeddable":true,"href":"https:\/\/investnews.com.br\/inv-api\/wp\/v2\/autor-wsj?post=204363"},{"taxonomy":"author","embeddable":true,"href":"https:\/\/investnews.com.br\/inv-api\/wp\/v2\/coauthors?post=204363"}],"curies":[{"name":"wp","href":"https:\/\/api.w.org\/{rel}","templated":true}]}}