{"id":20908,"date":"2020-10-01T21:21:55","date_gmt":"2020-10-02T00:21:55","guid":{"rendered":"https:\/\/investnews.com.br\/?p=20908"},"modified":"2025-08-08T16:52:05","modified_gmt":"2025-08-08T19:52:05","slug":"ipea-projeta-inflacao-sob-controle-e-recessao-menor","status":"publish","type":"post","link":"https:\/\/investnews.com.br\/economia\/ipea-projeta-inflacao-sob-controle-e-recessao-menor\/","title":{"rendered":"Ipea projeta infla\u00e7\u00e3o sob controle e recess\u00e3o menor"},"content":{"rendered":"<figure class=\"wp-block-image\"><img decoding=\"async\" src=\"https:\/\/agenciabrasil.ebc.com.br\/ebc.png?id=1389471&#038;o=node\" alt=\"\"><\/figure><figure class=\"wp-block-image size-large\"><img loading=\"lazy\" decoding=\"async\" width=\"1024\" height=\"613\" src=\"https:\/\/media.investnews.com.br\/uploads\/2020\/10\/real_moeda_020120a84t47195205-1024x613.jpg\" alt=\"V\u00e1rias c\u00e9dulas de Real (R$2, R$10, R$20, R$50) sobrepostas em close-up.\" class=\"wp-image-20909\" srcset=\"https:\/\/media.investnews.com.br\/uploads\/2020\/10\/real_moeda_020120a84t47195205-1024x613.jpg 1024w, https:\/\/media.investnews.com.br\/uploads\/2020\/10\/real_moeda_020120a84t47195205-300x179.jpg 300w, https:\/\/media.investnews.com.br\/uploads\/2020\/10\/real_moeda_020120a84t47195205-768x459.jpg 768w, https:\/\/media.investnews.com.br\/uploads\/2020\/10\/real_moeda_020120a84t47195205-172x103.jpg 172w, https:\/\/media.investnews.com.br\/uploads\/2020\/10\/real_moeda_020120a84t47195205-150x90.jpg 150w, https:\/\/media.investnews.com.br\/uploads\/2020\/10\/real_moeda_020120a84t47195205.jpg 1170w\" sizes=\"auto, (max-width: 1024px) 100vw, 1024px\" \/><figcaption>Foto: Marcello Casal Jr\/Ag\u00eancia Brasil<\/figcaption><\/figure><p>O Instituto de Pesquisa Econ\u00f4mica Aplicada (Ipea) reviu a previs\u00e3o de queda do Produto Interno Bruto (PIB) de 6% para 5% em 2020. Segundo o instituto, a infla\u00e7\u00e3o deste ano dever\u00e1 ser de 2,3%, abaixo da meta estabelecida pelo Conselho Monet\u00e1rio Nacional (4%). Essas proje\u00e7\u00f5es est\u00e3o descritas em dois estudos publicados hoje, sobre crescimento econ\u00f4mico e sobre o comportamento dos pre\u00e7os.<\/p><p>A raz\u00e3o da revis\u00e3o da proje\u00e7\u00e3o do PIB est\u00e1 nos indicadores econ\u00f4micos do 3\u00ba trimestre. \u201cEst\u00e3o vindo melhores do que a gente projetava. <strong>A gente projeta que em agosto [os dados da] ind\u00fastria, com\u00e9rcio e servi\u00e7o continuaram vindo bastante positivos, acima de 5%.<\/strong> O com\u00e9rcio com \u00edndices [de crescimento] acima de fevereiro, pr\u00e9-crise\u201d, assinala o diretor de Estudos e Pol\u00edticas Macroecon\u00f4micas do Ipea, Jos\u00e9 Ronaldo Souza J\u00fanior.<\/p><p>Apesar da melhora, o cen\u00e1rio econ\u00f4mico, marcado pela pandemia da Covid-19, ainda exige cautela. O racioc\u00ednio \u00e9 que n\u00e3o \u00e9 poss\u00edvel pensar na economia sem pensar na sa\u00fade. \u201cComo vai se dar a epidemia nos pr\u00f3ximos meses necessariamente tem impacto na atividade econ\u00f4mica\u201d, descreve o diretor. <strong>\u201cUma dissemina\u00e7\u00e3o grande [da Covid-19] e um n\u00famero alto de mortes pode levar a desacelera\u00e7\u00e3o de setores que eventualmente j\u00e1 est\u00e3o se recuperando,<\/strong> principalmente setor de servi\u00e7os, como aqueles prestados \u00e0s fam\u00edlias, que dependem mais da circula\u00e7\u00e3o das pessoas.\u201d<\/p><p><a href=\"https:\/\/investnews.com.br\/economia\/divida-publica-entenda-como-ela-cresceu-na-pandemia-e-por-que-isso-preocupa\/\" class=\"rank-math-link\">Outra preocupa\u00e7\u00e3o \u00e9 com a situa\u00e7\u00e3o fiscal <\/a>e o endividamento do Tesouro Nacional. &#8220;A pandemia trouxe uma alta de gastos bastante acentuada, combinada com a redu\u00e7\u00e3o da atividade econ\u00f4mica &#8211; que impactou na receita tribut\u00e1ria. Com isso, gerou um d\u00e9ficit muito grande esse ano, <a href=\"https:\/\/investnews.com.br\/economia\/divida-publica-entenda-como-ela-cresceu-na-pandemia-e-por-que-isso-preocupa\/\" class=\"rank-math-link\">comprometendo a d\u00edvida p\u00fablica<\/a> e tornando mais urgente a ado\u00e7\u00e3o de medidas relacionadas \u00e0 conten\u00e7\u00e3o de gastos p\u00fablicos\u201d, alerta o economista.<\/p><figure class=\"wp-block-embed-youtube wp-block-embed is-type-video is-provider-youtube wp-embed-aspect-16-9 wp-has-aspect-ratio\"><div class=\"wp-block-embed__wrapper\">\n<iframe loading=\"lazy\" title=\"D\u00edvida p\u00fablica: entenda como cresceu na pandemia e por que isso preocupa\" width=\"500\" height=\"281\" src=\"https:\/\/www.youtube.com\/embed\/Ox_qZYKw4-A?feature=oembed\" frameborder=\"0\" allow=\"accelerometer; autoplay; clipboard-write; encrypted-media; gyroscope; picture-in-picture; web-share\" referrerpolicy=\"strict-origin-when-cross-origin\" allowfullscreen><\/iframe>\n<\/div><\/figure><p>Para Souza J\u00fanior, o governo vai ter que conter os gastos, para que a d\u00edvida p\u00fablica tenha uma trajet\u00f3ria sustent\u00e1vel. Ele sugere a ado\u00e7\u00e3o de \u201cmedidas estruturais\u201d para reverter o problema, como o pacto federativo e da reforma administrativa.<\/p><h2 class=\"wp-block-heading\">Pre\u00e7os e juros<\/h2><p>Apesar da alta do pre\u00e7o de alguns alimentos, a infla\u00e7\u00e3o n\u00e3o preocupa o diretor. Ele acredita que haver\u00e1 reequil\u00edbrio. \u201cO pre\u00e7o alto estimula a oferta. Para os pr\u00f3ximos per\u00edodos, em particular para o ano que vem, \u00e9 de se esperar uma alta na produ\u00e7\u00e3o\u201d, diz se referindo \u00e0 oferta de produtos como arroz. Para outros produtos, o estudo do Ipea aponta que ainda h\u00e1 um grau de ociosidade na economia, o que evita alta de pre\u00e7os.<\/p><p>O diretor do Ipea acredita que o Conselho de Pol\u00edtica Monet\u00e1ria do Banco Central n\u00e3o precise elevar a <a href=\"https:\/\/investnews.com.br\/guias\/taxa-selic\/\">taxa Selic<\/a> por causa da infla\u00e7\u00e3o, e que nas pr\u00f3ximas reuni\u00f5es o <a href=\"https:\/\/investnews.com.br\/guias\/copom-taxa-selic\/\">Copom<\/a> mantenha a taxa <a href=\"https:\/\/investnews.com.br\/economia\/bc-mantem-taxa-selic-em-2-ao-ano\/\" class=\"rank-math-link\">nos atuais 2%.<\/a><\/p><p><strong>Leia tamb\u00e9m: <\/strong><\/p><ul class=\"wp-block-list\"><li><a href=\"https:\/\/investnews.com.br\/economia\/desemprego-e-recorde-e-pode-voltar-aos-niveis-pre-pandemia-so-em-2022\/\" class=\"rank-math-link\">Desemprego \u00e9 recorde e pode voltar aos n\u00edveis pr\u00e9-pandemia s\u00f3 em 2022<\/a><\/li><li><a href=\"https:\/\/investnews.com.br\/economia\/e-dinheiro-na-veia-do-povo-diz-guedes\/\" class=\"rank-math-link\">\u2018\u00c9 dinheiro na veia do povo\u2019, diz Guedes sobre aux\u00edlio emergencial<\/a><\/li><\/ul>\n","protected":false},"excerpt":{"rendered":"<p>Instituto passou a prever queda do PIB de 5% e infla\u00e7\u00e3o de 2,3%.<\/p>\n","protected":false},"author":7,"featured_media":20911,"comment_status":"closed","ping_status":"open","sticky":false,"template":"","format":"standard","meta":{"_acf_changed":false,"inline_featured_image":false,"footnotes":""},"categories":[5],"tags":[53],"autor-wsj":[],"coauthors":[1494],"class_list":["post-20908","post","type-post","status-publish","format-standard","has-post-thumbnail","hentry","category-economia","tag-pib"],"acf":[],"amp_enabled":true,"_links":{"self":[{"href":"https:\/\/investnews.com.br\/inv-api\/wp\/v2\/posts\/20908","targetHints":{"allow":["GET"]}}],"collection":[{"href":"https:\/\/investnews.com.br\/inv-api\/wp\/v2\/posts"}],"about":[{"href":"https:\/\/investnews.com.br\/inv-api\/wp\/v2\/types\/post"}],"author":[{"embeddable":true,"href":"https:\/\/investnews.com.br\/inv-api\/wp\/v2\/users\/7"}],"replies":[{"embeddable":true,"href":"https:\/\/investnews.com.br\/inv-api\/wp\/v2\/comments?post=20908"}],"version-history":[{"count":2,"href":"https:\/\/investnews.com.br\/inv-api\/wp\/v2\/posts\/20908\/revisions"}],"predecessor-version":[{"id":705108,"href":"https:\/\/investnews.com.br\/inv-api\/wp\/v2\/posts\/20908\/revisions\/705108"}],"wp:featuredmedia":[{"embeddable":true,"href":"https:\/\/investnews.com.br\/inv-api\/wp\/v2\/media\/20911"}],"wp:attachment":[{"href":"https:\/\/investnews.com.br\/inv-api\/wp\/v2\/media?parent=20908"}],"wp:term":[{"taxonomy":"category","embeddable":true,"href":"https:\/\/investnews.com.br\/inv-api\/wp\/v2\/categories?post=20908"},{"taxonomy":"post_tag","embeddable":true,"href":"https:\/\/investnews.com.br\/inv-api\/wp\/v2\/tags?post=20908"},{"taxonomy":"autor-wsj","embeddable":true,"href":"https:\/\/investnews.com.br\/inv-api\/wp\/v2\/autor-wsj?post=20908"},{"taxonomy":"author","embeddable":true,"href":"https:\/\/investnews.com.br\/inv-api\/wp\/v2\/coauthors?post=20908"}],"curies":[{"name":"wp","href":"https:\/\/api.w.org\/{rel}","templated":true}]}}