{"id":21058,"date":"2020-10-05T08:59:11","date_gmt":"2020-10-05T11:59:11","guid":{"rendered":"https:\/\/investnews.com.br\/?p=21058"},"modified":"2024-06-26T12:17:33","modified_gmt":"2024-06-26T15:17:33","slug":"5-fatos-para-hoje-faltam-insumos-para-industria-apple-reabre-lojas","status":"publish","type":"post","link":"https:\/\/investnews.com.br\/economia\/5-fatos-para-hoje-faltam-insumos-para-industria-apple-reabre-lojas\/","title":{"rendered":"5 fatos para hoje: faltam insumos para ind\u00fastria; Apple reabre lojas"},"content":{"rendered":"\n<h2 class=\"wp-block-heading\">1 &#8211; Ind\u00fastria sente falta de insumos e pode at\u00e9 parar<\/h2>\n\n\n\n<p><strong>Para 75% das empresas, a desvaloriza\u00e7\u00e3o cambial \u00e9 o principal fator que gerou aumento de custos de componentes e mat\u00e9rias-primas<\/strong>, segundo sondagem de agosto da Associa\u00e7\u00e3o Brasileira da Ind\u00fastria El\u00e9trica e Eletr\u00f4nica (Abinee), que re\u00fane os fabricantes de equipamentos e componentes el\u00e9tricos, para diversos setores industriais.<\/p>\n\n\n\n<p>&#8220;<strong>Ningu\u00e9m esperava a volta t\u00e3o r\u00e1pida da atividade, e os fornecedores estrangeiros aumentaram os pre\u00e7os<\/strong>&#8220;, segundo o presidente da Abinee, <strong>Humberto Barbato<\/strong>. Ele diz que os aumentos para resina pl\u00e1stica e cobre variam entre 30% e 40%.<\/p>\n\n\n\n<p>Na ind\u00fastria qu\u00edmica, a hist\u00f3ria se repete. <strong>F\u00e1tima Giovanna Coviello Ferreira<\/strong>, diretora de Economia da Abiquim, tamb\u00e9m se surpreendeu com a velocidade da recupera\u00e7\u00e3o. A ind\u00fastria qu\u00edmica \u00e9 base de in\u00fameras cadeias de produ\u00e7\u00e3o. &#8220;<strong>N\u00e3o \u00e9 s\u00f3 recomposi\u00e7\u00e3o de estoques, tem aumento real da demanda<\/strong>, mas n\u00e3o sabemos se \u00e9 sustent\u00e1vel.&#8221;<\/p>\n\n\n\n<h2 class=\"wp-block-heading\">2 &#8211; Demanda da Gol cai 71,5% no 3\u00ba trimestre ante 1 ano, mas sobe perante agosto<\/h2>\n\n\n\n<p><strong>No terceiro trimestre de 2020, a Gol (<a class=\"rank-math-link\" href=\"https:\/\/investnews.com.br\/cotacao\/goll4-gol-linhas-aereas-inteligentes\/\">GOLL4<\/a>) viu a <a href=\"https:\/\/investnews.com.br\/financas\/veja-as-5-acoes-que-mais-subiram-e-cairam-na-semana-10\/\" class=\"rank-math-link\">demanda por seus voos (RPKs, na sigla em ingl\u00eas) cair 71,5%<\/a> na compara\u00e7\u00e3o com o mesmo per\u00edodo de 2019<\/strong>. A oferta de assentos (ASKs), por sua vez, teve recuo de 70,2% na mesma compara\u00e7\u00e3o. O n\u00famero de passageiros transportados pela empresa no per\u00edodo foi 73,1% menor, chegando a 2,604 milh\u00f5es, e a taxa de ocupa\u00e7\u00e3o caiu 3,6 pontos porcentuais, para 79,3%. As informa\u00e7\u00f5es est\u00e3o na pr\u00e9via operacional de setembro, divulgada nesta segunda-feira pela a\u00e9rea.<\/p>\n\n\n\n<p><strong>No m\u00eas passado, a demanda pelos voos da companhia cresceu 36% na compara\u00e7\u00e3o com agosto<\/strong>, e a oferta se expandiu em 35%. No entanto, com o impacto da pandemia da covid-19, os n\u00fameros ainda apresentam forte queda na compara\u00e7\u00e3o anual.<\/p>\n\n\n\n<p>A demanda em setembro foi 60,6% menor do que no mesmo m\u00eas do ano passado, e a oferta de assentos caiu 60%. Os n\u00fameros foram impactados pelas opera\u00e7\u00f5es internacionais &#8211; a Gol n\u00e3o tem realizado voos para fora do Brasil. <strong>No mercado dom\u00e9stico, demanda e oferta apresentaram baixas de 54,4% e 53,3%, respectivamente<\/strong>. A taxa de ocupa\u00e7\u00e3o, de 80%, foi 2,1 ponto porcentual menor do que um ano antes no mercado interno, e 1,3 p.p. menor considerando-se toda a malha.<\/p>\n\n\n\n<h2 class=\"wp-block-heading\">3 &#8211; Apple reabre lojas, mas s\u00f3 atende com hora marcada<\/h2>\n\n\n\n<p>A <a href=\"https:\/\/investnews.com.br\/negocios\/historia-da-apple\/\">Apple<\/a> vai reabrir suas lojas no Brasil. As unidades estavam fechados desde mar\u00e7o, quando as medidas de distanciamento social come\u00e7aram a ser adotadas no Pa\u00eds. <strong>O retorno come\u00e7ou ontem, nas duas lojas que a empresa tem por aqui &#8211; em S\u00e3o Paulo (Shopping Morumbi) e no Rio de Janeiro (Village Mall)<\/strong>.<\/p>\n\n\n\n<p><strong>LEIA MAIS: <a class=\"rank-math-link\" href=\"https:\/\/investnews.com.br\/negocios\/apple-perde-quase-us-180-bi-em-valor-de-mercado-maior-perda-diaria-da-historia\/\">Apple perde quase US$ 180 bi em valor de mercado, maior perda di\u00e1ria da hist\u00f3ria<\/a><\/strong><\/p>\n\n\n\n<p>&#8220;Estamos ansiosos para come\u00e7ar a receber visitantes de volta \u00e0s nossas lojas no Brasil esta semana. Sentimos falta de nossos clientes brasileiros e estamos ansiosos para oferecer nosso suporte&#8221;, declarou a empresa, em comunicado enviado ao&nbsp;&#8220;Estad\u00e3o&#8221;.<\/p>\n\n\n\n<p>O retorno, por\u00e9m, ter\u00e1 diversas regras: segundo a empresa, <strong>os visitantes s\u00f3 poder\u00e3o ir \u00e0s lojas com hora marcada, seja para fazer compras, consultar a assist\u00eancia t\u00e9cnica ou retirar itens em conserto<\/strong>. Quem for \u00e0 loja sem marcar hora pelo site da empresa n\u00e3o poder\u00e1 entrar.<\/p>\n\n\n\n<h2 class=\"wp-block-heading\">4 &#8211; Institui\u00e7\u00f5es aptas para o Pix saltam de 11 a quase 700<\/h2>\n\n\n\n<p><strong>O Banco Central habilitou 677 bancos, fintechs e cooperativas para o lan\u00e7amento do <a href=\"https:\/\/investnews.com.br\/guias\/pix\/\">Pix<\/a>, nova ferramenta de pagamentos instant\u00e2neos criada pela institui\u00e7\u00e3o<\/strong>. At\u00e9 o in\u00edcio da noite da \u00faltima quinta-feira, o BC havia publicado o aval para apenas 11 institui\u00e7\u00f5es come\u00e7arem a operar o novo sistema de pagamentos.<\/p>\n\n\n\n<p>O prazo para a institui\u00e7\u00e3o conseguir permiss\u00e3o para participar da primeira fase de cadastramento das chaves dos usu\u00e1rios do Pix acabou na \u00faltima sexta-feira. <strong><a class=\"rank-math-link\" href=\"https:\/\/investnews.com.br\/economia\/pix-libera-as-chaves-veja-15-respostas-para-entender-antes-de-se-cadastrar\/\">J\u00e1 o processo de cadastramento das chaves dos clientes interessados em utilizar o sistema come\u00e7a hoje<\/a><\/strong>.<\/p>\n\n\n\n<p>Nos \u00faltimos dias, v\u00e1rias institui\u00e7\u00f5es abriram cadastros pr\u00e9vios, mas a efetiva\u00e7\u00e3o tem in\u00edcio a partir desta segunda-feira. Para isso, por\u00e9m, as institui\u00e7\u00f5es precisam de aprova\u00e7\u00e3o. <strong>Em 16 de novembro, o Pix come\u00e7a efetivamente a operar<\/strong>.<\/p>\n\n\n\n<h2 class=\"wp-block-heading\">5 &#8211; Jovens s\u00e3o os mais afetados na segunda recess\u00e3o em 5 anos<\/h2>\n\n\n\n<p><strong>Os brasileiros de 15 a 19 anos s\u00e3o os que tiveram o maior recuo na renda entre 2015 e 2019, com queda de 24%<\/strong>. Entre os de 20 a 24 anos, a perda foi de 11%.<\/p>\n\n\n\n<p>Agora, os jovens est\u00e3o novamente entre os mais atingidos pela recess\u00e3o e o desemprego provocados pela covid-19. <strong>Entre o primeiro e o segundo trimestre de 2020, esses grupos perderam 34,2% e 26% da renda<\/strong>, respectivamente, de acordo com o Centro de Pol\u00edticas Sociais da Funda\u00e7\u00e3o Get\u00falio Vargas (FGV Social). No segundo trimestre deste ano, enquanto a taxa geral de desemprego no Pa\u00eds era de 13,3%, entre a popula\u00e7\u00e3o de 18 a 24 anos ela alcan\u00e7ou 29,7%.<\/p>\n\n\n\n<p><strong>O desemprego \u00e9 historicamente mais alto entre os jovens, mas a dist\u00e2ncia entre a m\u00e9dia do Pa\u00eds e a registrada entre eles aumentou na crise de 2015\/2016 e nunca mais voltou ao n\u00edvel anterior<\/strong>. Estudos mostram que o mercado de trabalho prec\u00e1rio no in\u00edcio de carreira pode comprometer sal\u00e1rio desses profissionais por toda sua trajet\u00f3ria, fen\u00f4meno chamado de &#8220;efeito cicatriz&#8221;.<\/p>\n\n\n\n<p><em>*Com Estad\u00e3o Cont\u00e9udo<\/em><\/p>\n","protected":false},"excerpt":{"rendered":"<p>Como uma medida de seguran\u00e7a, o cliente deve marcar hora antes de ser atendido.<\/p>\n","protected":false},"author":17,"featured_media":3674,"comment_status":"closed","ping_status":"open","sticky":false,"template":"","format":"standard","meta":{"_acf_changed":false,"inline_featured_image":false,"footnotes":""},"categories":[5],"tags":[56,329,1744,817],"autor-wsj":[],"coauthors":[1498],"class_list":["post-21058","post","type-post","status-publish","format-standard","has-post-thumbnail","hentry","category-economia","tag-banco-central","tag-apple","tag-pix","tag-producao-industrial"],"acf":[],"amp_enabled":true,"_links":{"self":[{"href":"https:\/\/investnews.com.br\/inv-api\/wp\/v2\/posts\/21058","targetHints":{"allow":["GET"]}}],"collection":[{"href":"https:\/\/investnews.com.br\/inv-api\/wp\/v2\/posts"}],"about":[{"href":"https:\/\/investnews.com.br\/inv-api\/wp\/v2\/types\/post"}],"author":[{"embeddable":true,"href":"https:\/\/investnews.com.br\/inv-api\/wp\/v2\/users\/17"}],"replies":[{"embeddable":true,"href":"https:\/\/investnews.com.br\/inv-api\/wp\/v2\/comments?post=21058"}],"version-history":[{"count":5,"href":"https:\/\/investnews.com.br\/inv-api\/wp\/v2\/posts\/21058\/revisions"}],"predecessor-version":[{"id":21067,"href":"https:\/\/investnews.com.br\/inv-api\/wp\/v2\/posts\/21058\/revisions\/21067"}],"wp:featuredmedia":[{"embeddable":true,"href":"https:\/\/investnews.com.br\/inv-api\/wp\/v2\/media\/3674"}],"wp:attachment":[{"href":"https:\/\/investnews.com.br\/inv-api\/wp\/v2\/media?parent=21058"}],"wp:term":[{"taxonomy":"category","embeddable":true,"href":"https:\/\/investnews.com.br\/inv-api\/wp\/v2\/categories?post=21058"},{"taxonomy":"post_tag","embeddable":true,"href":"https:\/\/investnews.com.br\/inv-api\/wp\/v2\/tags?post=21058"},{"taxonomy":"autor-wsj","embeddable":true,"href":"https:\/\/investnews.com.br\/inv-api\/wp\/v2\/autor-wsj?post=21058"},{"taxonomy":"author","embeddable":true,"href":"https:\/\/investnews.com.br\/inv-api\/wp\/v2\/coauthors?post=21058"}],"curies":[{"name":"wp","href":"https:\/\/api.w.org\/{rel}","templated":true}]}}