{"id":21187,"date":"2020-10-06T08:48:09","date_gmt":"2020-10-06T11:48:09","guid":{"rendered":"https:\/\/investnews.com.br\/?p=21187"},"modified":"2024-06-26T12:17:32","modified_gmt":"2024-06-26T15:17:32","slug":"5-fatos-para-saber-hoje-fmi-melhora-projecao-do-pib-maia-e-guedes-se-recompoem","status":"publish","type":"post","link":"https:\/\/investnews.com.br\/economia\/5-fatos-para-saber-hoje-fmi-melhora-projecao-do-pib-maia-e-guedes-se-recompoem\/","title":{"rendered":"5 fatos para saber hoje: FMI melhora proje\u00e7\u00e3o do PIB; Maia e Guedes se recomp\u00f5em"},"content":{"rendered":"\n<h2 class=\"wp-block-heading\">1 &#8211; FMI melhora proje\u00e7\u00e3o e prev\u00ea recuo de 5,8% para economia brasileira<\/h2>\n\n\n\n<p><strong>A previs\u00e3o de contra\u00e7\u00e3o da economia brasileira neste ano <a class=\"rank-math-link\" href=\"https:\/\/investnews.com.br\/economia\/retomada-do-brasil-no-pos-covid-deve-ser-mais-lenta-que-em-90-dos-paises\/\">passou de 9,1%<\/a> pra 5,8%<\/strong>, divulgou\u00a0ontem (5) o Fundo Monet\u00e1rio Internacional (<strong>FMI<\/strong>). Para 2021, o \u00f3rg\u00e3o prev\u00ea crescimento de 2,8%.<\/p>\n\n\n\n<p>A melhoria nas proje\u00e7\u00f5es consta do informe peri\u00f3dico Artigo 4, publica\u00e7\u00e3o do fundo com informa\u00e7\u00f5es sobre a economia brasileira. <strong>O documento traz elogios ao governo brasileiro, especialmente a programas de sustenta\u00e7\u00e3o da renda como o aux\u00edlio emergencial<\/strong>, mas adverte para riscos na administra\u00e7\u00e3o da d\u00edvida p\u00fablica, especialmente se o teto federal de gastos for abolido.<\/p>\n\n\n\n<p>Segundo o relat\u00f3rio, o pagamento do aux\u00edlio emergencial para cerca de um\u00a0ter\u00e7o da popula\u00e7\u00e3o brasileira e outros programas de est\u00edmulo ajudaram a evitar uma queda mais abrupta da economia ap\u00f3s a pandemia do novo coronav\u00edrus. \u201c<strong>Uma resposta en\u00e9rgica evitou uma recess\u00e3o mais profunda<\/strong>, estabilizou os mercados financeiros e amorteceu os efeitos da pandemia nos mais pobres e vulner\u00e1veis\u201d, destacou o texto.<\/p>\n\n\n\n<h2 class=\"wp-block-heading\">2 &#8211; Maia pede desculpas a Guedes e fala em retomar uni\u00e3o por reformas<\/h2>\n\n\n\n<p>Ap\u00f3s serem protagonistas de um conflito p\u00fablico, <strong>o presidente da C\u00e2mara, Rodrigo Maia (DEM-RJ), e o ministro da Economia, Paulo Guedes, levantaram a bandeira branca <\/strong>nesta segunda-feira (5) e prometeram uni\u00e3o pelo andamento da agenda econ\u00f4mica no Congresso.<\/p>\n\n\n\n<p>Ap\u00f3s jantar com ministros e parlamentares na resid\u00eancia do ministro <strong>Bruno Dantas<\/strong>, do Tribunal de Contas da Uni\u00e3o (TCU), <strong>Maia pediu desculpas publicamente a Guedes pelas declara\u00e7\u00f5es feitas na semana passada<\/strong>. Maia refor\u00e7ou que \u00e9 preciso dar andamento \u00e0s <strong>reformas tribut\u00e1ria e administrativa<\/strong> e tirar um <strong>programa de renda m\u00ednima<\/strong> do papel sem comprometer o teto de gastos.<\/p>\n\n\n\n<p>&#8220;O teto de gastos \u00e9 a primeira de nossa urg\u00eancias porque com a regulamenta\u00e7\u00e3o do teto a gente resolve o programa social&#8221;, disse Maia, em declara\u00e7\u00e3o \u00e0 imprensa, ap\u00f3s o jantar.<\/p>\n\n\n\n<p>Na semana passada, o presidente da C\u00e2mara chegou a chamar o ministro de <a class=\"rank-math-link\" href=\"https:\/\/investnews.com.br\/geral\/5-fatos-para-saber-hoje-prorrogacao-do-corte-de-salarios-recuperacao-europeia\/\">&#8220;desequilibrado&#8221;<\/a> ap\u00f3s Guedes falar que Maia estava articulando com a oposi\u00e7\u00e3o obst\u00e1culos a privatiza\u00e7\u00f5es. &#8220;<strong>Semana passada at\u00e9, deixo aqui meu pedido de desculpas, fui indelicado e grosseiro e (isso) n\u00e3o \u00e9 do meu feitio.<\/strong>&#8220;<\/p>\n\n\n\n<h2 class=\"wp-block-heading\">3 &#8211; Foram feitos 3,5 milh\u00f5es de cadastros de chaves do Pix, diz BC<\/h2>\n\n\n\n<p>Nesta segunda-feira (5), <strong>o Banco Central informou, por meio de sua assessoria de imprensa, que registrou at\u00e9 as 18h30 de ontem um total de 3,5 milh\u00f5es de cadastros de chaves no <a href=\"https:\/\/investnews.com.br\/guias\/pix\/\">Pix<\/a><\/strong> &#8211; o sistema brasileiro de pagamentos instant\u00e2neos. Hoje \u00e9 o primeiro dia de cadastramento das chaves. N\u00e3o h\u00e1 prazo para terminar. A avalia\u00e7\u00e3o do BC \u00e9 de que os n\u00fameros representam um sucesso para o primeiro dia de cadastro de chaves.<\/p>\n\n\n\n<p><strong>LEIA MAIS: <a class=\"rank-math-link\" href=\"https:\/\/investnews.com.br\/economia\/pix-libera-as-chaves-veja-15-respostas-para-entender-antes-de-se-cadastrar\/\">PIX libera as \u2018chaves\u2019: veja 15 respostas para saber antes de se cadastrar<\/a><\/strong><\/p>\n\n\n\n<p>Desde a manh\u00e3 de hoje, alguns clientes vinham reclamado nas redes sociais de <strong>dificuldades para acessar alguns aplicativos de bancos<\/strong>. A chave de usu\u00e1rio \u00e9 um identificador de contas do Pix. O cliente pode cadastrar um n\u00famero de celular, e-mail, CPF, CNPJ ou um EVP (uma sequ\u00eancia de 32 d\u00edgitos a ser solicitada no banco). <strong>Por meio da chave, ser\u00e1 poss\u00edvel receber pagamentos e transfer\u00eancias 24 horas por dia, 7 dias por semana, todos os dias do ano<\/strong>. O sistema come\u00e7ar\u00e1 a funcionar em 16 de novembro.<\/p>\n\n\n\n<h2 class=\"wp-block-heading\">4 &#8211; Latam \u00e9 1\u00aa empresa no pa\u00eds a negociar redu\u00e7\u00e3o permanente de sal\u00e1rios<\/h2>\n\n\n\n<p><strong>Os aeronautas da Latam aceitaram que o Sindicato Nacional dos Aeronautas (SNA) inicie negocia\u00e7\u00f5es com a empresa para a redu\u00e7\u00e3o permanente dos sal\u00e1rios da tripula\u00e7\u00e3o<\/strong>, na esteira da crise provocada pela pandemia. A delibera\u00e7\u00e3o em favor das conversas saiu na \u00faltima sexta-feira (2) com o fim de uma vota\u00e7\u00e3o interna com os associados.<\/p>\n\n\n\n<p><strong>CAFE\u00cdNA: <a class=\"rank-math-link\" href=\"https:\/\/investnews.com.br\/cafeina\/gol-azul-e-latam-vao-quebrar-samy-e-dony-analisam-o-futuro-das-aereas\/\">Gol, Azul e Latam v\u00e3o quebrar? Samy e Dony analisam o futuro das a\u00e9reas<\/a><\/strong><\/p>\n\n\n\n<p>A redu\u00e7\u00e3o de sal\u00e1rios passou a ser permitida com a entrada em vigor da <strong>reforma trabalhista<\/strong>, em 2017, desde que intermediada pelo sindicato da categoria. Mas \u00e9 uma pr\u00e1tica ainda bem pouco comum. De acordo com o Tribunal Superior do Trabalho (TST), <strong>apenas a Latam e o SNA negociam esse tipo de corte de sal\u00e1rios no tribunal<\/strong>.<\/p>\n\n\n\n<p>A Latam e a categoria travam uma disputa h\u00e1 meses por causa do tema. <strong>Enquanto Gol e Azul negociaram com seus tripulantes redu\u00e7\u00f5es tempor\u00e1rias por causa da pandemia, a Latam quer o corte definitivo<\/strong>. A argumenta\u00e7\u00e3o da empresa \u00e9 que, por ser a mais antiga, tem sal\u00e1rios superiores. A categoria, entretanto, havia negado qualquer tipo de conversa nessa dire\u00e7\u00e3o e, <strong>no fim de julho, a Latam anunciou a demiss\u00e3o de 2,7 mil tripulantes<\/strong>.<\/p>\n\n\n\n<h2 class=\"wp-block-heading\">5 &#8211; Pre\u00e7o dos im\u00f3veis registra alta em setembro, diz Fipezap<\/h2>\n\n\n\n<p>A despeito da crise econ\u00f4mica provocada pela pandemia do novo coronav\u00edrus, o <a class=\"rank-math-link\" href=\"https:\/\/investnews.com.br\/negocios\/gigante-americana-greystar-chega-ao-pais-para-construir-imoveis-para-alugar\/\">mercado imobili\u00e1rio<\/a> tem mostrado uma recupera\u00e7\u00e3o significativa. <strong>O pre\u00e7o anunciado m\u00e9dio dos im\u00f3veis residenciais no Pa\u00eds teve em setembro a maior alta para o m\u00eas em seis anos<\/strong>. O valor pedido de venda das moradias <strong>subiu 0,53% em setembro<\/strong>, mostrando acelera\u00e7\u00e3o da alta em rela\u00e7\u00e3o a agosto, quando cresceu 0,37%. No acumulado deste ano, os pre\u00e7os j\u00e1 aumentaram 2,31%.<\/p>\n\n\n\n<p>Os dados s\u00e3o do \u00cdndice Fipezap, pesquisa realizada pela Funda\u00e7\u00e3o Instituto de Pesquisas Econ\u00f4micas (Fipe) com base nos an\u00fancios online em 50 cidades.<\/p>\n\n\n\n<p>O levantamento mostra que <strong>a oscila\u00e7\u00e3o dos pre\u00e7os anunciados no mercado imobili\u00e1rio bateu a infla\u00e7\u00e3o projetada para o m\u00eas de setembro (0,43%) e para o acumulado do ano (1,13%)<\/strong>, considerando estimativas de economistas compiladas pelo <a href=\"https:\/\/investnews.com.br\/guias\/boletim-focus-entenda-o-que-e\/\">Boletim Focus<\/a>, do Banco Central (BC).<\/p>\n\n\n\n<p>O resultado surpreendeu o coordenador da pesquisa, <strong>Eduardo Zylberstajn<\/strong>. &#8220;Com a chegada da pandemia, <strong>em mar\u00e7o e abril, era dif\u00edcil encontrar algu\u00e9m que imaginasse uma alta no mercado imobili\u00e1rio como estamos vendo hoje<\/strong>&#8220;, comentou.<\/p>\n\n\n\n<p><em>*Com Ag\u00eancia Brasil e Estad\u00e3o Conte\u00fado<\/em><\/p>\n","protected":false},"excerpt":{"rendered":"<p>O ministro da economia e o presidente da C\u00e2mara deram sinais de que est\u00e3o mais comprometidos com as reformas.<\/p>\n","protected":false},"author":17,"featured_media":11655,"comment_status":"closed","ping_status":"open","sticky":false,"template":"","format":"standard","meta":{"_acf_changed":false,"inline_featured_image":false,"footnotes":""},"categories":[5],"tags":[56,923,995,181,52,845,778,154,347,53,1744,432,1719],"autor-wsj":[],"coauthors":[1498],"class_list":["post-21187","post","type-post","status-publish","format-standard","has-post-thumbnail","hentry","category-economia","tag-banco-central","tag-coronavoucher","tag-divida-publica","tag-gol","tag-inflacao","tag-latam","tag-mercado-imobiliario","tag-azul","tag-paulo-guedes","tag-pib","tag-pix","tag-reforma-tributaria","tag-teto-de-gastos"],"acf":[],"amp_enabled":true,"_links":{"self":[{"href":"https:\/\/investnews.com.br\/inv-api\/wp\/v2\/posts\/21187","targetHints":{"allow":["GET"]}}],"collection":[{"href":"https:\/\/investnews.com.br\/inv-api\/wp\/v2\/posts"}],"about":[{"href":"https:\/\/investnews.com.br\/inv-api\/wp\/v2\/types\/post"}],"author":[{"embeddable":true,"href":"https:\/\/investnews.com.br\/inv-api\/wp\/v2\/users\/17"}],"replies":[{"embeddable":true,"href":"https:\/\/investnews.com.br\/inv-api\/wp\/v2\/comments?post=21187"}],"version-history":[{"count":2,"href":"https:\/\/investnews.com.br\/inv-api\/wp\/v2\/posts\/21187\/revisions"}],"predecessor-version":[{"id":21189,"href":"https:\/\/investnews.com.br\/inv-api\/wp\/v2\/posts\/21187\/revisions\/21189"}],"wp:featuredmedia":[{"embeddable":true,"href":"https:\/\/investnews.com.br\/inv-api\/wp\/v2\/media\/11655"}],"wp:attachment":[{"href":"https:\/\/investnews.com.br\/inv-api\/wp\/v2\/media?parent=21187"}],"wp:term":[{"taxonomy":"category","embeddable":true,"href":"https:\/\/investnews.com.br\/inv-api\/wp\/v2\/categories?post=21187"},{"taxonomy":"post_tag","embeddable":true,"href":"https:\/\/investnews.com.br\/inv-api\/wp\/v2\/tags?post=21187"},{"taxonomy":"autor-wsj","embeddable":true,"href":"https:\/\/investnews.com.br\/inv-api\/wp\/v2\/autor-wsj?post=21187"},{"taxonomy":"author","embeddable":true,"href":"https:\/\/investnews.com.br\/inv-api\/wp\/v2\/coauthors?post=21187"}],"curies":[{"name":"wp","href":"https:\/\/api.w.org\/{rel}","templated":true}]}}