{"id":213,"date":"2020-01-10T08:59:10","date_gmt":"2020-01-10T11:59:10","guid":{"rendered":"https:\/\/beta.investnews.com.br\/?p=213"},"modified":"2024-06-26T12:30:39","modified_gmt":"2024-06-26T15:30:39","slug":"ira-nega-que-aviao-ucraniano-que-caiu-em-teera-tenha-sido-atingido-por-missil","status":"publish","type":"post","link":"https:\/\/investnews.com.br\/economia\/ira-nega-que-aviao-ucraniano-que-caiu-em-teera-tenha-sido-atingido-por-missil\/","title":{"rendered":"Ir\u00e3 nega que avi\u00e3o que caiu tenha sido atingido"},"content":{"rendered":"\n<p><em>Por Estad\u00e3o Conte\u00fado<\/em><\/p>\n\n\n\n<p>O Ir\u00e3 negou nesta sexta(10) as acusa\u00e7\u00f5es de que um avi\u00e3o ucraniano fabricado pela Boeing, que caiu em Teer\u00e3 na \u00faltima quarta (8), foi derrubado por um m\u00edssil iraniano. O pa\u00eds tamb\u00e9m pediu aos Estados Unidos e Canad\u00e1, que afirmaram que h\u00e1 evid\u00eancias de que essa seria a explica\u00e7\u00e3o para a queda, que compartilhassem qualquer informa\u00e7\u00e3o que tivessem sobre o ocorrido, que matou 176 pessoas.<\/p>\n\n\n\n<p>&#8220;O que \u00e9 \u00f3bvio para n\u00f3s, e o que podemos dizer com certeza, \u00e9 que nenhum m\u00edssil atingiu o avi\u00e3o&#8221;, disse Ali Abedzadeh, chefe do Departamento de Avia\u00e7\u00e3o nacional do Ir\u00e3, em entrevista coletiva. &#8220;Se eles realmente t\u00eam certeza, devem vir e mostrar suas descobertas ao mundo&#8221;, de acordo com os padr\u00f5es internacionais, acrescentou.<\/p>\n\n\n\n<p>Ontem, l\u00edderes de pa\u00edses ocidentais como os EUA e o Canad\u00e1 disseram que o avi\u00e3o parecia ter sido atingido acidentalmente por um m\u00edssil perto de Teer\u00e3, poucas horas depois de o Ir\u00e3 lan\u00e7ar uma s\u00e9rie de m\u00edsseis em duas bases usadas por for\u00e7as americanas no Iraque. O ataque iraniano \u00e0s bases iraquianas veio na sequ\u00eancia de um bombardeio americano ter matado o general Qassim Suleimani.<\/p>\n\n\n\n<p>Hassan Rezaeifar, chefe da equipe de investiga\u00e7\u00e3o iraniana, disse na mesma entrevista que a recupera\u00e7\u00e3o de dados dos gravadores de caixas-pretas poderia levar mais de um m\u00eas e que toda a investiga\u00e7\u00e3o poderia se estender at\u00e9 o pr\u00f3ximo ano. <\/p>\n","protected":false},"excerpt":{"rendered":"<p>Queda ocorreu horas depois do Ir\u00e3 disparar m\u00edsseis contra uma base de tropas americanas no Iraque<\/p>\n","protected":false},"author":7,"featured_media":214,"comment_status":"open","ping_status":"open","sticky":false,"template":"","format":"standard","meta":{"_acf_changed":false,"inline_featured_image":false,"footnotes":""},"categories":[5],"tags":[],"autor-wsj":[],"coauthors":[],"class_list":["post-213","post","type-post","status-publish","format-standard","has-post-thumbnail","hentry","category-economia"],"acf":[],"amp_enabled":true,"_links":{"self":[{"href":"https:\/\/investnews.com.br\/inv-api\/wp\/v2\/posts\/213","targetHints":{"allow":["GET"]}}],"collection":[{"href":"https:\/\/investnews.com.br\/inv-api\/wp\/v2\/posts"}],"about":[{"href":"https:\/\/investnews.com.br\/inv-api\/wp\/v2\/types\/post"}],"author":[{"embeddable":true,"href":"https:\/\/investnews.com.br\/inv-api\/wp\/v2\/users\/7"}],"replies":[{"embeddable":true,"href":"https:\/\/investnews.com.br\/inv-api\/wp\/v2\/comments?post=213"}],"version-history":[{"count":2,"href":"https:\/\/investnews.com.br\/inv-api\/wp\/v2\/posts\/213\/revisions"}],"predecessor-version":[{"id":366,"href":"https:\/\/investnews.com.br\/inv-api\/wp\/v2\/posts\/213\/revisions\/366"}],"wp:featuredmedia":[{"embeddable":true,"href":"https:\/\/investnews.com.br\/inv-api\/wp\/v2\/media\/214"}],"wp:attachment":[{"href":"https:\/\/investnews.com.br\/inv-api\/wp\/v2\/media?parent=213"}],"wp:term":[{"taxonomy":"category","embeddable":true,"href":"https:\/\/investnews.com.br\/inv-api\/wp\/v2\/categories?post=213"},{"taxonomy":"post_tag","embeddable":true,"href":"https:\/\/investnews.com.br\/inv-api\/wp\/v2\/tags?post=213"},{"taxonomy":"autor-wsj","embeddable":true,"href":"https:\/\/investnews.com.br\/inv-api\/wp\/v2\/autor-wsj?post=213"},{"taxonomy":"author","embeddable":true,"href":"https:\/\/investnews.com.br\/inv-api\/wp\/v2\/coauthors?post=213"}],"curies":[{"name":"wp","href":"https:\/\/api.w.org\/{rel}","templated":true}]}}