{"id":213362,"date":"2021-01-29T08:19:08","date_gmt":"2021-01-29T11:19:08","guid":{"rendered":"https:\/\/investnews.com.br\/?p=213362"},"modified":"2021-01-29T10:02:40","modified_gmt":"2021-01-29T13:02:40","slug":"risco-de-crescimento-menor-com-inflacao-alta-e-maior-desafio-da-equipe-economica","status":"publish","type":"post","link":"https:\/\/investnews.com.br\/economia\/risco-de-crescimento-menor-com-inflacao-alta-e-maior-desafio-da-equipe-economica\/","title":{"rendered":"Crescimento menor com infla\u00e7\u00e3o alta \u00e9 maior desafio da equipe econ\u00f4mica"},"content":{"rendered":"\n<p>O risco de <strong>crescimento n\u00e3o t\u00e3o robusto no curto prazo com infla\u00e7\u00e3o em alta \u00e9 o maior desafio da equipe econ\u00f4mica e do <a class=\"rank-math-link\" href=\"https:\/\/investnews.com.br\/economia\/campos-neto-destaca-recuperacao-desigual-entre-setores-e-paises-no-mundo\/\">Banco Central<\/a><\/strong>, disse nesta quinta-feira o presidente do BC, Roberto Campos Neto, pontuando que esses dois fatores melhorariam com credibilidade.<\/p>\n\n\n\n<p>Em evento virtual da assessoria de investimentos Monte Bravo, Campos Neto afirmou que <strong>v\u00e1rios componentes por tr\u00e1s da press\u00e3o inflacion\u00e1ria recente no pa\u00eds s\u00e3o tempor\u00e1rios<\/strong>, mas que j\u00e1 h\u00e1 um efeito &#8220;contamina\u00e7\u00e3o&#8221;.<\/p>\n\n\n\n<p><strong>LEIA MAIS: <a class=\"rank-math-link\" href=\"https:\/\/investnews.com.br\/economia\/igp-m-acumula-inflacao-de-2571-em-12-meses-revela-pesquisa-da-fgv\/\">IGP-M acumula infla\u00e7\u00e3o de 25,71% em 12 meses, revela pesquisa da FGV<\/a><\/strong><\/p>\n\n\n\n<p>Nesse contexto, Campos Neto defendeu ainda a import\u00e2ncia de avan\u00e7os na <strong>agenda de reformas<\/strong> e reiterou que o governo enfrentaria limita\u00e7\u00f5es para adotar medidas adicionais de enfrentamento \u00e0 pandemia da Covid-19 que envolvessem <strong>gastos, sem uma contrapartida do lado das despesas<\/strong>.<\/p>\n\n\n\n<p>&#8220;Localmente, a gente tem a\u00ed o desafio, que \u00e9 um desafio mais dif\u00edcil para o Banco Central, mais dif\u00edcil para equipe econ\u00f4mica, que voc\u00ea pode ter no curto prazo um crescimento n\u00e3o t\u00e3o robusto, mas uma infla\u00e7\u00e3o subindo. <strong>O que faz esse par ordenado melhorar \u00e9 a <a class=\"rank-math-link\" href=\"https:\/\/investnews.com.br\/economia\/estrangeiro-esta-cetico-com-rumos-do-brasil-diz-estrategista-do-deutsche-bank\/\">credibilidade<\/a><\/strong>&#8220;, disse o presidente do BC.<\/p>\n\n\n\n<p>Ao comentar a <strong>exclus\u00e3o do forward guidance<\/strong> do comunicado do Comit\u00ea de Pol\u00edtica Monet\u00e1ria (<a href=\"https:\/\/investnews.com.br\/guias\/copom-taxa-selic\/\">Copom<\/a>), mecanismo pelo qual o BC mantinha o compromisso de n\u00e3o elevar os juros desde que algumas condi\u00e7\u00f5es estivessem satisfeitas, Campos Neto afirmou que a autoridade monet\u00e1ria entendeu que a ferramenta n\u00e3o cabia mais dentro do <strong>contexto de proje\u00e7\u00f5es de infla\u00e7\u00e3o<\/strong>.<\/p>\n\n\n\n<p>Ele pontuou haver o entendimento, em geral, dos membros do Copom de que h\u00e1 uma janela de tempo que trar\u00e1 informa\u00e7\u00f5es relevantes que precisar\u00e3o ser avaliadas pelo colegiado.<\/p>\n\n\n\n<p>&#8220;Tem informa\u00e7\u00e3o na parte de reformas, tem informa\u00e7\u00e3o na parte de n\u00fameros de infla\u00e7\u00e3o que v\u00e3o sair, tem informa\u00e7\u00e3o na parte de qual \u00e9 o efeito dessa pseudo-segunda onda, se vai ter, ent\u00e3o a gente entendeu que tem a\u00ed um per\u00edodo de dados que vai ser muito importante para an\u00e1lise, e foi o que foi espelhado na comunica\u00e7\u00e3o oficial&#8221;, explicou.<\/p>\n\n\n\n<p>Ao avaliar a <strong>trajet\u00f3ria recente da infla\u00e7\u00e3o<\/strong>, que encerrou 2020 acima do centro da meta central do governo de 4,0%, o presidente do BC elencou alguns componentes desse processo, dentre os quais a <strong>alta dos pre\u00e7os das <a href=\"https:\/\/investnews.com.br\/guias\/commodities-o-que-sao\/\">commodities<\/a>, a desvaloriza\u00e7\u00e3o do c\u00e2mbio e a transfer\u00eancia de renda via aux\u00edlio emergencial<\/strong>.<\/p>\n\n\n\n<h2 class=\"wp-block-heading\">Fiscal<\/h2>\n\n\n\n<p>Campos Neto afirmou que <strong>h\u00e1 um pr\u00eamio de risco fiscal embutido na curva de juros<\/strong>, diante da nova situa\u00e7\u00e3o fiscal, e que o cronograma de reformas do governo \u00e9 importante para diminuir esse pr\u00eamio.<\/p>\n\n\n\n<p>&#8220;Com credibilidade, voc\u00ea consegue ter uma infla\u00e7\u00e3o menor. Acho que tem um pr\u00eamio fiscal que foi inserido na curva pela nossa nova situa\u00e7\u00e3o fiscal p\u00f3s-pandemia e que precisa ser tratada. As <strong>reformas ajudam<\/strong>, ent\u00e3o tem todo um cronograma de reformas que \u00e9 importante para diminuir esse pr\u00eamio de risco.&#8221;<\/p>\n","protected":false},"excerpt":{"rendered":"<p>Fala do presidente do BC aconteceu em evento de uma assessoria de investimentos.<\/p>\n","protected":false},"author":17,"featured_media":25964,"comment_status":"closed","ping_status":"open","sticky":false,"template":"","format":"standard","meta":{"_acf_changed":false,"inline_featured_image":false,"footnotes":""},"categories":[5],"tags":[56,52,53],"autor-wsj":[],"coauthors":[1498],"class_list":["post-213362","post","type-post","status-publish","format-standard","has-post-thumbnail","hentry","category-economia","tag-banco-central","tag-inflacao","tag-pib"],"acf":[],"amp_enabled":true,"_links":{"self":[{"href":"https:\/\/investnews.com.br\/inv-api\/wp\/v2\/posts\/213362","targetHints":{"allow":["GET"]}}],"collection":[{"href":"https:\/\/investnews.com.br\/inv-api\/wp\/v2\/posts"}],"about":[{"href":"https:\/\/investnews.com.br\/inv-api\/wp\/v2\/types\/post"}],"author":[{"embeddable":true,"href":"https:\/\/investnews.com.br\/inv-api\/wp\/v2\/users\/17"}],"replies":[{"embeddable":true,"href":"https:\/\/investnews.com.br\/inv-api\/wp\/v2\/comments?post=213362"}],"version-history":[{"count":5,"href":"https:\/\/investnews.com.br\/inv-api\/wp\/v2\/posts\/213362\/revisions"}],"predecessor-version":[{"id":214199,"href":"https:\/\/investnews.com.br\/inv-api\/wp\/v2\/posts\/213362\/revisions\/214199"}],"wp:featuredmedia":[{"embeddable":true,"href":"https:\/\/investnews.com.br\/inv-api\/wp\/v2\/media\/25964"}],"wp:attachment":[{"href":"https:\/\/investnews.com.br\/inv-api\/wp\/v2\/media?parent=213362"}],"wp:term":[{"taxonomy":"category","embeddable":true,"href":"https:\/\/investnews.com.br\/inv-api\/wp\/v2\/categories?post=213362"},{"taxonomy":"post_tag","embeddable":true,"href":"https:\/\/investnews.com.br\/inv-api\/wp\/v2\/tags?post=213362"},{"taxonomy":"autor-wsj","embeddable":true,"href":"https:\/\/investnews.com.br\/inv-api\/wp\/v2\/autor-wsj?post=213362"},{"taxonomy":"author","embeddable":true,"href":"https:\/\/investnews.com.br\/inv-api\/wp\/v2\/coauthors?post=213362"}],"curies":[{"name":"wp","href":"https:\/\/api.w.org\/{rel}","templated":true}]}}