{"id":21509,"date":"2020-10-09T08:00:00","date_gmt":"2020-10-09T11:00:00","guid":{"rendered":"https:\/\/investnews.com.br\/?p=21509"},"modified":"2020-10-13T07:49:39","modified_gmt":"2020-10-13T10:49:39","slug":"bolsa-oscila-entre-risco-fiscal-e-sinal-positivo-do-exterior-dolar","status":"publish","type":"post","link":"https:\/\/investnews.com.br\/financas\/bolsa-oscila-entre-risco-fiscal-e-sinal-positivo-do-exterior-dolar\/","title":{"rendered":"Bolsa cai com risco fiscal e ignora exterior positivo; d\u00f3lar recua"},"content":{"rendered":"\n<p><strong>O principal indicador da bolsa, o Ibovespa, fechou no vermelho nesta sexta-feira (9)<\/strong>, em v\u00e9spera de feriado prolongado. No <a href=\"https:\/\/investnews.com.br\/guias\/como-funciona-o-mercado-financeiro\/\">mercado de c\u00e2mbio<\/a>, o d\u00f3lar fechou em queda. Apesar da tend\u00eancia positiva em Wall Street, internamente as preocupa\u00e7\u00f5es sobre a situa\u00e7\u00e3o fiscal ainda seguem no radar e preocupam investidores.<\/p>\n\n\n\n<p>O <strong>Ibovespa caiu 0,45%, aos 97.483,31 pontos<\/strong>. Mas, na semana, acumulou alta de 3,69%, ap\u00f3s cinco consecutivas de baixa. J\u00e1 o <strong>d\u00f3lar comercial <\/strong>caiu -1,13%, cotado a <strong>R$ 5,5250.<\/strong><\/p>\n\n\n\n<p>Na quinta-feira (8), <a href=\"https:\/\/investnews.com.br\/financas\/ibovespa-fecha-em-alta-de-251-puxado-por-vale-petrobras-e-bancos-dolar-cai\/\" class=\"rank-math-link\">o Ibovespa fechou em alta de 2,51% aos 97.919 pontos<\/a>. O d\u00f3lar fechou em queda de 0,62%, cotado a R$ 5,5880.   <\/p>\n\n\n\n<p>Da agenda de not\u00edcias internas,<a href=\"https:\/\/investnews.com.br\/flash\/inflacao-alta-dos-alimentos-chega-ao-ipca-o-que-esperar-maia-e-guedes-reatam\/\" class=\"rank-math-link\"> o dia foi de divulga\u00e7\u00e3o da infla\u00e7\u00e3o<\/a> pelo Instituto de Geografia Estat\u00edstica (IBGE). Em setembro, o \u00cdndice Nacional de Pre\u00e7os ao Consumidor Amplo (<a href=\"https:\/\/investnews.com.br\/guias\/o-que-e-ipca\/\">IPCA<\/a>), considerado a infla\u00e7\u00e3o oficial do pa\u00eds,&nbsp;avan\u00e7ou 0,64%, acima da taxa de 0,24% registrada em agosto e a maior para o m\u00eas desde 2003.<\/p>\n\n\n\n<p>Ainda internamente, investidores continuam monitorando o rumo dos gastos p\u00fablicos. A situa\u00e7\u00e3o fiscal vem preocupando o mercado, com o aumento da d\u00edvida p\u00fablica em meio \u00e0 pandemia e indefini\u00e7\u00f5es sobre o teto de gastos e o programa Renda Cidad\u00e3.<\/p>\n\n\n\n<figure class=\"wp-block-embed-youtube wp-block-embed is-type-video is-provider-youtube wp-embed-aspect-16-9 wp-has-aspect-ratio\"><div class=\"wp-block-embed__wrapper\">\n<iframe loading=\"lazy\" title=\"D\u00edvida p\u00fablica: entenda como cresceu na pandemia e por que isso preocupa\" width=\"500\" height=\"281\" src=\"https:\/\/www.youtube.com\/embed\/Ox_qZYKw4-A?start=1&#038;feature=oembed\" frameborder=\"0\" allow=\"accelerometer; autoplay; clipboard-write; encrypted-media; gyroscope; picture-in-picture; web-share\" referrerpolicy=\"strict-origin-when-cross-origin\" allowfullscreen><\/iframe>\n<\/div><\/figure>\n\n\n\n<p>O economista Miguel Daoud, analista de economia e pol\u00edtica da Global Financial Advisor, afirma que <a href=\"https:\/\/investnews.com.br\/economia\/nao-tem-saida-para-o-renda-cidada-sem-estourar-teto-de-gastos-diz-economista\/amp\/\" class=\"rank-math-link\">\u201c<strong>o gerenciamento das expectativas na quest\u00e3o fiscal est\u00e1 muito ruim,<\/strong><\/a><strong> e isso acaba trazendo para o presente essa volatilidade\u201d.<\/strong> <\/p>\n\n\n\n<p>Do cen\u00e1rio externo, o mercado repercutiu as declara\u00e7\u00f5es do presidente dos Estados Unidos, Donald Trump. Nesta sexta, ele afirmou que deseja ver um pacote de ajuda maior do que os democratas ou republicanos est\u00e3o propondo. A fala vem dias depois de Trump suspender as negocia\u00e7\u00f5es de um pacote de aux\u00edlio no Congresso e passar a defender um socorro mais fragmentado a alguns setores.<\/p>\n\n\n\n<h2 class=\"wp-block-heading\">Destaques da bolsa<\/h2>\n\n\n\n<p>Depois de divulgar uma pr\u00e9via do resultado operacional, a MRV (<a href=\"https:\/\/investnews.com.br\/cotacao\/acao\/?ticker=MRVE3\" class=\"rank-math-link\">MRVE3<\/a>) liderou as altas do Ibovespa, saltando 8,51%. <strong>Suas vendas  l\u00edquidas, no terceiro trimestre, bateram o recorde de R$ 1,97 bilh\u00e3o<\/strong>, em alta de 41% ante o mesmo per\u00edodo em 2019. <a href=\"https:\/\/investnews.com.br\/investnews-entrevista\/presidente-da-mrv-crise-nao-e-momento-de-ganhar-muito-dinheiro-mas-preservar-a-companhia\/\" class=\"rank-math-link\">O presidente da companhia, Rafael Menin, disse ao <strong>InvestNews<\/strong> <strong>Entrevista<\/strong><\/a> que o setor imobili\u00e1rio &#8220;talvez seja a ind\u00fastria mais protegida e promissora nos pr\u00f3ximos anos&#8221;. Veja abaixo:<\/p>\n\n\n\n<figure class=\"wp-block-embed-youtube wp-block-embed is-type-video is-provider-youtube wp-embed-aspect-16-9 wp-has-aspect-ratio\"><div class=\"wp-block-embed__wrapper\">\n<iframe loading=\"lazy\" title=\"Presidente da MRV fala sobre o aumento das vendas de im\u00f3veis na crise\" width=\"500\" height=\"281\" src=\"https:\/\/www.youtube.com\/embed\/7zoa5jblmw8?feature=oembed\" frameborder=\"0\" allow=\"accelerometer; autoplay; clipboard-write; encrypted-media; gyroscope; picture-in-picture; web-share\" referrerpolicy=\"strict-origin-when-cross-origin\" allowfullscreen><\/iframe>\n<\/div><\/figure>\n\n\n\n<p>Ainda no setor imobili\u00e1rio, as a\u00e7\u00f5es da Cyrela (<a href=\"https:\/\/investnews.com.br\/cotacao\/cyre3-cyrela-brazil-realty\/\" class=\"rank-math-link\">CYRE3<\/a>) tamb\u00e9m ficaram entre os destaques de alta no dia, subindo 4,59%.<\/p>\n\n\n\n<ul class=\"wp-block-list\"><li><strong>Leia mais:<\/strong> <a href=\"https:\/\/investnews.com.br\/conta\/elie-horn-fundador-grupo-cyrela\/\" class=\"rank-math-link\">Elie Horn, fundador do grupo Cyrela: \u2018A ambi\u00e7\u00e3o \u00e9 t\u00e3o boa quanto o amor\u2019<\/a><\/li><\/ul>\n\n\n\n<p>O setor de viagens tamb\u00e9m se destacou no campo positivo, com as a\u00e7\u00f5es da CVC (<a href=\"https:\/\/investnews.com.br\/cotacao\/acao\/?ticker=CVCB3\" class=\"rank-math-link\">CVCB3<\/a>) subindo 4,22% e as da Gol (<a href=\"https:\/\/investnews.com.br\/cotacao\/acao\/?ticker=GOLL4\" class=\"rank-math-link\">GOLL4<\/a>), 3,24%, ambas entre as maiores altas do Ibovespa.<\/p>\n\n\n\n<p>Na ponta negativa, o dia foi de forte oscila\u00e7\u00e3o novamente para o IRB Brasil (<a href=\"https:\/\/investnews.com.br\/cotacao\/irbr3-irb-brasil\/\" class=\"rank-math-link\">IRBR3<\/a>), que encerrou em baixa de 7,24%. As a\u00e7\u00f5es enfrentaram forte volatilidade nesta semana, ap\u00f3s a divulga\u00e7\u00e3o de relat\u00f3rio do UBS mudando a recomenda\u00e7\u00e3o para os pap\u00e9is.<\/p>\n\n\n\n<p>Outro destaque negativo do dia foi o setor de frigor\u00edficos, afetado pela not\u00edcia de que&nbsp;a China teria encontrado vest\u00edgios de coronav\u00edrus em embalagem de carne exportada pela Minerva (<a href=\"https:\/\/investnews.com.br\/cotacao\/beef3-minerva\/\" class=\"rank-math-link\">BEEF3<\/a>), que recuou 2,31%. J\u00e1 JBS (<a href=\"https:\/\/investnews.com.br\/cotacao\/jbss3-jbs\/\" class=\"rank-math-link\">JBSS3<\/a>) caiu 4,08% e a Marfrig (<a href=\"https:\/\/investnews.com.br\/cotacao\/mrfg3-marfrig\/\" class=\"rank-math-link\">MRFG3<\/a>), 3,27%, se destacando entre os maiores recuos do dia.<\/p>\n\n\n\n<p> A Petrobras tamb\u00e9m se destacou entre as perdas do dia, ajudando a puxar o Ibovespa para baixo devido ao peso importante que as a\u00e7\u00f5es da empresa t\u00eam sobre a composi\u00e7\u00e3o do \u00edndice. O dia foi de baixa de 3,3% para as <a href=\"https:\/\/investnews.com.br\/guias\/acoes-ordinarias-e-preferenciais-entenda\/\">a\u00e7\u00f5es ordin\u00e1rias<\/a> (<a href=\"https:\/\/investnews.com.br\/cotacao\/acao\/?ticker=PETR3\" class=\"rank-math-link\">PETR3<\/a>) e 3,13% para as preferenciais (<a href=\"https:\/\/investnews.com.br\/cotacao\/acao\/?ticker=PETR3\" class=\"rank-math-link\">PETR4<\/a>), seguindo a queda dos pre\u00e7os do petr\u00f3leo.<\/p>\n\n\n\n<h2 class=\"wp-block-heading\">Bolsas pelo mundo<\/h2>\n\n\n\n<p>O dia foi positivo em Wall Street, com os principais \u00edndices dos Estados Unidos terminando o dia em alta. Na Europa, as bolsas tiveram desempenhos mistos, assim como na \u00c1sia. Veja abaixo:<\/p>\n\n\n\n<p><strong>Estados Unidos:<\/strong><\/p>\n\n\n\n<ul class=\"wp-block-list\"><li>S&amp;P +0,89%<\/li><li>Dow Jones +0,57%<\/li><li>Nasdaq +1,39%<\/li><\/ul>\n\n\n\n<p><strong>Europa:<\/strong><\/p>\n\n\n\n<ul class=\"wp-block-list\"><li>Frankfurt (DAX) +0,07%<\/li><li>Londres (FTSE 100) +0,65%<\/li><li>Paris (CAC40) +0,71%<\/li><li>Madri (IBEX35) -0,60%<\/li><\/ul>\n\n\n\n<p><strong>\u00c1sia:<\/strong><\/p>\n\n\n\n<ul class=\"wp-block-list\"><li>Nikkei -0,12%<\/li><li>Shanghai +1,68%<\/li><li>Hang Seng -0,31%<\/li><\/ul>\n","protected":false},"excerpt":{"rendered":"<p>Na C\u00e2mara, a reaproxima\u00e7\u00e3o de Paulo Guedes garante avan\u00e7os nas reformas.<\/p>\n","protected":false},"author":7,"featured_media":5018,"comment_status":"closed","ping_status":"open","sticky":false,"template":"","format":"standard","meta":{"_acf_changed":false,"inline_featured_image":false,"footnotes":""},"categories":[4],"tags":[722,246],"autor-wsj":[],"coauthors":[1494],"class_list":["post-21509","post","type-post","status-publish","format-standard","has-post-thumbnail","hentry","category-financas","tag-bolsas-asiaticas","tag-ipca"],"acf":[],"amp_enabled":true,"_links":{"self":[{"href":"https:\/\/investnews.com.br\/inv-api\/wp\/v2\/posts\/21509","targetHints":{"allow":["GET"]}}],"collection":[{"href":"https:\/\/investnews.com.br\/inv-api\/wp\/v2\/posts"}],"about":[{"href":"https:\/\/investnews.com.br\/inv-api\/wp\/v2\/types\/post"}],"author":[{"embeddable":true,"href":"https:\/\/investnews.com.br\/inv-api\/wp\/v2\/users\/7"}],"replies":[{"embeddable":true,"href":"https:\/\/investnews.com.br\/inv-api\/wp\/v2\/comments?post=21509"}],"version-history":[{"count":23,"href":"https:\/\/investnews.com.br\/inv-api\/wp\/v2\/posts\/21509\/revisions"}],"predecessor-version":[{"id":21628,"href":"https:\/\/investnews.com.br\/inv-api\/wp\/v2\/posts\/21509\/revisions\/21628"}],"wp:featuredmedia":[{"embeddable":true,"href":"https:\/\/investnews.com.br\/inv-api\/wp\/v2\/media\/5018"}],"wp:attachment":[{"href":"https:\/\/investnews.com.br\/inv-api\/wp\/v2\/media?parent=21509"}],"wp:term":[{"taxonomy":"category","embeddable":true,"href":"https:\/\/investnews.com.br\/inv-api\/wp\/v2\/categories?post=21509"},{"taxonomy":"post_tag","embeddable":true,"href":"https:\/\/investnews.com.br\/inv-api\/wp\/v2\/tags?post=21509"},{"taxonomy":"autor-wsj","embeddable":true,"href":"https:\/\/investnews.com.br\/inv-api\/wp\/v2\/autor-wsj?post=21509"},{"taxonomy":"author","embeddable":true,"href":"https:\/\/investnews.com.br\/inv-api\/wp\/v2\/coauthors?post=21509"}],"curies":[{"name":"wp","href":"https:\/\/api.w.org\/{rel}","templated":true}]}}