{"id":21999,"date":"2020-10-16T03:54:00","date_gmt":"2020-10-16T06:54:00","guid":{"rendered":"https:\/\/investnews.com.br\/?p=21999"},"modified":"2024-06-26T12:17:21","modified_gmt":"2024-06-26T15:17:21","slug":"5-fatos-para-hoje-csn-lucra-r-126-bilhao-acordo-com-os-eua-antes-da-eleicao","status":"publish","type":"post","link":"https:\/\/investnews.com.br\/economia\/5-fatos-para-hoje-csn-lucra-r-126-bilhao-acordo-com-os-eua-antes-da-eleicao\/","title":{"rendered":"5 fatos para hoje: CSN lucra R$ 1,26 bilh\u00e3o; acordo com os EUA antes da elei\u00e7\u00e3o"},"content":{"rendered":"\n<h2 class=\"wp-block-heading\">1 &#8211; CSN reverte preju\u00edzo em lucro l\u00edquido de R$ 1,262 bilh\u00e3o no 3\u00ba trimestre<\/h2>\n\n\n\n<p><strong>A Companhia Sider\u00fargica Nacional (<a class=\"rank-math-link\" href=\"https:\/\/investnews.com.br\/cotacao\/acao\/?ticker=CSNA3\">CSNA3<\/a>) reverteu preju\u00edzo de R$ 871 milh\u00f5es registrados no terceiro trimestre de 2019 em um <a href=\"https:\/\/investnews.com.br\/guias\/lucro-liquido\/\">lucro l\u00edquido<\/a> de R$ 1,262 bilh\u00e3o<\/strong>. O <strong><a href=\"https:\/\/investnews.com.br\/guias\/ebitda-o-que-e-como-calcular\/\">Ebitda<\/a> <\/strong>(lucro antes de juros, impostos, deprecia\u00e7\u00f5es e amortiza\u00e7\u00f5es) ajustado atingiu R$ 3,506 bilh\u00f5es no terceiro trimestre de 2020, avan\u00e7o de 124% ante o mesmo per\u00edodo do ano passado, ou 82% superior ao trimestre anterior <strong>em fun\u00e7\u00e3o de combina\u00e7\u00e3o de melhores volumes, pre\u00e7os e custos em basicamente todos os segmentos de atua\u00e7\u00e3o<\/strong>. Os dados foram divulgados na noite desta quinta-feira (15) pela companhia.<\/p>\n\n\n\n<p><strong>LEIA MAIS: <a class=\"rank-math-link\" href=\"https:\/\/investnews.com.br\/financas\/ipo-csn-aprova-oferta-publica-inicial-da-unidade-de-mineracao\/\">IPO: CSN aprova oferta p\u00fablica inicial da unidade de minera\u00e7\u00e3o<\/a><\/strong><\/p>\n\n\n\n<p>A <strong><a href=\"https:\/\/investnews.com.br\/guias\/receita-liquida-o-que-e\/\">receita l\u00edquida<\/a><\/strong> entre julho e setembro foi de <strong>R$ 8,715 bilh\u00f5es, sendo 40% superior ao registrado no segundo trimestre de 2020<\/strong> e 45% superior ao apresentado no mesmo per\u00edodo do ano passado. O acr\u00e9scimo de receita no terceiro trimestre deste ano se deu, principalmente, pela <strong>normaliza\u00e7\u00e3o do volume de produ\u00e7\u00e3o de min\u00e9rio de ferro, combinado com pre\u00e7os maiores de min\u00e9rio de ferro, cimento e a\u00e7o<\/strong> frente ao segundo trimestre deste ano.<\/p>\n\n\n\n<h2 class=\"wp-block-heading\">2 &#8211; Brasil e EUA fecham pacote comercial<\/h2>\n\n\n\n<p>Faltando menos de um m\u00eas para a elei\u00e7\u00e3o presidencial americana, <strong>Brasil e Estados Unidos devem assinar na pr\u00f3xima segunda-feira (19) um pacote de medidas para acelerar e desburocratizar o com\u00e9rcio entre os dois pa\u00edses<\/strong>. De acordo com fontes da \u00e1rea econ\u00f4mica, dever\u00e3o ser firmados tr\u00eas acordos: de facilita\u00e7\u00e3o de com\u00e9rcio, boas pr\u00e1ticas regulat\u00f3rias e anticorrup\u00e7\u00e3o.<\/p>\n\n\n\n<p>O an\u00fancio deve ocorrer em um evento virtual com participa\u00e7\u00e3o do presidente <strong><a class=\"rank-math-link\" href=\"https:\/\/investnews.com.br\/economia\/mercado-se-frustra-com-bolsonaro-mas-ainda-mantem-apoio\/\">Jair Bolsonaro<\/a><\/strong>, de representantes do Escrit\u00f3rio do Representante de Com\u00e9rcio dos EUA (USTR, na sigla em ingl\u00eas) e de bancos de desenvolvimento americanos.<\/p>\n\n\n\n<p><strong>Longe de ser um acordo de livre com\u00e9rcio<\/strong> &#8211; como o ministro da Economia, Paulo Guedes, chegou a anunciar no ano passado -, o conjunto de medidas est\u00e1 sendo considerado pelo governo brasileiro como base para um entendimento mais amplo, a ser futuramente discutido entre os pa\u00edses.<\/p>\n\n\n\n<p>O pacote j\u00e1 vinha sendo discutido, mas <strong>o Brasil desejava a assinatura o mais r\u00e1pido poss\u00edvel, diante do risco de Bolsonaro perder o aliado de primeira hora Donald Trump<\/strong>, que concorre \u00e0 reelei\u00e7\u00e3o e est\u00e1 atr\u00e1s do candidato democrata Joe Biden nas pesquisas de inten\u00e7\u00e3o de voto.<\/p>\n\n\n\n<h2 class=\"wp-block-heading\">3 &#8211; G-20 adia debate sobre tributa\u00e7\u00e3o digital<\/h2>\n\n\n\n<p><strong>Os pa\u00edses do G-20 avan\u00e7aram na discuss\u00e3o t\u00e9cnica sobre a tributa\u00e7\u00e3o do lucro das gigantes de tecnologia (<a class=\"rank-math-link\" href=\"https:\/\/investnews.com.br\/economia\/big-techs-por-que-elas-ficaram-ainda-mais-poderosas-na-pandemia\/\">big techs<\/a>)<\/strong>, como <strong>Google<\/strong>, <strong>Amazon<\/strong>, <strong>Facebook <\/strong>e <strong>Apple<\/strong>, mas uma defini\u00e7\u00e3o pol\u00edtica para um acordo deve ficar para 2021. O Brasil, que negocia uma <strong>reforma tribut\u00e1ria<\/strong> no Congresso, est\u00e1 de olho nessa discuss\u00e3o para ampliar os impostos cobrados sobre a economia digital.<\/p>\n\n\n\n<p><strong>O tema acabou se confundido, no entanto, com a proposta de cria\u00e7\u00e3o de uma nova CPMF para a tributa\u00e7\u00e3o das transa\u00e7\u00f5es financeiras<\/strong>. O novo tributo \u00e9 defendido pelo ministro da Economia, <strong>Paulo Guedes<\/strong>, para a <strong>desonera\u00e7\u00e3o da folha de sal\u00e1rios<\/strong> (reduzir os encargos que as empresas pagam sobre os sal\u00e1rios dos funcion\u00e1rios).<\/p>\n\n\n\n<p>Durante o 10\u00ba Semin\u00e1rio de Administra\u00e7\u00e3o P\u00fablica e Economia, na quarta-feira \u00e0 noite, <strong>o ministro disse que os seus pares das 20 principais economias do mundo reconhecem que a principal base tribut\u00e1ria do futuro ser\u00e1 digital<\/strong> e que alguns pa\u00edses j\u00e1 est\u00e3o adotando medidas nessa dire\u00e7\u00e3o. Guedes participou nesta semana de reuni\u00e3o virtual de ministros do G-20.<\/p>\n\n\n\n<h2 class=\"wp-block-heading\">4 &#8211; Londres adota lockdown mais r\u00edgido e&nbsp;ter\u00e1 inverno duro pela frente<\/h2>\n\n\n\n<p><strong>Londres<\/strong>, principal centro financeiro da Europa e onde vivem 9 milh\u00f5es de habitantes, <strong>adotar\u00e1&nbsp;<em>lockdown<\/em>&nbsp;mais r\u00edgido contra a covid-19 a partir da meia-noite desta&nbsp;sexta-feira (16)<\/strong>, agora que o primeiro-ministro brit\u00e2nico, <strong>Boris Johnson<\/strong>, tenta enfrentar uma&nbsp;<strong>segunda&nbsp;onda<\/strong> crescente do novo coronav\u00edrus.<\/p>\n\n\n\n<p>A pandemia respirat\u00f3ria, que surgiu na China no ano passado e j\u00e1 matou mais de 1 milh\u00e3o de pessoas em todo o mundo, est\u00e1 se disseminando em grande parte do Reino Unido, que tem o <strong>maior n\u00famero oficial de mortes da Europa: 43.155.<\/strong><\/p>\n\n\n\n<p>Mas a irrita\u00e7\u00e3o est\u00e1 aumentando por causa dos <strong>custos econ\u00f4micos, sociais e de sa\u00fade das maiores restri\u00e7\u00f5es de liberdade desde os tempos de guerra<\/strong> &#8211; um ex-conselheiro do governo alertou que algumas pessoas&nbsp;ter\u00e3o dificuldade para vestir os filhos em breve.<\/p>\n\n\n\n<h2 class=\"wp-block-heading\">5 &#8211; Fran\u00e7a pressiona por tarifas da UE a produtos dos EUA<\/h2>\n\n\n\n<p>O ministro de Finan\u00e7as da Fran\u00e7a, <strong>Bruno Le Maire<\/strong>, disse nesta sexta-feira (16) que a Europa deve <strong>responder a san\u00e7\u00f5es dos EUA com a imposi\u00e7\u00e3o de tarifas a produtos americanos<\/strong>, num coment\u00e1rio que vem ap\u00f3s uma <strong>recente decis\u00e3o da Organiza\u00e7\u00e3o Mundial do Com\u00e9rcio (OMC) referente a subs\u00eddios recebidos pela Airbus e <a class=\"rank-math-link\" href=\"https:\/\/investnews.com.br\/financas\/acao-da-embraer-despenca-15-apos-fim-de-acordo-com-a-boeing\/\">Boeing <\/a>para a fabrica\u00e7\u00e3o de jatos<\/strong>. &#8220;A Europa deve se preparar para impor san\u00e7\u00f5es aos EUA porque \u00e9 seu direito&#8221;, disse Le Maire \u00e0 emissora de TV francesa BFM TV.<\/p>\n\n\n\n<p>Nesta semana, <strong>a OMC autorizou a Uni\u00e3o Europeia (UE) a aplicar tarifas sobre US$ 3,99 bilh\u00f5es em avi\u00f5es da Boeing e outros bens dos EUA anualmente<\/strong>, como parte de uma longa disputa comercial entre a Airbus e o concorrente americano. H\u00e1 cerca de um ano, a OMC tomou decis\u00e3o similar a favor dos EUA, que impuseram <strong>tarifas a US$ 7,5 bilh\u00f5es em produtos da UE, incluindo jatos da Airbus<\/strong>.<\/p>\n\n\n\n<p><em>*Com Estad\u00e3o Conte\u00fado e Ag\u00eancia Brasil<\/em><\/p>\n","protected":false},"excerpt":{"rendered":"<p>Para n\u00e3o perder o aliado, Donald Trump, o governo brasileiro acelera as negocia\u00e7\u00f5es dos acordos que est\u00e3o longe de ser de livre com\u00e9rcio.<\/p>\n","protected":false},"author":17,"featured_media":783,"comment_status":"closed","ping_status":"open","sticky":false,"template":"","format":"standard","meta":{"_acf_changed":false,"inline_featured_image":false,"footnotes":""},"categories":[5],"tags":[155,404,169,79,236,443,234,668,245,432,350,504],"autor-wsj":[],"coauthors":[1498],"class_list":["post-21999","post","type-post","status-publish","format-standard","has-post-thumbnail","hentry","category-economia","tag-brasil","tag-coronavirus","tag-csn","tag-donald-trump","tag-eua","tag-franca","tag-jair-bolsonaro","tag-minerio-de-ferro","tag-boeing","tag-reforma-tributaria","tag-reino-unido","tag-uniao-europeia"],"acf":[],"amp_enabled":true,"_links":{"self":[{"href":"https:\/\/investnews.com.br\/inv-api\/wp\/v2\/posts\/21999","targetHints":{"allow":["GET"]}}],"collection":[{"href":"https:\/\/investnews.com.br\/inv-api\/wp\/v2\/posts"}],"about":[{"href":"https:\/\/investnews.com.br\/inv-api\/wp\/v2\/types\/post"}],"author":[{"embeddable":true,"href":"https:\/\/investnews.com.br\/inv-api\/wp\/v2\/users\/17"}],"replies":[{"embeddable":true,"href":"https:\/\/investnews.com.br\/inv-api\/wp\/v2\/comments?post=21999"}],"version-history":[{"count":3,"href":"https:\/\/investnews.com.br\/inv-api\/wp\/v2\/posts\/21999\/revisions"}],"predecessor-version":[{"id":22110,"href":"https:\/\/investnews.com.br\/inv-api\/wp\/v2\/posts\/21999\/revisions\/22110"}],"wp:featuredmedia":[{"embeddable":true,"href":"https:\/\/investnews.com.br\/inv-api\/wp\/v2\/media\/783"}],"wp:attachment":[{"href":"https:\/\/investnews.com.br\/inv-api\/wp\/v2\/media?parent=21999"}],"wp:term":[{"taxonomy":"category","embeddable":true,"href":"https:\/\/investnews.com.br\/inv-api\/wp\/v2\/categories?post=21999"},{"taxonomy":"post_tag","embeddable":true,"href":"https:\/\/investnews.com.br\/inv-api\/wp\/v2\/tags?post=21999"},{"taxonomy":"autor-wsj","embeddable":true,"href":"https:\/\/investnews.com.br\/inv-api\/wp\/v2\/autor-wsj?post=21999"},{"taxonomy":"author","embeddable":true,"href":"https:\/\/investnews.com.br\/inv-api\/wp\/v2\/coauthors?post=21999"}],"curies":[{"name":"wp","href":"https:\/\/api.w.org\/{rel}","templated":true}]}}