{"id":22470,"date":"2020-10-22T08:53:21","date_gmt":"2020-10-22T11:53:21","guid":{"rendered":"https:\/\/investnews.com.br\/?p=22470"},"modified":"2024-06-26T12:17:16","modified_gmt":"2024-06-26T15:17:16","slug":"5-fatos-para-hoje-ser-educacional-na-briga-pela-laureate-acordo-fiscal-nos-eua","status":"publish","type":"post","link":"https:\/\/investnews.com.br\/economia\/5-fatos-para-hoje-ser-educacional-na-briga-pela-laureate-acordo-fiscal-nos-eua\/","title":{"rendered":"5 fatos para hoje: Ser Educacional na briga pela Laureate; acordo fiscal nos EUA"},"content":{"rendered":"\n<h2 class=\"wp-block-heading\">1 &#8211; Ser Educacional vai \u00e0 Justi\u00e7a ap\u00f3s Laureate aceitar proposta da \u00c2nima<\/h2>\n\n\n\n<p>Mais um lit\u00edgio foi aberto em torno de uma aquisi\u00e7\u00e3o no mercado brasileiro, <strong>ap\u00f3s a Ser Educacional deixar de fazer uma contraproposta para adquirir os ativos no Brasil da norte-americana Laureate, que incluem a FMU e o Anhembi Morumbi<\/strong>. O entendimento da rede de ensino controlada pelo empres\u00e1rio <strong>Jangui\u00ea Diniz<\/strong> foi de que <strong>a proposta concorrente, feita pela <a class=\"rank-math-link\" href=\"https:\/\/investnews.com.br\/negocios\/acoes-da-anima-educacao-cresce-apos-empresa-anunciar-oferta-de-ate-r101-bilhao\/\">\u00c2nima<\/a> e declarada vencedora pela Laureate, n\u00e3o cumpria com a exig\u00eancia posta em contrato de apresenta\u00e7\u00e3o das fontes dos recursos a serem utilizados na transa\u00e7\u00e3o<\/strong>.<\/p>\n\n\n\n<p>Desta forma, o grupo Ser decidiu questionar a decis\u00e3o da Laureate na Justi\u00e7a. A companhia j\u00e1 conseguiu liminar para que o neg\u00f3cio siga em p\u00e9, mas <strong>uma possibilidade \u00e9 de essa batalha ser definida em c\u00e2mara de arbitragem<\/strong>, arrastando a venda por at\u00e9 tr\u00eas anos e contrariando as expectativas da Laureate, que eram de sair rapidamente do neg\u00f3cio no Brasil.<\/p>\n\n\n\n<p><strong>A diferen\u00e7a entre as duas propostas era de R$ 500 milh\u00f5es<\/strong>. A \u00c2nima ofereceu R$ 4,3 bilh\u00f5es pelos ativos da Laureate, com pagamento \u00e0 vista. <a class=\"rank-math-link\" href=\"https:\/\/investnews.com.br\/negocios\/ser-educacao-anuncia-compra-da-laureate-mas-yduqs-tambem-pode-entrar-no-jogo\/\">A Ser Educacional ofereceu R$ 1,7 bilh\u00e3o em dinheiro<\/a>, al\u00e9m de assumir de R$ 623 milh\u00f5es em d\u00edvidas e o restante, para fechar os R$ 3,8 bilh\u00f5es, com novas a\u00e7\u00f5es, equivalentes a 44% de participa\u00e7\u00e3o na empresa de Jangui\u00ea Diniz.<\/p>\n\n\n\n<h2 class=\"wp-block-heading\">2 &#8211; Porta-voz de Pelosi diz que conversa com Mnuchin deixa acordo mais pr\u00f3ximo<\/h2>\n\n\n\n<p>Porta-voz da presidente da C\u00e2mara dos Representantes, <strong>Nancy Pelosi<\/strong>, Drew Hammill afirmou nesta quarta-feira que ela e o secret\u00e1rio do Tesouro dos Estados Unidos, <strong>Steven Mnuchin<\/strong>, conversaram durante 48 minutos. &#8220;<strong>A conversa de hoje nos deixa mais perto de ser capazes de colocar a caneta sobre o papel para escrever a legisla\u00e7\u00e3o<\/strong>&#8220;, garantiu o funcion\u00e1rio sobre as negocia\u00e7\u00f5es de um novo pacote fiscal.<\/p>\n\n\n\n<p><strong>LEIA MAIS: <a class=\"rank-math-link\" href=\"https:\/\/investnews.com.br\/financas\/bdrs-veja-20-respostas-sobre-como-comecar-a-investir-em-acoes-do-exterior\/\">BDRs: veja 20 respostas sobre como come\u00e7ar a investir em a\u00e7\u00f5es do exterior<\/a><\/strong><\/p>\n\n\n\n<p>Hammill disse que houve troca de posi\u00e7\u00f5es sobre a linguagem adequada para a legisla\u00e7\u00e3o, o que &#8220;nos deixa mais bem preparados para chegar a um compromisso sobre v\u00e1rias prioridades&#8221;.<\/p>\n\n\n\n<p>E tamb\u00e9m comentou que <strong>as diferen\u00e7as continuam a ser reduzidas em prioridades de sa\u00fade, incluindo uma estrat\u00e9gia nacional de testes para covid-19, e para o rastreamento de contatos<\/strong>. Por outro lado, Pelosi considera que \u00e9 preciso fazer mais para garantir maior seguran\u00e7a nas escolas do pa\u00eds na volta da paralisa\u00e7\u00e3o por causa da pandemia.<\/p>\n\n\n\n<h2 class=\"wp-block-heading\">3 &#8211; Alcolumbre adia vota\u00e7\u00e3o da autonomia do BC para o dia 3 de novembro<\/h2>\n\n\n\n<p>O <strong>presidente do Senado, Davi Alcolumbre (DEM-AP)<\/strong>, <strong>adiou a vota\u00e7\u00e3o do projeto de autonomia do Banco Central para o dia 3 de novembro<\/strong>. A proposta estava prevista para esta quarta-feira (21) mas <strong>n\u00e3o houve acordo entre os l\u00edderes da Casa<\/strong>. Alcolumbre argumentou que s\u00f3 pautaria a medida se houvesse acordo para um pacote de tr\u00eas projetos discutidos no Senado.<\/p>\n\n\n\n<p>Al\u00e9m da <strong>autonomia do BC<\/strong>, h\u00e1 proposta para autorizar o acolhimento de <strong>dep\u00f3sitos volunt\u00e1rios de institui\u00e7\u00f5es financeiras pela autoridade monet\u00e1ria<\/strong>. Os senadores chegaram a colocar no radar tamb\u00e9m o <strong>novo marco das ferrovias<\/strong>, mas esse item deve ser substitu\u00eddo pelo projeto que muda as regras do transporte terrestre de passageiros e inibe a competi\u00e7\u00e3o no setor.<\/p>\n\n\n\n<p>O <strong>l\u00edder do governo no Senado, Fernando Bezerra Coelho (MDB-PE)<\/strong>, chegou a anunciar um acordo para votar a autonomia do BC nesta quarta-feira. Senadores da oposi\u00e7\u00e3o, por\u00e9m, reagiram \u00e0 estrat\u00e9gia e come\u00e7aram a levantar quest\u00f5es de ordem no plen\u00e1rio do Senado. Na <strong>tentativa de reelei\u00e7\u00e3o para o cargo<\/strong>, Alcolumbre n\u00e3o quis se indispor com as bancadas e adiou a vota\u00e7\u00e3o.<\/p>\n\n\n\n<h2 class=\"wp-block-heading\">4 &#8211; Casos de covid-19 na It\u00e1lia atingem novo recorde di\u00e1rio<\/h2>\n\n\n\n<p><strong>A It\u00e1lia registrou 15.199 novas infec\u00e7\u00f5es de covid-19 nas \u00faltimas 24 horas<\/strong>, informou\u00a0o Minist\u00e9rio da Sa\u00fade nessa\u00a0quarta-feira (21), o maior n\u00famero di\u00e1rio desde o in\u00edcio do surto no pa\u00eds e acima do recorde anterior, de 11.705 no\u00a0domingo\u00a0(18).\u00a0Na\u00a0ter\u00e7a-feira, surgiram 10.874 casos novos do v\u00edrus altamente contagioso.<\/p>\n\n\n\n<p>O minist\u00e9rio tamb\u00e9m relatou<strong> 127 mortes relacionadas \u00e0 doen\u00e7a<\/strong> nessa\u00a0quarta-feira, mais do que as 89 do dia anterior, mas muito menos do que o <a class=\"rank-math-link\" href=\"https:\/\/investnews.com.br\/geral\/coronavirus-pandemia-mas-e-agora\/\">auge da pandemia<\/a> na It\u00e1lia, ocorrido em mar\u00e7o e abril, quando se viu um pico di\u00e1rio de mais de 900 mortes.<\/p>\n\n\n\n<p><strong>Depois de diminu\u00edrem durante o ver\u00e3o, as infec\u00e7\u00f5es aceleraram de forma constante nos \u00faltimos meses<\/strong>. Agora elas est\u00e3o distribu\u00eddas mais amplamente pelo pa\u00eds do que durante a primeira onda, mas a regi\u00e3o mais duramente afetada voltou a ser a Lombardia, no entorno da capital financeira Mil\u00e3o.<\/p>\n\n\n\n<h2 class=\"wp-block-heading\">5 &#8211; Senado aprova indica\u00e7\u00e3o de Alexandre Costa Rangel para diretoria da CVM<\/h2>\n\n\n\n<p>O Senado aprovou nesta quarta-feira (21) por 50 votos a 11, a indica\u00e7\u00e3o do advogado <strong>Alexandre Costa Rangel para a diretoria da Comiss\u00e3o de Valores Mobili\u00e1rios (CVM)<\/strong>.<\/p>\n\n\n\n<p>Rangel foi <strong>indicado pelo presidente Jair Bolsonaro<\/strong> para ocupar vaga decorrente do t\u00e9rmino do mandato de Carlos Alberto Rebello Sobrinho. Ele ficar\u00e1 no \u00f3rg\u00e3o at\u00e9 31 de dezembro de 2024.<\/p>\n\n\n\n<p><em>*Com Estad\u00e3o Conte\u00fado e Ag\u00eancia Brasil<\/em><\/p>\n","protected":false},"excerpt":{"rendered":"<p>A novela por tr\u00e1s do acordo fiscal para restaurar a economia americana parece intermin\u00e1vel.<\/p>\n","protected":false},"author":17,"featured_media":19392,"comment_status":"closed","ping_status":"open","sticky":false,"template":"","format":"standard","meta":{"_acf_changed":false,"inline_featured_image":false,"footnotes":""},"categories":[5],"tags":[359,56,41,236,839],"autor-wsj":[],"coauthors":[1498],"class_list":["post-22470","post","type-post","status-publish","format-standard","has-post-thumbnail","hentry","category-economia","tag-anima-educacao","tag-banco-central","tag-cvm","tag-eua","tag-italia"],"acf":[],"amp_enabled":true,"_links":{"self":[{"href":"https:\/\/investnews.com.br\/inv-api\/wp\/v2\/posts\/22470","targetHints":{"allow":["GET"]}}],"collection":[{"href":"https:\/\/investnews.com.br\/inv-api\/wp\/v2\/posts"}],"about":[{"href":"https:\/\/investnews.com.br\/inv-api\/wp\/v2\/types\/post"}],"author":[{"embeddable":true,"href":"https:\/\/investnews.com.br\/inv-api\/wp\/v2\/users\/17"}],"replies":[{"embeddable":true,"href":"https:\/\/investnews.com.br\/inv-api\/wp\/v2\/comments?post=22470"}],"version-history":[{"count":2,"href":"https:\/\/investnews.com.br\/inv-api\/wp\/v2\/posts\/22470\/revisions"}],"predecessor-version":[{"id":22473,"href":"https:\/\/investnews.com.br\/inv-api\/wp\/v2\/posts\/22470\/revisions\/22473"}],"wp:featuredmedia":[{"embeddable":true,"href":"https:\/\/investnews.com.br\/inv-api\/wp\/v2\/media\/19392"}],"wp:attachment":[{"href":"https:\/\/investnews.com.br\/inv-api\/wp\/v2\/media?parent=22470"}],"wp:term":[{"taxonomy":"category","embeddable":true,"href":"https:\/\/investnews.com.br\/inv-api\/wp\/v2\/categories?post=22470"},{"taxonomy":"post_tag","embeddable":true,"href":"https:\/\/investnews.com.br\/inv-api\/wp\/v2\/tags?post=22470"},{"taxonomy":"autor-wsj","embeddable":true,"href":"https:\/\/investnews.com.br\/inv-api\/wp\/v2\/autor-wsj?post=22470"},{"taxonomy":"author","embeddable":true,"href":"https:\/\/investnews.com.br\/inv-api\/wp\/v2\/coauthors?post=22470"}],"curies":[{"name":"wp","href":"https:\/\/api.w.org\/{rel}","templated":true}]}}