{"id":225974,"date":"2021-02-02T07:59:20","date_gmt":"2021-02-02T10:59:20","guid":{"rendered":"https:\/\/investnews.com.br\/?p=225974"},"modified":"2024-06-26T12:14:14","modified_gmt":"2024-06-26T15:14:14","slug":"5-fatos-para-hoje-lira-e-pacheco-eleitos-no-congresso-em-busca-da-prata","status":"publish","type":"post","link":"https:\/\/investnews.com.br\/economia\/5-fatos-para-hoje-lira-e-pacheco-eleitos-no-congresso-em-busca-da-prata\/","title":{"rendered":"5 fatos para hoje: Lira e Pacheco eleitos no Congresso; &#8216;fracasso&#8217; em greve"},"content":{"rendered":"\n<h2 class=\"wp-block-heading\">1 &#8211; Apoiados por Bolsonaro, Lira e Pacheco vencem com folga<\/h2>\n\n\n\n<p>O candidato apoiado pelo governo, <strong>Arthur Lira (PP-AL)<\/strong>, foi eleito com larga vantagem em primeiro turno para a presid\u00eancia da C\u00e2mara, dando f\u00f4lego ao governo para tocar sua pauta priorit\u00e1ria e ainda alguma garantia diante dos cerca de 60 pedidos de impeachment contra o presidente Jair Bolsonaro.<\/p>\n\n\n\n<p>Ao assumir, <strong>Lira defendeu uma <a class=\"rank-math-link\" href=\"https:\/\/investnews.com.br\/geral\/5-fatos-para-hoje-planalto-espera-votacao-no-congresso-greve-dos-caminhoneiros\/\">pauta emergencial<\/a>, aten\u00e7\u00e3o \u00e0 responsabilidade fiscal e \u00e0 quest\u00e3o social<\/strong>.<\/p>\n\n\n\n<p>&#8220;Irei propor ao novo presidente do Senado uma ideia geral que chamo de &#8216;Pauta Emergencial&#8217;, para encaminharmos os temas urgentes que exigem decis\u00f5es imediatas&#8221;, disse, assim que foi eleito, de p\u00e9, ao lado da cadeira j\u00e1 vazia do presidente da C\u00e2mara.<\/p>\n\n\n\n<p>O novo presidente do Senado, <strong>Rodrigo Pacheco (DEM-MG)<\/strong>, prometeu um esfor\u00e7o para conduzir pautas de interesse do Poder Executivo, mas ressalvou que exigir\u00e1 uma <strong>atua\u00e7\u00e3o independente<\/strong> e que tamb\u00e9m buscar\u00e1 um <strong>di\u00e1logo com as demais institui\u00e7\u00f5es<\/strong>.<\/p>\n\n\n\n<h2 class=\"wp-block-heading\">2 &#8211; Investidores de varejo agora buscam a&nbsp;prata, enquanto febre da GameStop se acalma <\/h2>\n\n\n\n<p>A&nbsp;<strong>prata&nbsp;superou US$ 30 a on\u00e7a pela primeira vez desde 2013<\/strong> nesta segunda-feira, com um ex\u00e9rcito de investidores de varejo invadindo o setor de metais, mudando o foco da miss\u00e3o &#8220;Gamestonk&#8221; e desencadeando temores de uma queda de v\u00e1rios ativos nos mercados globais.<\/p>\n\n\n\n<p>Enquanto os traders voltavam as aten\u00e7\u00f5es para a&nbsp;prata&nbsp;&#8211; um mercado maior e mais l\u00edquido do que o de a\u00e7\u00f5es individuais &#8211; as <strong>a\u00e7\u00f5es da varejista de videogames <a class=\"rank-math-link\" href=\"https:\/\/investnews.com.br\/financas\/gamestop-os-gestores-que-perderam-bilhoes-de-dolares-em-wall-street\/\">GameStop<\/a> ca\u00edram 4%<\/strong>, ap\u00f3s fechar a sexta-feira a US$ 325.<\/p>\n\n\n\n<p>Mas <strong>o movimento \u00e9 relativamente pequeno se comparado com as oscila\u00e7\u00f5es m\u00faltiplas da semana passada<\/strong>, quando pequenos investidores se organizavam em f\u00f3runs online e negociaram em corretoras sem taxas como a Robinhood, sobrecarregaram v\u00e1rios fundos de hedge poderosos com perdas em suas posi\u00e7\u00f5es de short.<\/p>\n\n\n\n<h2 class=\"wp-block-heading\">3 &#8211; Press\u00e3o de operadoras fez Anatel adiar decis\u00e3o sobre edital do 5G <\/h2>\n\n\n\n<p>A <strong>press\u00e3o de operadoras de telefoni<\/strong>a por mudan\u00e7as na portaria com diretrizes para o leil\u00e3o das bandas da tecnologia 5G levou a um pedido de vista do presidente da Ag\u00eancia Nacional de Telecomunica\u00e7\u00f5es (Anatel), Leonardo Euler de Morais, <strong>adiando a aprova\u00e7\u00e3o do edital para o leil\u00e3o para 24 de fevereiro<\/strong>.<\/p>\n\n\n\n<p>Carlos Baigorri, que havia entregue o documento inicial, fez mudan\u00e7as no final de semana para <strong>incluir pontos com diretrizes do governo para o leil\u00e3o e que ter\u00e3o que ser cumpridas pelas operadora<\/strong>s. No entanto, o escopo das contrapartidas previstas na portaria foi al\u00e9m do considerado vi\u00e1vel pelas operadoras, que pressionam por altera\u00e7\u00f5es no texto.<\/p>\n\n\n\n<p><strong>LEIA MAIS: <a class=\"rank-math-link\" href=\"https:\/\/investnews.com.br\/geral\/entenda-a-disputa-pelo-5g-na-inovacao-nos-negocios-e-na-geopolitica\/\">Entenda a disputa pelo 5G: na inova\u00e7\u00e3o, nos neg\u00f3cios e na geopol\u00edtica<\/a><\/strong><\/p>\n\n\n\n<h2 class=\"wp-block-heading\">4 &#8211; Governo v\u00ea &#8216;fracasso&#8217; em greve de caminhoneiros<\/h2>\n\n\n\n<p>O <strong>ministro da Infraestrutura, Tarc\u00edsio de Freitas<\/strong>, disse que o governo pretende seguir adiante com uma agenda voltada aos caminhoneiros, independentemente de <strong>a greve marcada para esta segunda-feira (1), ter &#8220;fracassado&#8221;<\/strong>.<\/p>\n\n\n\n<p>Balan\u00e7o do minist\u00e9rio e da Pol\u00edcia Rodovi\u00e1ria Federal indicaram <strong>baixa ades\u00e3o ao movimento<\/strong>, organizado por lideran\u00e7as dos caminhoneiros aut\u00f4nomos para defender a redu\u00e7\u00e3o no PIS\/Cofins sobre o \u00f3leo diesel e o aumento e cumprimento da tabela do piso m\u00ednimo do frete, estabelecido em 2018 ap\u00f3s a paralisa\u00e7\u00e3o de 11 dias, entre outros itens. Balan\u00e7o divulgado \u00e0s 17 horas mostrava fluxo livre de ve\u00edculos em rodovias federais concedidas ou sob gest\u00e3o do Departamento Nacional de Infraestrutura de Transportes (Dnit).<\/p>\n\n\n\n<p>&#8220;A greve fracassou e fez \u00e1gua. Conversamos muito com os caminheiros e, desde o in\u00edcio, a gente j\u00e1 dizia que essa greve n\u00e3o ia voar. <strong>As poucas coisas que aconteceram, como queimada de pneus e paralisa\u00e7\u00e3o em S\u00e3o Paulo, n\u00e3o t\u00eam rela\u00e7\u00e3o com os caminhoneiros<\/strong>. Agora, n\u00e3o \u00e9 porque a greve n\u00e3o prosperou que vamos abandonar a agenda, mas precisamos estudar&#8221;, disse o ministro ao &#8220;Estad\u00e3o&#8221;.<\/p>\n\n\n\n<h2 class=\"wp-block-heading\">5 &#8211; Ao lado de Bolsonaro,&nbsp;Fux&nbsp;desmente de novo que STF proibiu governo federal de agir em pandemia<\/h2>\n\n\n\n<p>Ao lado do presidente Jair Bolsonaro, o <strong>presidente do Supremo Tribunal Federal (STF), Luiz&nbsp;Fux<\/strong>, aproveitou a abertura do ano do Judici\u00e1rio para refor\u00e7ar que a corte nunca retirou do governo federal o poder de agir contra a pandemia de Covid-19, mas delegou a a\u00e7\u00e3o a todos os n\u00edveis de governo.<\/p>\n\n\n\n<p>Desde a decis\u00e3o do STF, em abril de 2020, <strong>Bolsonaro passou a dizer que foi impedido de agir<\/strong>, em uma tentativa de se esquivar dos resultados ruins da gest\u00e3o da crise no pa\u00eds, onde mais de 224 mil pessoas morreram em decorr\u00eancia da doen\u00e7a.<\/p>\n\n\n\n<p>&#8220;No auge da conjuntura cr\u00edtica o STF, em sua fei\u00e7\u00e3o colegiada, operou escolhas corretas e prudentes para preserva\u00e7\u00e3o da Constitui\u00e7\u00e3o e da democracia, impondo responsabilidade da tutela da sa\u00fade e da sociedade a todos os entes federativos, em prol da prote\u00e7\u00e3o de todo cidad\u00e3o brasileiro&#8221;, disse&nbsp;Fux.<\/p>\n\n\n\n<p><em>*Com Reuters e Estad\u00e3o Conte\u00fado<\/em><\/p>\n","protected":false},"excerpt":{"rendered":"<p>Com o controle da pauta nas duas casas legislativas, governo espera destravar agenda de reformas.<\/p>\n","protected":false},"author":17,"featured_media":225975,"comment_status":"closed","ping_status":"open","sticky":false,"template":"","format":"standard","meta":{"_acf_changed":false,"inline_featured_image":false,"footnotes":""},"categories":[5],"tags":[1435,2346,2340,234],"autor-wsj":[],"coauthors":[1498],"class_list":["post-225974","post","type-post","status-publish","format-standard","has-post-thumbnail","hentry","category-economia","tag-5g","tag-arthur-lira","tag-gamestop","tag-jair-bolsonaro"],"acf":[],"amp_enabled":true,"_links":{"self":[{"href":"https:\/\/investnews.com.br\/inv-api\/wp\/v2\/posts\/225974","targetHints":{"allow":["GET"]}}],"collection":[{"href":"https:\/\/investnews.com.br\/inv-api\/wp\/v2\/posts"}],"about":[{"href":"https:\/\/investnews.com.br\/inv-api\/wp\/v2\/types\/post"}],"author":[{"embeddable":true,"href":"https:\/\/investnews.com.br\/inv-api\/wp\/v2\/users\/17"}],"replies":[{"embeddable":true,"href":"https:\/\/investnews.com.br\/inv-api\/wp\/v2\/comments?post=225974"}],"version-history":[{"count":8,"href":"https:\/\/investnews.com.br\/inv-api\/wp\/v2\/posts\/225974\/revisions"}],"predecessor-version":[{"id":226003,"href":"https:\/\/investnews.com.br\/inv-api\/wp\/v2\/posts\/225974\/revisions\/226003"}],"wp:featuredmedia":[{"embeddable":true,"href":"https:\/\/investnews.com.br\/inv-api\/wp\/v2\/media\/225975"}],"wp:attachment":[{"href":"https:\/\/investnews.com.br\/inv-api\/wp\/v2\/media?parent=225974"}],"wp:term":[{"taxonomy":"category","embeddable":true,"href":"https:\/\/investnews.com.br\/inv-api\/wp\/v2\/categories?post=225974"},{"taxonomy":"post_tag","embeddable":true,"href":"https:\/\/investnews.com.br\/inv-api\/wp\/v2\/tags?post=225974"},{"taxonomy":"autor-wsj","embeddable":true,"href":"https:\/\/investnews.com.br\/inv-api\/wp\/v2\/autor-wsj?post=225974"},{"taxonomy":"author","embeddable":true,"href":"https:\/\/investnews.com.br\/inv-api\/wp\/v2\/coauthors?post=225974"}],"curies":[{"name":"wp","href":"https:\/\/api.w.org\/{rel}","templated":true}]}}