{"id":226006,"date":"2021-02-02T09:14:00","date_gmt":"2021-02-02T12:14:00","guid":{"rendered":"https:\/\/investnews.com.br\/?p=226006"},"modified":"2024-06-26T12:14:12","modified_gmt":"2024-06-26T15:14:12","slug":"quem-e-arthur-lira-novo-presidente-da-camara-dos-deputados","status":"publish","type":"post","link":"https:\/\/investnews.com.br\/economia\/quem-e-arthur-lira-novo-presidente-da-camara-dos-deputados\/","title":{"rendered":"Quem \u00e9 Arthur Lira, novo presidente da C\u00e2mara dos Deputados"},"content":{"rendered":"\n<p>O deputado <strong><a class=\"rank-math-link\" href=\"https:\/\/investnews.com.br\/financas\/bolsa-de-valores-recuperacao-temporaria\/\">Arthur Lira<\/a> (PP-AL)<\/strong> \u00e9 o <strong>novo presidente da C\u00e2mara dos Deputados. O parlamentar foi eleito nesta segunda-feira (1\u00ba)<\/strong>, em primeiro turno, com 302 votos e <a href=\"https:\/\/investnews.com.br\/geral\/5-fatos-para-hoje-lira-e-pacheco-eleitos-no-congresso-em-busca-da-prata\/\" class=\"rank-math-link\">comandar\u00e1 a Casa no bi\u00eanio 2021-2022<\/a>. Em segundo lugar ficou o deputado Baleia Rossi (MDB-SP), com 145 votos.\u00a0<\/p>\n\n\n\n<p><strong>MAIS:<\/strong> <a href=\"https:\/\/investnews.com.br\/programas\/mais-investnews\/por-que-o-mercado-esta-de-olho-nas-eleicoes-no-congresso\/\" class=\"rank-math-link\"><strong>Por que o mercado est\u00e1 de olho nas elei\u00e7\u00f5es no Congresso<\/strong><\/a><\/p>\n\n\n\n<p>Ao todo, 503 deputados votaram. Oito candidatos disputaram a elei\u00e7\u00e3o para o cargo de presidente da C\u00e2mara. Em seu primeiro ato como presidente, Arthur Lira anulou a vota\u00e7\u00e3o dos demais cargos da mesa diretora. O parlamentar determinou a realiza\u00e7\u00e3o de uma nova elei\u00e7\u00e3o para a escolha de seus integrantes nesta ter\u00e7a-feira (2), \u00e0s 16h.&nbsp;<\/p>\n\n\n\n<h2 class=\"wp-block-heading\">Advogado e pecuarista<\/h2>\n\n\n\n<p>Formado em direito pela Universidade Federal de Alagoas (UFAL),&nbsp;Lira tem 51 anos de idade, \u00e9 empres\u00e1rio, advogado e pecuarista. Filiado ao Progressistas (PP), ele \u00e9 l\u00edder do Centr\u00e3o e est\u00e1 no terceiro mandato como deputado federal pelo estado de Alagoas. Em 2018,<strong>&nbsp;<\/strong>foi o segundo mais votado em seu estado, com 143.858 votos. <\/p>\n\n\n\n<p> Em 2015, Lira ocupou um posto prestigiado no Legislativo: assumiu a fun\u00e7\u00e3o de&nbsp;presidente da Comiss\u00e3o de Constitui\u00e7\u00e3o e Justi\u00e7a (CCJ)&nbsp;da C\u00e2mara, por onde passam todas as propostas em tramita\u00e7\u00e3o. Em 2016, esteve \u00e0 frente da&nbsp;Comiss\u00e3o Mista de Or\u00e7amento (CMO)&nbsp;do Congresso, que define as despesas consideradas priorit\u00e1rias pelo governo. <\/p>\n\n\n\n<p>O novo presidente da C\u00e2mara \u00e9 aliado do presidente Jair Bolsonaro. Ele afirmou em ocasi\u00f5es anteriores que  n\u00e3o tem como propor uma &#8220;solu\u00e7\u00e3o de curto prazo&#8221;&nbsp;para substituir o aux\u00edlio emergencial, mas chegou a defender que novas despesas p\u00fablicas devem respeitar o teto de gastos, em linha com a equipe econ\u00f4mica.<\/p>\n\n\n\n<h2 class=\"wp-block-heading\">Atua\u00e7\u00e3o harm\u00f4nica<\/h2>\n\n\n\n<p>Ao iniciar seu discurso como presidente, Lira pediu um minuto de sil\u00eancio em homenagem \u00e0s v\u00edtimas da pandemia de Covid-19. O parlamentar afirmou que a pandemia deve ser enfrentada com uma \u201catua\u00e7\u00e3o harm\u00f4nica dos poderes sem abrir m\u00e3o da independ\u00eancia\u201d entre Legislativo e Executivo.<\/p>\n\n\n\n<p>&#8220;Precisamos urgentemente amparar os brasileiros que est\u00e3o em caso de desespero econ\u00f4mico; analisar como fortalecer nossa rede de prote\u00e7\u00e3o social; vacinar, vacinar e vacinar a popula\u00e7\u00e3o; e buscar o equil\u00edbrio das contas p\u00fablicas\u201d, argumentou.<\/p>\n\n\n\n<p>Ao discursar antes da vota\u00e7\u00e3o, Lira afirmou que haver\u00e1 reuni\u00e3o de l\u00edderes partid\u00e1rios \u00e0s quintas-feiras para construir a pauta de vota\u00e7\u00e3o. Al\u00e9m disso, ser\u00e3o definidos os relatores das propostas, respeitada a proporcionalidade partid\u00e1ria.<\/p>\n\n\n\n<p>\u201cQuando um deputado ou deputada atinge a presid\u00eancia [da Casa], \u00e9 imposta automaticamente a perda da mais fundamental prerrogativa parlamentar, a de votar\u201d, disse. \u201cIsso quer dizer que o presidente n\u00e3o pode ter posi\u00e7\u00f5es pessoais.\u201d<\/p>\n\n\n\n<p><em>*Com Ag\u00eancia Brasil<\/em><\/p>\n","protected":false},"excerpt":{"rendered":"<p>Empres\u00e1rio, advogado e pecuarista, Lira tem 51 anos e est\u00e1 no terceiro mandato como deputado federal.<\/p>\n","protected":false},"author":7,"featured_media":226007,"comment_status":"closed","ping_status":"open","sticky":false,"template":"","format":"standard","meta":{"_acf_changed":false,"inline_featured_image":false,"footnotes":""},"categories":[5],"tags":[2346],"autor-wsj":[],"coauthors":[1494],"class_list":["post-226006","post","type-post","status-publish","format-standard","has-post-thumbnail","hentry","category-economia","tag-arthur-lira"],"acf":[],"amp_enabled":true,"_links":{"self":[{"href":"https:\/\/investnews.com.br\/inv-api\/wp\/v2\/posts\/226006","targetHints":{"allow":["GET"]}}],"collection":[{"href":"https:\/\/investnews.com.br\/inv-api\/wp\/v2\/posts"}],"about":[{"href":"https:\/\/investnews.com.br\/inv-api\/wp\/v2\/types\/post"}],"author":[{"embeddable":true,"href":"https:\/\/investnews.com.br\/inv-api\/wp\/v2\/users\/7"}],"replies":[{"embeddable":true,"href":"https:\/\/investnews.com.br\/inv-api\/wp\/v2\/comments?post=226006"}],"version-history":[{"count":20,"href":"https:\/\/investnews.com.br\/inv-api\/wp\/v2\/posts\/226006\/revisions"}],"predecessor-version":[{"id":272088,"href":"https:\/\/investnews.com.br\/inv-api\/wp\/v2\/posts\/226006\/revisions\/272088"}],"wp:featuredmedia":[{"embeddable":true,"href":"https:\/\/investnews.com.br\/inv-api\/wp\/v2\/media\/226007"}],"wp:attachment":[{"href":"https:\/\/investnews.com.br\/inv-api\/wp\/v2\/media?parent=226006"}],"wp:term":[{"taxonomy":"category","embeddable":true,"href":"https:\/\/investnews.com.br\/inv-api\/wp\/v2\/categories?post=226006"},{"taxonomy":"post_tag","embeddable":true,"href":"https:\/\/investnews.com.br\/inv-api\/wp\/v2\/tags?post=226006"},{"taxonomy":"autor-wsj","embeddable":true,"href":"https:\/\/investnews.com.br\/inv-api\/wp\/v2\/autor-wsj?post=226006"},{"taxonomy":"author","embeddable":true,"href":"https:\/\/investnews.com.br\/inv-api\/wp\/v2\/coauthors?post=226006"}],"curies":[{"name":"wp","href":"https:\/\/api.w.org\/{rel}","templated":true}]}}