{"id":228826,"date":"2021-02-05T13:42:23","date_gmt":"2021-02-05T16:42:23","guid":{"rendered":"https:\/\/investnews.com.br\/?p=228826"},"modified":"2025-08-08T16:50:55","modified_gmt":"2025-08-08T19:50:55","slug":"governo-estuda-reduzir-pis-cofins-sobre-combustiveis-diz-guedes","status":"publish","type":"post","link":"https:\/\/investnews.com.br\/economia\/governo-estuda-reduzir-pis-cofins-sobre-combustiveis-diz-guedes\/","title":{"rendered":"Governo estuda reduzir PIS\/Cofins sobre combust\u00edveis, diz Guedes"},"content":{"rendered":"<p>O governo examina a possibilidade de reduzir gradualmente o PIS\/Cofins incidente sobre os combust\u00edveis, disse nesta sexta-feira (5) o ministro da Economia, Paulo Guedes, acrescentando que <strong>a medida poder\u00e1 entrar em vigor antes da reforma tribut\u00e1ria em tramita\u00e7\u00e3o no Congresso.<\/strong><\/p><p>A declara\u00e7\u00e3o foi feita em evento no Pal\u00e1cio do Planalto em que o governo anunciou proposta de mudan\u00e7a na sistem\u00e1tica da tributa\u00e7\u00e3o dos estados sobre os combust\u00edveis.<\/p><p><strong>Leia mais:<\/strong> Como <a href=\"https:\/\/investnews.com.br\/geral\/como-consultar-seu-numero-do-pis-ou-nis-veja-em-5-passos\/\">consultar n\u00famero do PIS<\/a> ou NIS?<\/p><p>&#8220;O PIS\/Cofins, especificamente do governo federal, n\u00f3s estamos examinando como desonerar isso da\u00ed. Eu tenho at\u00e9 35 centavos nesse pre\u00e7o (do combust\u00edvel), evidentemente n\u00e3o podemos fazer isso de uma vez. \u00c9 caro, \u00e9 bastante dinheiro, mas n\u00f3s temos que come\u00e7ar o movimento nessa dire\u00e7\u00e3o, e estamos estudando exatamente isso&#8221;, disse Guedes.<\/p><figure class=\"wp-block-image size-large\"><img decoding=\"async\" src=\"https:\/\/media.investnews.com.br\/uploads\/2021\/02\/2021-02-05T163647Z_1_LYNXMPEH1419Z_RTROPTP_4_BRAZIL-POLITICS-1024x683.jpg\" alt=\"\" class=\"wp-image-228830\"><figcaption>07\/10\/2020\nREUTERS\/Ueslei Marcelino<\/figcaption><\/figure><p>Segundo o ministro, <strong>o governo tem tido uma arrecada\u00e7\u00e3o crescente e a ideia \u00e9 que esse ganho seja revertido em desonera\u00e7\u00e3o.<\/strong><\/p><p>&#8220;Os par\u00e2metros fiscais mostram uma arrecada\u00e7\u00e3o crescente, e realmente tem acontecido isso. Ent\u00e3o n\u00f3s podemos, em vez disso se transformar em aumento de arrecada\u00e7\u00e3o para o governo federal, n\u00f3s podemos desonerar cada vez mais esse imposto&#8221;, disse Guedes.<\/p><h2 class=\"wp-block-heading\">Valor fixo para ICMS<\/h2><figure class=\"wp-block-image size-large\"><img decoding=\"async\" src=\"https:\/\/media.investnews.com.br\/uploads\/2021\/02\/2021-02-05T140037Z_1_LYNXMPEH140ZQ_RTROPTP_4_POLITICA-BOLSONARO-COMBUSTIVEIS-ICMS-1024x683.jpg\" alt=\"\" class=\"wp-image-228831\"><figcaption>Presidente Jair Bolsonaro no Pal\u00e1cio do Planalto\n12\/01\/2021 REUTERS\/Adriano Machado<\/figcaption><\/figure><p>No mesmo evento, o presidente Jair Bolsonaro disse que <strong>pretende enviar ao Congresso um projeto de lei para tratar da incid\u00eancia do <a href=\"https:\/\/investnews.com.br\/guias\/o-que-e-icms\/\">ICMS<\/a><\/strong>, imposto de compet\u00eancia dos governos estaduais, sobre os combust\u00edveis.<\/p><p>Em entrevista coletiva ao lado e de ministros como Guedes e Bento Albuquerque (Minas e Energia), Bolsonaro defendeu um valor fixo para o ICMS sobre combust\u00edveis a ser determinado pelas Assembleias Legislativas de cada estado. Ele tem defendido que haja mais previsibilidade sobre as cota\u00e7\u00f5es dos combust\u00edveis. <\/p><figure class=\"wp-block-image size-large\"><img loading=\"lazy\" decoding=\"async\" width=\"750\" height=\"711\" src=\"https:\/\/media.investnews.com.br\/uploads\/2021\/02\/Info_bomba_gas-1.jpg\" alt=\"Infogr\u00e1fico de bomba de combust\u00edvel mostra a composi\u00e7\u00e3o do pre\u00e7o do diesel S-10, com percentuais de impostos, custos e margem da Petrobras.\" class=\"wp-image-228513\" srcset=\"https:\/\/media.investnews.com.br\/uploads\/2021\/02\/Info_bomba_gas-1.jpg 750w, https:\/\/media.investnews.com.br\/uploads\/2021\/02\/Info_bomba_gas-1-300x284.jpg 300w, https:\/\/media.investnews.com.br\/uploads\/2021\/02\/Info_bomba_gas-1-172x163.jpg 172w, https:\/\/media.investnews.com.br\/uploads\/2021\/02\/Info_bomba_gas-1-150x142.jpg 150w\" sizes=\"auto, (max-width: 750px) 100vw, 750px\" \/><\/figure><h2 class=\"wp-block-heading\">Interfer\u00eancia na Petrobras<\/h2><p>Bolsonaro tamb\u00e9m afirmou  que seu governo n\u00e3o interfere e n\u00e3o interferir\u00e1 na Petrobras (<a href=\"https:\/\/investnews.com.br\/cotacao\/petr3-petr4-petrobras\/\" class=\"rank-math-link\">PETR3<\/a> e <a href=\"https:\/\/investnews.com.br\/cotacao\/petr3-petr4-petrobras\/\" class=\"rank-math-link\">PETR4<\/a>). O presidente da Petrobras, Roberto Castello Branco, que tamb\u00e9m estava na coletiva, afirmou que, ao longo de mais de dois anos da administra\u00e7\u00e3o de Bolsonaro, o governo federal nunca interferiu em pol\u00edticas de pre\u00e7os de combust\u00edveis da Petrobras ou assuntos internos da empresa.<\/p><p>A afirma\u00e7\u00e3o a jornalistas foi feita ap\u00f3s reuni\u00e3o com Bolsonaro. O presidente da Petrobras refor\u00e7ou ainda que <a href=\"https:\/\/investnews.com.br\/economia\/greve-dos-caminhoneiros-termina-sem-adesao-veja-comparacoes-de-precos-do-diesel\/\" class=\"rank-math-link\">os pre\u00e7os de combust\u00edveis s\u00e3o determinados pelo mercado global<\/a>, ressaltando a independ\u00eancia da companhia para decidir sobre as cota\u00e7\u00f5es. Ele lembrou que interfer\u00eancias do Estado no tema foram desastrosas no passado, gerando perdas de US$ 40 bilh\u00f5es para a companhia.<\/p><p>O executivo ressaltou que a Petrobras tamb\u00e9m reduz seus pre\u00e7os ao seguir valores internacionais, comentando que <a href=\"https:\/\/investnews.com.br\/economia\/greve-dos-caminhoneiros-termina-sem-adesao-veja-comparacoes-de-precos-do-diesel\/\" class=\"rank-math-link\">nos cinco primeiros meses de 2020 a empresa reduziu as cota\u00e7\u00f5es em 40%, enquanto a redu\u00e7\u00e3o na bomba foi de 14%.<\/a><\/p><figure class=\"wp-block-image size-large\"><img decoding=\"async\" src=\"https:\/\/media.investnews.com.br\/uploads\/2021\/02\/2021-02-05T143220Z_2_LYNXMPEH14114_RTROPTP_4_PETROBRAS-OUTLOOK-1024x702.jpg\" alt=\"\" class=\"wp-image-228832\"><figcaption>Presidente da Petrobras, Roberto Castello Branco. REUTERS\/Sergio Moraes<\/figcaption><\/figure><p>O ministro de Minas e Energia, Bento Albuquerque, disse acreditar que o governo dever\u00e1 ter em breve medidas para evitar a <a href=\"https:\/\/investnews.com.br\/guias\/volatilidade-o-que-e\/\">volatilidade<\/a> de pre\u00e7os.<\/p><p>J\u00e1 o ministro de Infraestrutura, Tarc\u00edsio de Freitas, importante interlocutor do governo com os caminhoneiros, agradeceu a &#8220;grandeza&#8221; dos motoristas, que n\u00e3o realizaram uma greve prevista para o in\u00edcio da semana. Ele disse ainda que o governo mant\u00e9m uma agenda permanente com os caminhoneiros.<\/p><p>Apesar das queixas dos caminhoneiros, importadores de combust\u00edveis t\u00eam afirmado que <a href=\"https:\/\/investnews.com.br\/economia\/greve-dos-caminhoneiros-termina-sem-adesao-veja-comparacoes-de-precos-do-diesel\/\" class=\"rank-math-link\">as cota\u00e7\u00f5es da Petrobras est\u00e3o, na verdade, abaixo da paridade do mercado internacional,<\/a> e que a petroleira n\u00e3o tem repassado as altas adequadamente, o que a empresa nega. <\/p><p><strong>Leia tamb\u00e9m:<\/strong> <a href=\"https:\/\/investnews.com.br\/economia\/greve-dos-caminhoneiros-termina-sem-adesao-veja-comparacoes-de-precos-do-diesel\/\" class=\"rank-math-link\">Greve de caminhoneiros termina sem ades\u00e3o; veja compara\u00e7\u00f5es dos pre\u00e7os do diesel<\/a><\/p>\n","protected":false},"excerpt":{"rendered":"<p>J\u00e1 Bolsonaro afirma que o governo deve enviar a Congresso um projeto para mudar ICMS.<\/p>\n","protected":false},"author":7,"featured_media":228837,"comment_status":"closed","ping_status":"open","sticky":false,"template":"","format":"standard","meta":{"_acf_changed":false,"inline_featured_image":false,"footnotes":""},"categories":[5],"tags":[653,759,347,21],"autor-wsj":[],"coauthors":[1494],"class_list":["post-228826","post","type-post","status-publish","format-standard","has-post-thumbnail","hentry","category-economia","tag-combustiveis","tag-diesel","tag-paulo-guedes","tag-petrobras"],"acf":[],"amp_enabled":true,"_links":{"self":[{"href":"https:\/\/investnews.com.br\/inv-api\/wp\/v2\/posts\/228826","targetHints":{"allow":["GET"]}}],"collection":[{"href":"https:\/\/investnews.com.br\/inv-api\/wp\/v2\/posts"}],"about":[{"href":"https:\/\/investnews.com.br\/inv-api\/wp\/v2\/types\/post"}],"author":[{"embeddable":true,"href":"https:\/\/investnews.com.br\/inv-api\/wp\/v2\/users\/7"}],"replies":[{"embeddable":true,"href":"https:\/\/investnews.com.br\/inv-api\/wp\/v2\/comments?post=228826"}],"version-history":[{"count":11,"href":"https:\/\/investnews.com.br\/inv-api\/wp\/v2\/posts\/228826\/revisions"}],"predecessor-version":[{"id":705048,"href":"https:\/\/investnews.com.br\/inv-api\/wp\/v2\/posts\/228826\/revisions\/705048"}],"wp:featuredmedia":[{"embeddable":true,"href":"https:\/\/investnews.com.br\/inv-api\/wp\/v2\/media\/228837"}],"wp:attachment":[{"href":"https:\/\/investnews.com.br\/inv-api\/wp\/v2\/media?parent=228826"}],"wp:term":[{"taxonomy":"category","embeddable":true,"href":"https:\/\/investnews.com.br\/inv-api\/wp\/v2\/categories?post=228826"},{"taxonomy":"post_tag","embeddable":true,"href":"https:\/\/investnews.com.br\/inv-api\/wp\/v2\/tags?post=228826"},{"taxonomy":"autor-wsj","embeddable":true,"href":"https:\/\/investnews.com.br\/inv-api\/wp\/v2\/autor-wsj?post=228826"},{"taxonomy":"author","embeddable":true,"href":"https:\/\/investnews.com.br\/inv-api\/wp\/v2\/coauthors?post=228826"}],"curies":[{"name":"wp","href":"https:\/\/api.w.org\/{rel}","templated":true}]}}