{"id":22895,"date":"2020-10-26T16:00:00","date_gmt":"2020-10-26T19:00:00","guid":{"rendered":"https:\/\/investnews.com.br\/?p=22895"},"modified":"2020-10-26T16:51:43","modified_gmt":"2020-10-26T19:51:43","slug":"juro-do-rotativo-do-cartao-cai-para-3099-ao-ano-em-setembro","status":"publish","type":"post","link":"https:\/\/investnews.com.br\/economia\/juro-do-rotativo-do-cartao-cai-para-3099-ao-ano-em-setembro\/","title":{"rendered":"Juro do rotativo do cart\u00e3o cai para 309,9% ao ano em setembro"},"content":{"rendered":"\n<p>Em meio aos efeitos da pandemia do novo coronav\u00edrus sobre a economia, a<strong> taxa m\u00e9dia de juros no cr\u00e9dito livre caiu de 26,5% ao ano em agosto para 25,7% ao ano em setembro<\/strong>, informou nesta segunda-feira (26) o Banco Central. Em setembro de 2019, essa taxa estava em 36,1% ao ano.<\/p>\n\n\n\n<p><strong>LEIA MAIS:<\/strong> <a href=\"https:\/\/investnews.com.br\/geral\/cartao-de-credito-veja-5-dicas-para-fazer-dele-um-aliado\/\" class=\"rank-math-link\"><strong>D\u00edvida no cart\u00e3o de cr\u00e9dito? 5 passos para fazer dele um aliado<\/strong><\/a><\/p>\n\n\n\n<p>Os dados apresentados pelo BC s\u00e3o influenciados pelos efeitos da pandemia, que colocou em isolamento social boa parte da popula\u00e7\u00e3o e reduziu a atividade das empresas &#8211; em especial, nos meses de mar\u00e7o e abril. Em meio \u00e0 car\u00eancia de recursos,<strong> fam\u00edlias e empresas aumentaram a demanda por algumas linhas de cr\u00e9dito nos bancos<\/strong>.<\/p>\n\n\n\n<p>Para as pessoas f\u00edsicas, a taxa m\u00e9dia de juros no cr\u00e9dito livre passou de 39,0% para 38,0% ao ano de agosto para setembro, enquanto para as pessoas jur\u00eddicas foi de 12,1% para 11,4% ao ano.<\/p>\n\n\n\n<h2 class=\"wp-block-heading\"><strong>Cheque especial<\/strong><\/h2>\n\n\n\n<p>Entre as principais linhas de cr\u00e9dito livre para a pessoa f\u00edsica, destaque para o <strong>cheque especial, cuja taxa passou de 112,6% ao ano para 114,2% ao ano<\/strong> de agosto para setembro. <strong>No cr\u00e9dito pessoal, a taxa passou de 30,0% para 29,5% ao ano.<\/strong><\/p>\n\n\n\n<p>Desde julho de 2018, os bancos est\u00e3o <a href=\"https:\/\/investnews.com.br\/economia\/bancos-ja-podem-cobrar-taxa-pelo-cheque-especial-veja-perguntas-e-respostas\/\" class=\"rank-math-link\">oferecendo um parcelamento para d\u00edvidas no cheque especial<\/a>. A op\u00e7\u00e3o vale para d\u00e9bitos superiores a R$ 200. Desde 6 de janeiro de 2020, o BC aplica uma <strong>limita\u00e7\u00e3o dos juros do cheque especial<\/strong>, em 8% ao ano (151,82% ao ano).<\/p>\n\n\n\n<p>Al\u00e9m da limita\u00e7\u00e3o do juro, os dados refletem uma revis\u00e3o realizada na s\u00e9rie hist\u00f3rica do BC. De acordo com a autarquia, os n\u00fameros passaram a considerar o fato de alguns bancos cobrarem juro no cheque especial apenas ap\u00f3s dez dias de atraso no pagamento da fatura. Antes, era considerado todo o per\u00edodo de atraso. Esta mudan\u00e7a fez com que o n\u00edvel do juro no cheque especial, na nova s\u00e9rie hist\u00f3rica, fosse menor em anos anteriores.<\/p>\n\n\n\n<p>Os dados divulgados nesta segunda pelo Banco Central mostraram ainda que, para aquisi\u00e7\u00e3o de ve\u00edculos, os juros foram de 18,9% ao ano em agosto para 18,6% em setembro.<\/p>\n\n\n\n<p>A taxa m\u00e9dia de juros no cr\u00e9dito total, que inclui opera\u00e7\u00f5es livres e direcionadas (com recursos da <a href=\"https:\/\/investnews.com.br\/guias\/poupanca-como-funciona-quanto-rende\/\">poupan\u00e7a<\/a> e do BNDES), foi de 18,6% ao ano em agosto para 18,1% ao ano em setembro. Em setembro de 2019, estava em 24,0%.<\/p>\n\n\n\n<h2 class=\"wp-block-heading\"><strong>Rotativo do cart\u00e3o de cr\u00e9dito<\/strong><\/h2>\n\n\n\n<p>Com as fam\u00edlias em dificuldades para fechar as contas, o <strong>juro m\u00e9dio total cobrado pelos bancos no rotativo do cart\u00e3o de cr\u00e9dito caiu 0,3 ponto porcentual<\/strong> de agosto para setembro, segundo o Banco Central. A taxa <strong>passou de 310,2% para 309,9% ao ano.<\/strong><\/p>\n\n\n\n<figure class=\"wp-block-embed-youtube wp-block-embed is-type-video is-provider-youtube wp-embed-aspect-16-9 wp-has-aspect-ratio\"><div class=\"wp-block-embed__wrapper\">\n<iframe loading=\"lazy\" title=\"Nubank quer acabar com o rotativo do cart\u00e3o de cr\u00e9dito: entenda o que pode mudar\" width=\"500\" height=\"281\" src=\"https:\/\/www.youtube.com\/embed\/CJCtvdK-o4E?feature=oembed\" frameborder=\"0\" allow=\"accelerometer; autoplay; clipboard-write; encrypted-media; gyroscope; picture-in-picture; web-share\" referrerpolicy=\"strict-origin-when-cross-origin\" allowfullscreen><\/iframe>\n<\/div><\/figure>\n\n\n\n<p>Com a car\u00eancia de recursos, as fam\u00edlias aumentaram a demanda por algumas linhas de cr\u00e9dito nos bancos. O <a href=\"https:\/\/investnews.com.br\/financas\/as-7-armadilhas-do-cartao-de-credito-que-voce-deve-evitar\/\" class=\"rank-math-link\">rotativo do cart\u00e3o<\/a>, juntamente com o cheque especial, \u00e9 uma modalidade de cr\u00e9dito emergencial, muito acessada em momentos de dificuldades.<\/p>\n\n\n\n<p>O juro do rotativo \u00e9 uma das taxas mais elevadas entre as avaliadas pelo BC. Dentro desta rubrica, a <strong>taxa da modalidade rotativo regular passou de 270,3% para 268,6% ao ano<\/strong> de agosto para setembro. Neste caso, s\u00e3o consideradas as opera\u00e7\u00f5es com cart\u00e3o rotativo em que houve o pagamento m\u00ednimo da fatura.<\/p>\n\n\n\n<p>J\u00e1 a taxa de juros da modalidade rotativo n\u00e3o regular passou de 335,2% para 336,8% ao ano. O rotativo n\u00e3o regular inclui as opera\u00e7\u00f5es nas quais o pagamento m\u00ednimo da fatura n\u00e3o foi realizado. <strong>No caso do parcelado, ainda dentro de cart\u00e3o de cr\u00e9dito, o juro passou de 137,8% para 142,1% ao ano<\/strong>.<\/p>\n\n\n\n<p>Considerando <strong>o juro total do cart\u00e3o de cr\u00e9dito, que leva em conta opera\u00e7\u00f5es do rotativo e do parcelado, a taxa passou de 65,1% para 62,3%<\/strong>.<\/p>\n\n\n\n<p>Em abril de 2017, come\u00e7ou a valer a regra que obriga os bancos a transferir, ap\u00f3s um m\u00eas, a d\u00edvida do rotativo do cart\u00e3o de cr\u00e9dito para o parcelado, a juros mais baixos.<\/p>\n\n\n\n<p>A inten\u00e7\u00e3o do governo com a nova regra era permitir que a taxa de juros para o rotativo do cart\u00e3o de cr\u00e9dito recuasse, j\u00e1 que o risco de inadimpl\u00eancia, em tese, cai com a migra\u00e7\u00e3o para o parcelado. Atualmente, por\u00e9m, o risco de inadimpl\u00eancia aumentou, justamente porque muitas fam\u00edlias est\u00e3o enfrentando redu\u00e7\u00e3o de renda, na esteira da pandemia.<\/p>\n\n\n\n<h2 class=\"wp-block-heading\"><strong>Spread em queda<\/strong><\/h2>\n\n\n\n<p>Em meio \u00e0 pandemia do novo coronav\u00edrus, o spread em opera\u00e7\u00f5es de cr\u00e9dito apresentou redu\u00e7\u00e3o. Dados divulgados pelo Banco Central mostram que <strong>o spread banc\u00e1rio m\u00e9dio no cr\u00e9dito livre passou de 22,1 pontos porcentuais em agosto para 21,1 pontos porcentuais em setembro.<\/strong><\/p>\n\n\n\n<p>O spread m\u00e9dio da pessoa f\u00edsica no cr\u00e9dito livre foi de 34,2 para 32,8 pontos porcentuais no per\u00edodo. Para pessoa jur\u00eddica, o spread m\u00e9dio passou de 8,3 para 7,4 pontos porcentuais.<\/p>\n\n\n\n<p>O spread \u00e9 calculado com base na diferen\u00e7a entre o custo de capta\u00e7\u00e3o de recursos pelos bancos e o que \u00e9 efetivamente cobrado dos clientes finais (fam\u00edlias e empresas) em opera\u00e7\u00f5es de cr\u00e9dito.<\/p>\n\n\n\n<p>O spread m\u00e9dio do cr\u00e9dito direcionado foi de 4,4 para 4,2 pontos porcentuais na passagem de agosto para setembro. J\u00e1 o spread m\u00e9dio no cr\u00e9dito total (livre e direcionado) foi de 14,9 para 14,3 pontos porcentuais no per\u00edodo.<\/p>\n\n\n\n<h2 class=\"wp-block-heading\"><strong>Endividamento<\/strong><\/h2>\n\n\n\n<p>O endividamento das fam\u00edlias brasileiras com o sistema financeiro ficou em 47,5% em julho, ante 46,7% em junho, informou o Banco Central. Se forem descontadas as d\u00edvidas imobili\u00e1rias, o endividamento ficou em 27,6% em julho, ante 27,3% em junho.<\/p>\n\n\n\n<p>O c\u00e1lculo do BC leva em conta o total das d\u00edvidas dividido pela renda no per\u00edodo de 12 meses. Al\u00e9m disso, incorpora os dados da Pesquisa Nacional de Amostragem Domiciliar (Pnad) cont\u00ednua e da Pesquisa Mensal de Emprego (PME), ambas do IBGE.<\/p>\n\n\n\n<p>Em fun\u00e7\u00e3o da metodologia utilizada, os n\u00fameros de endividamento sempre s\u00e3o divulgados com apenas um m\u00eas de defasagem. Em setembro, no entanto, o BC havia adiado a divulga\u00e7\u00e3o de dados referentes ao endividamento e ao comprometimento de renda das fam\u00edlias brasileiras, em fun\u00e7\u00e3o de altera\u00e7\u00f5es de datas promovidas pelo IBGE. Agora, o BC atualiza os n\u00fameros, com refer\u00eancia em julho.<\/p>\n\n\n\n<p>Segundo o BC, o comprometimento de renda das fam\u00edlias com o Sistema Financeiro Nacional (SFN) ficou em 20,6% em julho, ante 20,7% em junho. Descontados os empr\u00e9stimos imobili\u00e1rios, o comprometimento da renda ficou em 18,0% em julho, ante 18,2% em junho.<\/p>\n\n\n\n<p><strong>Inadimpl\u00eancia<\/strong><\/p>\n\n\n\n<p>Apesar das dificuldades de fam\u00edlias e empresas para fechar as contas, em meio \u00e0 pandemia do novo coronav\u00edrus, a taxa de inadimpl\u00eancia nas opera\u00e7\u00f5es de cr\u00e9dito livre com os bancos passou de 3,3% para 3,1% de agosto para setembro, informou o Banco Central.<\/p>\n\n\n\n<p>Para as pessoas f\u00edsicas, a taxa de inadimpl\u00eancia foi de 4,8% para 4,6% no per\u00edodo. No caso das empresas, a taxa passou de 1,6% para 1,5%.<\/p>\n\n\n\n<p>A inadimpl\u00eancia do cr\u00e9dito direcionado (recursos da poupan\u00e7a e do BNDES) caiu de 1,7% para 1,4% na passagem de agosto para setembro. No cr\u00e9dito direcionado para empresas, a inadimpl\u00eancia passou de 2,2% para 1,5%.<\/p>\n\n\n\n<p>J\u00e1 o dado que considera o cr\u00e9dito livre mais o direcionado mostra que a taxa de inadimpl\u00eancia foi de 2,6% para 2,4%.<\/p>\n","protected":false},"excerpt":{"rendered":"<p>Taxa m\u00e9dia no cr\u00e9dito livre foi reduzida para 25,7% ao ano em setembro; cheque especial ficou mais caro.<\/p>\n","protected":false},"author":7,"featured_media":2244,"comment_status":"closed","ping_status":"open","sticky":false,"template":"","format":"standard","meta":{"_acf_changed":false,"inline_featured_image":false,"footnotes":""},"categories":[5],"tags":[56,624,42,82,74,354,1616],"autor-wsj":[],"coauthors":[1494],"class_list":["post-22895","post","type-post","status-publish","format-standard","has-post-thumbnail","hentry","category-economia","tag-banco-central","tag-consumidor","tag-credito","tag-dividas","tag-inadimplencia","tag-juros","tag-taxa-de-juros"],"acf":[],"amp_enabled":true,"_links":{"self":[{"href":"https:\/\/investnews.com.br\/inv-api\/wp\/v2\/posts\/22895","targetHints":{"allow":["GET"]}}],"collection":[{"href":"https:\/\/investnews.com.br\/inv-api\/wp\/v2\/posts"}],"about":[{"href":"https:\/\/investnews.com.br\/inv-api\/wp\/v2\/types\/post"}],"author":[{"embeddable":true,"href":"https:\/\/investnews.com.br\/inv-api\/wp\/v2\/users\/7"}],"replies":[{"embeddable":true,"href":"https:\/\/investnews.com.br\/inv-api\/wp\/v2\/comments?post=22895"}],"version-history":[{"count":2,"href":"https:\/\/investnews.com.br\/inv-api\/wp\/v2\/posts\/22895\/revisions"}],"predecessor-version":[{"id":22898,"href":"https:\/\/investnews.com.br\/inv-api\/wp\/v2\/posts\/22895\/revisions\/22898"}],"wp:featuredmedia":[{"embeddable":true,"href":"https:\/\/investnews.com.br\/inv-api\/wp\/v2\/media\/2244"}],"wp:attachment":[{"href":"https:\/\/investnews.com.br\/inv-api\/wp\/v2\/media?parent=22895"}],"wp:term":[{"taxonomy":"category","embeddable":true,"href":"https:\/\/investnews.com.br\/inv-api\/wp\/v2\/categories?post=22895"},{"taxonomy":"post_tag","embeddable":true,"href":"https:\/\/investnews.com.br\/inv-api\/wp\/v2\/tags?post=22895"},{"taxonomy":"autor-wsj","embeddable":true,"href":"https:\/\/investnews.com.br\/inv-api\/wp\/v2\/autor-wsj?post=22895"},{"taxonomy":"author","embeddable":true,"href":"https:\/\/investnews.com.br\/inv-api\/wp\/v2\/coauthors?post=22895"}],"curies":[{"name":"wp","href":"https:\/\/api.w.org\/{rel}","templated":true}]}}