{"id":229385,"date":"2021-02-10T09:43:01","date_gmt":"2021-02-10T12:43:01","guid":{"rendered":"https:\/\/investnews.com.br\/?p=229385"},"modified":"2024-06-24T11:23:55","modified_gmt":"2024-06-24T14:23:55","slug":"morning-call-ibovespa-sente-peso-do-risco-fiscal-centrao-testa-sua-forca","status":"publish","type":"post","link":"https:\/\/investnews.com.br\/financas\/morning-call-ibovespa-sente-peso-do-risco-fiscal-centrao-testa-sua-forca\/","title":{"rendered":"Morning Call: Ibovespa sente peso do risco fiscal; Centr\u00e3o testa sua for\u00e7a"},"content":{"rendered":"\n<p><strong>Destaques (Jos\u00e9 Falc\u00e3o Castro):<\/strong><\/p>\n\n\n\n<figure class=\"wp-block-embed-youtube wp-block-embed is-type-video is-provider-youtube wp-embed-aspect-16-9 wp-has-aspect-ratio\"><div class=\"wp-block-embed__wrapper\">\nhttps:\/\/www.youtube.com\/watch?v=DYqIDO7pc0g\n<\/div><\/figure>\n\n\n\n<p>O dia ser\u00e1 movimentado por falas das maiores autoridades monet\u00e1rias do mundo, Lagarde do Banco Central Europeu (10h), Bailey do Banco Central Ingl\u00eas (14h) e Powell pelo Fed (16h) s\u00e3o destaques hoje na agenda internacional, junto com indicadores de infla\u00e7\u00e3o na Alemanha e nos EUA. O dia no mercado externo ainda ter\u00e1 estoques de petr\u00f3leo e a expectativa pelo pacote fiscal de Biden, que sustenta o movimento de alta das bolsas de Nova York;<\/p>\n\n\n\n<p>O otimismo com est\u00edmulos fiscais e dados melhores sobre a pandemia nos EUA, d\u00e3o um vi\u00e9s de baixa ao d\u00f3lar ante outras moedas e tamb\u00e9m otimismo aos mercados de NY, onde o Nasdaq ontem bateu novo recorde hist\u00f3rico. H\u00e1 instantes, o Dow Jones futuro avan\u00e7ava 0,28%, S&amp;P 500 sobe 0,32%, e o Nasdaq sinaliza mais recordes com alta de 0,43%; Petr\u00f3leo tem alta moderada, tipo Brent operar acima de US$ 61,50;<\/p>\n\n\n\n<p>As bolsas europeias operam sem muito f\u00f4lego em meio a balan\u00e7os corporativos, o \u00edndice pan-europeu Stoxx 600 avan\u00e7a 0,16%; Frankfurt est\u00e1vel (-0,01%), igual a Paris (+0,04%), Londres (+0,34%), Madri (-0,48%), Mil\u00e3o (+0,20%), Lisboa (+0,36%);<\/p>\n\n\n\n<p>Ainda na Alemanha, o CPI (infla\u00e7\u00e3o ao consumidor) subiu 0,8% em janeiro na margem e 1% na base anual, em linha com as expectativas do mercado. Por\u00e9m, o receio \u00e9 uma nova reuni\u00e3o de Merkel com governadores que pode estender o lockdown;<\/p>\n\n\n\n<p>Mais cedo, as bolsas asi\u00e1ticas subiram na v\u00e9spera o feriado do Ano Novo chin\u00eas, que vai durar uma semana e manter\u00e1 sem atualiza\u00e7\u00e3o \u00edndices como o do min\u00e9rio de ferro; Xangai (+1,43%), Nikkei (+0,19%) com bom desempenho da Toyota no 4TRI, Hong Kong (+1,91%) e Kospi de Seul de volta ao territ\u00f3rio positivo (+0,52%);<\/p>\n\n\n\n<p>No Brasil, est\u00e1 confirmada a vota\u00e7\u00e3o do projeto de autonomia do BC na C\u00e2mara, que vai testar a for\u00e7a do centr\u00e3o no comando da casa, mas o risco fiscal com a press\u00e3o do Congresso para o aux\u00edlio emergencial deixa os investidores mais cautelosos, pois n\u00e3o est\u00e1 claro da onde ser\u00e1 retirado o recurso para financiar o programa e se o teto dos gastos ser\u00e1 respeitado.<\/p>\n\n\n\n<figure class=\"wp-block-embed-youtube wp-block-embed is-type-video is-provider-youtube wp-embed-aspect-4-3 wp-has-aspect-ratio\"><div class=\"wp-block-embed__wrapper\">\nhttps:\/\/www.youtube.com\/watch?v=ytxzOQuEO4g\n<\/div><\/figure>\n\n\n\n<p><strong>Cen\u00e1rio global e bolsa brasileira ontem (Murilo Breder):<\/strong><\/p>\n\n\n\n<figure class=\"wp-block-embed-youtube wp-block-embed is-type-video is-provider-youtube wp-embed-aspect-16-9 wp-has-aspect-ratio\"><div class=\"wp-block-embed__wrapper\">\nhttps:\/\/www.youtube.com\/watch?v=ucw-IhJoK9g&#038;t=28s\n<\/div><\/figure>\n\n\n\n<p>O Ibovespa fechou em leve queda de -0,19% nesta ter\u00e7a-feira (09). Apesar da boa recupera\u00e7\u00e3o dos grandes bancos, o mercado ainda repercute a not\u00edcia de que o presidente Jair Bolsonaro j\u00e1 avalia estender o aux\u00edlio emergencial e de que o presidente do Senado, Rodrigo Pacheco (DEM-MG), n\u00e3o quer condicionar essa prorroga\u00e7\u00e3o do benef\u00edcio \u00e0 aprova\u00e7\u00e3o de Propostas de Emendas \u00e0 Constitui\u00e7\u00e3o (PECs) como a Emergencial. Al\u00e9m disso, na noite de segunda-feira, uma nova pesquisa da XP\/Ipespe mostrou oscila\u00e7\u00e3o para cima nas avalia\u00e7\u00f5es negativas do governo Bolsonaro, que foram de 40% para 42%.<\/p>\n\n\n\n<p>Entre os destaques de hoje, est\u00e1 a expectativa pela vota\u00e7\u00e3o nesta quarta-feira do projeto que d\u00e1 autonomia ao Banco Central na C\u00e2mara dos Deputados. Pelo projeto, o presidente da autoridade monet\u00e1ria s\u00f3 poder\u00e1 ser demitido pelo presidente da Rep\u00fablica se for condenado por improbidade ou tiver um desempenho reconhecidamente ruim. Os partidos da base do governo teriam fechado acordo com o presidente da C\u00e2mara, Arthur Lira (PP-AL), e o ministro da Economia, Paulo Guedes, para aprovar sem altera\u00e7\u00f5es.<\/p>\n\n\n\n<p>Tamb\u00e9m tivemos a divulga\u00e7\u00e3o de dados sobre a infla\u00e7\u00e3o de janeiro. O <a href=\"https:\/\/investnews.com.br\/guias\/o-que-e-ipca\/\">IPCA<\/a> avan\u00e7ou 0,25% no m\u00eas anterior ante expectativa de 0,31%. O dado de janeiro pode motivar o Banco Central a iniciar o novo ciclo de alta na Selic apenas em maio ao inv\u00e9s de mar\u00e7o.<\/p>\n\n\n\n<p>No cen\u00e1rio corporativo, al\u00e9m da Petrobras (PETR4, -2,0%) dando continuidade ao movimento da v\u00e9spera, o destaque positivo ficou para as a\u00e7\u00f5es da Sabesp (SBSP3, +7,1%). A empresa de saneamento de S\u00e3o Paulo foi a maior alta do Ibovespa nesta ter\u00e7a-feira ap\u00f3s a reguladora Arsesp divulgar proposta de reajuste tarif\u00e1rio inicialmente acima do esperado. A proposta ser\u00e1 discutida de 9 de fevereiro a 8 de mar\u00e7o e os resultados finais dever\u00e3o ser implementados at\u00e9 9 de abril de 2021.<\/p>\n\n\n\n<p>Al\u00e9m disso, as a\u00e7\u00f5es da CVC tamb\u00e9m foram destaque. A ren\u00fancia dos quatro conselheiros da companhia, anunciada hoje, pesou no papel e deixou confuso quem n\u00e3o acompanha a empresa de perto. Por volta de 15h30, o papel ca\u00eda 3,3%, mas acabou diminuindo a queda e fechando em apenas 1% de recuo. Internamente, a sa\u00edda dos quatro j\u00e1 estava combinada h\u00e1 meses, mas eles estavam esperando a conclus\u00e3o da apura\u00e7\u00e3o dos ind\u00edcios de fraude e manipula\u00e7\u00e3o de resultado, da capitaliza\u00e7\u00e3o que injetou R$ 700 milh\u00f5es na empresa, e da renegocia\u00e7\u00e3o de d\u00edvidas banc\u00e1rias e com debenturistas. A companhia convocou hoje uma assembleia para a elei\u00e7\u00e3o de novos conselheiros em 11 de mar\u00e7o. <\/p>\n\n\n\n<figure class=\"wp-block-table\"><table class=\"\"><tbody><tr><td><strong>Indicadores<\/strong><\/td><\/tr><tr><td><strong>Brasil:<\/strong><\/td><\/tr><tr><td>Balan\u00e7os de Klabin (antes da\n  abertura), Totvs, Suzano e Banrisul (ap\u00f3s o fechamento)<\/td><\/tr><tr><td>IBGE: dados do varejo\n  restrito&nbsp;<\/td><\/tr><tr><td>BC: fluxo cambial semanal\n  (14h30)<\/td><\/tr><tr><td><strong>EUA:<\/strong><\/td><\/tr><tr><td>Balan\u00e7os de General Motors e\n  Coca-Cola, antes do preg\u00e3o<\/td><\/tr><tr><td>Dept\u00ba do Trabalho: CPI de\n  janeiro (10h30)<\/td><\/tr><tr><td>Estoques no atacado em\n  dezembro (12h)<\/td><\/tr><tr><td>DoE: estoques de petr\u00f3leo\n  (12h30)<\/td><\/tr><\/tbody><\/table><\/figure>\n\n\n\n<p><strong><em>*   Esse \u00e9 um conte\u00fado de an\u00e1lise de um especialista de investimentos da   Easynvest, sem cunho jornal\u00edstico.&nbsp;<\/em><\/strong><\/p>\n","protected":false},"excerpt":{"rendered":"<p>Os principais fatos que podem impactar os mercados hoje, os destaques de ontem e uma breve an\u00e1lise do \u00edndice Bovespa.  <\/p>\n","protected":false},"author":25,"featured_media":229390,"comment_status":"closed","ping_status":"open","sticky":false,"template":"","format":"standard","meta":{"_acf_changed":false,"inline_featured_image":false,"footnotes":""},"categories":[4],"tags":[226,1669,722,1357,721],"autor-wsj":[],"coauthors":[1565],"class_list":["post-229385","post","type-post","status-publish","format-standard","has-post-thumbnail","hentry","category-financas","tag-bolsa-de-valores","tag-bolsas-americanas","tag-bolsas-asiaticas","tag-bolsas-de-nova-york","tag-bolsas-europeias"],"acf":[],"amp_enabled":true,"_links":{"self":[{"href":"https:\/\/investnews.com.br\/inv-api\/wp\/v2\/posts\/229385","targetHints":{"allow":["GET"]}}],"collection":[{"href":"https:\/\/investnews.com.br\/inv-api\/wp\/v2\/posts"}],"about":[{"href":"https:\/\/investnews.com.br\/inv-api\/wp\/v2\/types\/post"}],"author":[{"embeddable":true,"href":"https:\/\/investnews.com.br\/inv-api\/wp\/v2\/users\/25"}],"replies":[{"embeddable":true,"href":"https:\/\/investnews.com.br\/inv-api\/wp\/v2\/comments?post=229385"}],"version-history":[{"count":6,"href":"https:\/\/investnews.com.br\/inv-api\/wp\/v2\/posts\/229385\/revisions"}],"predecessor-version":[{"id":229409,"href":"https:\/\/investnews.com.br\/inv-api\/wp\/v2\/posts\/229385\/revisions\/229409"}],"wp:featuredmedia":[{"embeddable":true,"href":"https:\/\/investnews.com.br\/inv-api\/wp\/v2\/media\/229390"}],"wp:attachment":[{"href":"https:\/\/investnews.com.br\/inv-api\/wp\/v2\/media?parent=229385"}],"wp:term":[{"taxonomy":"category","embeddable":true,"href":"https:\/\/investnews.com.br\/inv-api\/wp\/v2\/categories?post=229385"},{"taxonomy":"post_tag","embeddable":true,"href":"https:\/\/investnews.com.br\/inv-api\/wp\/v2\/tags?post=229385"},{"taxonomy":"autor-wsj","embeddable":true,"href":"https:\/\/investnews.com.br\/inv-api\/wp\/v2\/autor-wsj?post=229385"},{"taxonomy":"author","embeddable":true,"href":"https:\/\/investnews.com.br\/inv-api\/wp\/v2\/coauthors?post=229385"}],"curies":[{"name":"wp","href":"https:\/\/api.w.org\/{rel}","templated":true}]}}