{"id":229655,"date":"2021-02-10T20:02:23","date_gmt":"2021-02-10T23:02:23","guid":{"rendered":"https:\/\/investnews.com.br\/?p=229655"},"modified":"2021-02-10T20:02:25","modified_gmt":"2021-02-10T23:02:25","slug":"bolsonaro-diz-que-volta-de-auxilio-emergencial-sera-paga-com-endividamento","status":"publish","type":"post","link":"https:\/\/investnews.com.br\/economia\/bolsonaro-diz-que-volta-de-auxilio-emergencial-sera-paga-com-endividamento\/","title":{"rendered":"Bolsonaro diz que volta de aux\u00edlio emergencial ser\u00e1 paga com endividamento"},"content":{"rendered":"\n<p>O presidente Jair Bolsonaro admitiu nesta quarta-feira (10) que um novo aux\u00edlio emergencial voltou a ser discutido, mas advertiu que <strong>&#8220;n\u00e3o h\u00e1 dinheiro no cofre&#8221; <\/strong>e qualquer pagamento ser\u00e1 feito com endividamento do governo.<\/p>\n\n\n\n<p>&#8220;A arrecada\u00e7\u00e3o esteve praticamente equivalente nos munic\u00edpios tendo em vista o aux\u00edlio emergencial, que volta a ser discutido e que eu falo: <strong>n\u00e3o \u00e9 dinheiro que eu tenho no cofre, \u00e9 endividamento. Isso \u00e9 terr\u00edvel tamb\u00e9m.<\/strong> A economia tem que pegar. Temos que voltar a trabalhar&#8221;, disse o presidente durante um encontro com prefeitos no Minist\u00e9rio da Educa\u00e7\u00e3o. O v\u00eddeo do encontro foi divulgado nas redes sociais de um dos participantes do evento.<\/p>\n\n\n\n<p>Por press\u00e3o do Congresso, o governo admitiu discutir uma nova vers\u00e3o do aux\u00edlio emergencial pago at\u00e9 dezembro aos vulner\u00e1veis afetados pelos impactos da pandemia de covid-19. O novo modelo seria menor, com apenas tr\u00eas parcelas de R$ 200 e pago apenas para pessoas que j\u00e1 tiveram aux\u00edlio, est\u00e3o desempregadas e n\u00e3o recebem o Bolsa Fam\u00edlia.<\/p>\n\n\n\n<p><strong>O governo agora busca uma forma de bancar o aux\u00edlio sem furar a regra do teto de gastos <\/strong>ou criar uma alternativa legal, como estado de emerg\u00eancia, que permita o governo quebrar a regra.<\/p>\n\n\n\n<p>Convencido pelo ministro da Economia, Paulo Guedes, que o governo n\u00e3o tinha condi\u00e7\u00f5es de manter o aux\u00edlio, Bolsonaro havia afirmado v\u00e1rias vezes que o governo n\u00e3o renovaria o benef\u00edcio. No entanto, <strong>a press\u00e3o do Congresso aumentou significativamente<\/strong> com o repique da epidemia de covid-19 e os dados que mostram que a maioria das pessoas que perderam o aux\u00edlio n\u00e3o conseguiram uma nova forma de renda.<\/p>\n\n\n\n<p>A press\u00e3o aumentou ainda quando os novos presidentes da C\u00e2mara dos Deputados, Arthur Lira (PP-AL), e do Senado, Rodrigo Pacheco (DEM-MG), colocaram a volta do aux\u00edlio como uma das prioridades das duas Casas neste primeiro semestre.<\/p>\n","protected":false},"excerpt":{"rendered":"<p>O governo agora busca uma forma de bancar o aux\u00edlio sem furar a regra do teto de gastos.<\/p>\n","protected":false},"author":7,"featured_media":229656,"comment_status":"closed","ping_status":"open","sticky":false,"template":"","format":"standard","meta":{"_acf_changed":false,"inline_featured_image":false,"footnotes":""},"categories":[5],"tags":[1019,404,923,234,1719],"autor-wsj":[],"coauthors":[1494],"class_list":["post-229655","post","type-post","status-publish","format-standard","has-post-thumbnail","hentry","category-economia","tag-ajuste-fiscal","tag-coronavirus","tag-coronavoucher","tag-jair-bolsonaro","tag-teto-de-gastos"],"acf":[],"amp_enabled":true,"_links":{"self":[{"href":"https:\/\/investnews.com.br\/inv-api\/wp\/v2\/posts\/229655","targetHints":{"allow":["GET"]}}],"collection":[{"href":"https:\/\/investnews.com.br\/inv-api\/wp\/v2\/posts"}],"about":[{"href":"https:\/\/investnews.com.br\/inv-api\/wp\/v2\/types\/post"}],"author":[{"embeddable":true,"href":"https:\/\/investnews.com.br\/inv-api\/wp\/v2\/users\/7"}],"replies":[{"embeddable":true,"href":"https:\/\/investnews.com.br\/inv-api\/wp\/v2\/comments?post=229655"}],"version-history":[{"count":2,"href":"https:\/\/investnews.com.br\/inv-api\/wp\/v2\/posts\/229655\/revisions"}],"predecessor-version":[{"id":229658,"href":"https:\/\/investnews.com.br\/inv-api\/wp\/v2\/posts\/229655\/revisions\/229658"}],"wp:featuredmedia":[{"embeddable":true,"href":"https:\/\/investnews.com.br\/inv-api\/wp\/v2\/media\/229656"}],"wp:attachment":[{"href":"https:\/\/investnews.com.br\/inv-api\/wp\/v2\/media?parent=229655"}],"wp:term":[{"taxonomy":"category","embeddable":true,"href":"https:\/\/investnews.com.br\/inv-api\/wp\/v2\/categories?post=229655"},{"taxonomy":"post_tag","embeddable":true,"href":"https:\/\/investnews.com.br\/inv-api\/wp\/v2\/tags?post=229655"},{"taxonomy":"autor-wsj","embeddable":true,"href":"https:\/\/investnews.com.br\/inv-api\/wp\/v2\/autor-wsj?post=229655"},{"taxonomy":"author","embeddable":true,"href":"https:\/\/investnews.com.br\/inv-api\/wp\/v2\/coauthors?post=229655"}],"curies":[{"name":"wp","href":"https:\/\/api.w.org\/{rel}","templated":true}]}}