{"id":229705,"date":"2021-02-11T08:29:56","date_gmt":"2021-02-11T11:29:56","guid":{"rendered":"https:\/\/investnews.com.br\/?p=229705"},"modified":"2021-02-11T08:29:58","modified_gmt":"2021-02-11T11:29:58","slug":"nubank-cria-meta-para-aumentar-numero-de-negros-em-cargos-de-chefia","status":"publish","type":"post","link":"https:\/\/investnews.com.br\/negocios\/nubank-cria-meta-para-aumentar-numero-de-negros-em-cargos-de-chefia\/","title":{"rendered":"Nubank cria meta para aumentar n\u00famero de negros em cargos de chefia"},"content":{"rendered":"\n<p>Depois de se envolver em uma pol\u00eamica sobre o tema, no ano passado, o banco digital <strong>Nubank<\/strong> informou nesta quarta-feira (10) que <strong>vai definir metas para reduzir a desigualdade racial em sua equipe<\/strong>, tanto em posi\u00e7\u00f5es de entrada quanto em cargos de chefia. Segundo a companhia, o <strong>plano \u00e9 garantir, em cinco anos, um ambiente de trabalho com um quadro geral de 30% de funcion\u00e1rios negros; em cargos de ger\u00eancia, o \u00edndice desejado \u00e9 de 22% at\u00e9 2025.<\/strong><\/p>\n\n\n\n<p>Hoje, de acordo com a empresa, 23% de seus colaboradores s\u00e3o pretos ou pardos &#8211; conforme a defini\u00e7\u00e3o do Instituto Brasileiro de Geografia e Estat\u00edstica (IBGE) -, enquanto entre nos cargos de chefia o porcentual \u00e9 de 18%.<\/p>\n\n\n\n<p>Para mudar de patamar, a institui\u00e7\u00e3o calcula que <strong>ser\u00e1 necess\u00e1ria a contrata\u00e7\u00e3o de aproximadamente 2 mil pessoas negras at\u00e9 2025<\/strong>. Segundo Cristina Junqueira, cofundadora do Nubank, que se envolveu em uma pol\u00eamica ao dizer, durante entrevista ao programa Roda Viva, da\u00a0<em>TV Cultura<\/em>, que seria dif\u00edcil encontrar lideran\u00e7as negras e que n\u00e3o se podia &#8220;nivelar por baixo (a equipe)&#8221;, o epis\u00f3dio serviu para abrir os olhos do banco digital sobre o tema.<\/p>\n\n\n\n<p>&#8220;Com o epis\u00f3dio do Roda Viva nos demos conta que, apesar de termos diversidade como um valor ao longo da nossa hist\u00f3ria, t\u00ednhamos avan\u00e7ando pouco na pauta racial. Desde ent\u00e3o, temos refletido sobre o quanto precisamos agir para combater as barreiras impostas pelo racismo estrutural, e ao mesmo tempo em que aceleramos a\u00e7\u00f5es que j\u00e1 estavam nos planos e n\u00f3s tamb\u00e9m inclu\u00edmos diversas outras para maximizar o nosso impacto&#8221;, disse a executiva, em resposta enviada por e-mail \u00e0 reportagem.<\/p>\n\n\n\n<h2 class=\"wp-block-heading\">Inclus\u00e3o racial<\/h2>\n\n\n\n<p>O Nubank disse ainda que a inclus\u00e3o racial em suas contrata\u00e7\u00f5es j\u00e1 vem em trajet\u00f3ria crescente. &#8220;Em 2017, 19% das contrata\u00e7\u00f5es eram de pessoas autodeclaradas pardas ou pretas. Em 2020, esse n\u00famero foi de 27%. A expectativa \u00e9 que 30% de todos os funcion\u00e1rios contratados at\u00e9 o final de 2021 sejam negros. Em 2025, esse n\u00famero ser\u00e1 de 37%&#8221;, explicou o Nubank, em comunicado.<\/p>\n\n\n\n<p>Nesta semana, o\u00a0&#8220;Estad\u00e3o&#8221;\u00a0divulgou o \u00edndice socioambiental dos oito maiores bancos brasileiros em ativos totais, desenvolvido pelo Instituto Brasileiro de Defesa do Consumidor (Idec). Uma das cr\u00edticas dos autores do estudo foi justamente a falta de diversidade da equipe dessas institui\u00e7\u00f5es. Entre as conclus\u00f5es do Idec est\u00e1 a baixa representatividade feminina dos cargos de chefia e a total aus\u00eancia de um censo do total de funcion\u00e1rios negros em cargos de ger\u00eancia e auditoria.<\/p>\n\n\n\n<p>Dentre as 2 mil contrata\u00e7\u00f5es previstas at\u00e9 2025, explicou o Nubank, mais de 500 ser\u00e3o destinadas ao time de engenharia, pelo menos 150 para vagas de analistas de neg\u00f3cios e mais de 250 para posi\u00e7\u00f5es de gerentes de produto, designers e cientistas de dados. A empresa disse ainda que a realiza\u00e7\u00e3o do censo organizacional \u00e9 parte de um plano de a\u00e7\u00e3o dedicado \u00e0 quest\u00e3o do racismo estrutural, divulgado pela institui\u00e7\u00e3o em novembro de 2020, j\u00e1 na esteira da pol\u00eamica das declara\u00e7\u00f5es ao Roda Viva.<\/p>\n\n\n\n<h2 class=\"wp-block-heading\">Diversidade como ferramenta de neg\u00f3cio<\/h2>\n\n\n\n<p>No e-mail enviado \u00e0 reportagem, Cristina Junqueira tamb\u00e9m afirmou que, de maneira geral, a preocupa\u00e7\u00e3o com diversidade acaba trazendo benef\u00edcios ao neg\u00f3cio: &#8220;Sempre acreditamos fortemente na diversidade e inclus\u00e3o, n\u00e3o s\u00f3 porque sabemos que s\u00e3o ingredientes fundamentais de qualquer sociedade justa, produtiva e saud\u00e1vel, mas tamb\u00e9m porque \u00e9 clara a vantagem competitiva de desenvolver produtos para todos os brasileiros, atrav\u00e9s de times que reflitam a pluralidade que encontramos na sociedade.&#8221;<\/p>\n\n\n\n<p>Sobre iniciativas como a do Magazine Luiza, que desenvolveu um programa de trainees voltado \u00e0 corre\u00e7\u00e3o da inequidade racial da companhia, e da gigante alem\u00e3 Bayer, que anunciou trainee e mentoria exclusivas para candidatos negros, a executiva afirmou: &#8220;Esse \u00e9 um problema complexo e de dif\u00edcil solu\u00e7\u00e3o, e nesse sentido \u00e9 \u00f3timo que mais e mais empresas encontrem a sua maneira de contribuir para um mercado de trabalho mais diverso e inclusivo.&#8221;<\/p>\n","protected":false},"excerpt":{"rendered":"<p>Plano \u00e9 garantir, em 5 anos, 30% de funcion\u00e1rios negros; em cargos de ger\u00eancia, o \u00edndice desejado \u00e9 de 22% at\u00e9 2025.<\/p>\n","protected":false},"author":7,"featured_media":207304,"comment_status":"closed","ping_status":"open","sticky":false,"template":"","format":"standard","meta":{"_acf_changed":false,"inline_featured_image":false,"footnotes":""},"categories":[6],"tags":[63,1701,215,216,670],"autor-wsj":[],"coauthors":[1494],"class_list":["post-229705","post","type-post","status-publish","format-standard","has-post-thumbnail","hentry","category-negocios","tag-carreira","tag-diversidade","tag-emprego","tag-mercado-de-trabalho","tag-nubank"],"acf":[],"amp_enabled":true,"_links":{"self":[{"href":"https:\/\/investnews.com.br\/inv-api\/wp\/v2\/posts\/229705","targetHints":{"allow":["GET"]}}],"collection":[{"href":"https:\/\/investnews.com.br\/inv-api\/wp\/v2\/posts"}],"about":[{"href":"https:\/\/investnews.com.br\/inv-api\/wp\/v2\/types\/post"}],"author":[{"embeddable":true,"href":"https:\/\/investnews.com.br\/inv-api\/wp\/v2\/users\/7"}],"replies":[{"embeddable":true,"href":"https:\/\/investnews.com.br\/inv-api\/wp\/v2\/comments?post=229705"}],"version-history":[{"count":2,"href":"https:\/\/investnews.com.br\/inv-api\/wp\/v2\/posts\/229705\/revisions"}],"predecessor-version":[{"id":229707,"href":"https:\/\/investnews.com.br\/inv-api\/wp\/v2\/posts\/229705\/revisions\/229707"}],"wp:featuredmedia":[{"embeddable":true,"href":"https:\/\/investnews.com.br\/inv-api\/wp\/v2\/media\/207304"}],"wp:attachment":[{"href":"https:\/\/investnews.com.br\/inv-api\/wp\/v2\/media?parent=229705"}],"wp:term":[{"taxonomy":"category","embeddable":true,"href":"https:\/\/investnews.com.br\/inv-api\/wp\/v2\/categories?post=229705"},{"taxonomy":"post_tag","embeddable":true,"href":"https:\/\/investnews.com.br\/inv-api\/wp\/v2\/tags?post=229705"},{"taxonomy":"autor-wsj","embeddable":true,"href":"https:\/\/investnews.com.br\/inv-api\/wp\/v2\/autor-wsj?post=229705"},{"taxonomy":"author","embeddable":true,"href":"https:\/\/investnews.com.br\/inv-api\/wp\/v2\/coauthors?post=229705"}],"curies":[{"name":"wp","href":"https:\/\/api.w.org\/{rel}","templated":true}]}}