{"id":229983,"date":"2021-02-12T18:25:00","date_gmt":"2021-02-12T21:25:00","guid":{"rendered":"https:\/\/investnews.com.br\/?p=229983"},"modified":"2021-02-12T19:28:41","modified_gmt":"2021-02-12T22:28:41","slug":"bolsa-opera-em-baixa-antes-de-fim-de-semana-prolongado-dolar-recua","status":"publish","type":"post","link":"https:\/\/investnews.com.br\/financas\/bolsa-opera-em-baixa-antes-de-fim-de-semana-prolongado-dolar-recua\/","title":{"rendered":"Bolsa fecha em queda antes de fim de semana prolongado; d\u00f3lar recua"},"content":{"rendered":"\n<p>O principal \u00edndice da bolsa, Ibovespa, fechou em queda nesta sexta-feira (12), v\u00e9spera de fim de semana prolongado e com vi\u00e9s cauteloso no exterior, em meio a uma bateria de balan\u00e7os no Brasil, entre eles o da Usiminas, que apoiava a alta das a\u00e7\u00f5es da companhia.<\/p>\n\n\n\n<ul class=\"wp-block-list\"><li><a href=\"https:\/\/investnews.com.br\/cotacao\/\" class=\"rank-math-link\"><strong>Veja mais cota\u00e7\u00f5es do mercado financeiro<\/strong><\/a><\/li><\/ul>\n\n\n\n<p>O <strong>Ibovespa caiu 0,11 %, a 119.428 pontos<\/strong>. Na semana, a bolsa perdeu 0,67%, mas acumulou varia\u00e7\u00e3o positiva de 3,79% no m\u00eas.<\/p>\n\n\n\n<p>J\u00e1 o <strong>d\u00f3lar fechou em queda de 0,26% frente ao real, negociado em R$ 5,3742<\/strong>. Na semana, a moeda americana acumulou queda de 0,17% e, no m\u00eas, recuou 1,77%.<\/p>\n\n\n\n<p>N\u00e3o haver\u00e1 negocia\u00e7\u00e3o nos mercados da B3 nos dias 15 e 16. As opera\u00e7\u00f5es voltam a partir das 13h de quarta-feira, embora o feriado de Carnaval tenha sido cancelado pelo governo paulista por causa da pandemia. O dia foi de baixo volume de neg\u00f3cios, como costuma acontecer em v\u00e9speras de feriado.<\/p>\n\n\n\n<p>Nesse cen\u00e1rio, prevaleceu a cautela dado o risco de decis\u00e3o com efeito nas contas p\u00fablicas no Brasil, particularmente sobre o novo aux\u00edlio emergencial, bem como de algum evento externo, enquanto o preg\u00e3o brasileiro estiver fechado.<\/p>\n\n\n\n<p>A&nbsp;<strong>atividade econ\u00f4mica brasileira mostrou perda de for\u00e7a no final do ano passado<\/strong> e<strong> <\/strong><a href=\"https:\/\/investnews.com.br\/economia\/previa-do-pib-mostra-contracao-de-4-em-2020\/\" class=\"rank-math-link\">despencou 4% em 2020<\/a>, mostraram dados do Banco Central nesta sexta-feira, menos do que o esperado pelo governo na esteira das paralisa\u00e7\u00f5es e medidas de conten\u00e7\u00e3o contra a pandemia de Covid-19. <\/p>\n\n\n\n<p>&#8220;O mercado est\u00e1 dividido. Por um lado, h\u00e1 o otimismo em rela\u00e7\u00e3o ao IBC-Br que veio um pouco mais forte que o esperado, o que \u00e9 uma not\u00edcia boa. Mas por outro lado, h\u00e1 um ru\u00eddo pol\u00edtico fiscal refletido na press\u00e3o pol\u00edtica em rela\u00e7\u00e3o a estender o aux\u00edlio emergencial. Existem tamb\u00e9m muitas d\u00favidas em rela\u00e7\u00e3o a isso. Se estender, vai romper o teto ou n\u00e3o? Por quanto tempo ser\u00e1? N\u00e3o h\u00e1 nada definido ainda&#8221;, escreveu Jo\u00e3o Beck, economista e s\u00f3cio da BRA Investimentos.<\/p>\n\n\n\n<h2 class=\"wp-block-heading\">Destaques<\/h2>\n\n\n\n<p><strong>Usiminas<\/strong> (<a href=\"https:\/\/investnews.com.br\/cotacao\/usim3-usiminas\/\" class=\"rank-math-link\">USIM5<\/a>) avan\u00e7ou 0,35%, ap\u00f3s o lucro disparar para R$ 1,9 bilh\u00e3o no quarto trimestre, marcado por receita recorde e o melhor resultado operacional medido pelo <a href=\"https:\/\/investnews.com.br\/guias\/ebitda-o-que-e-como-calcular\/\">Ebitda<\/a> ajustado desde 2008, com a empresa estimando manter no primeiro trimestre o volume de vendas de a\u00e7o. No setor, <strong>CSN<\/strong> (<a href=\"https:\/\/investnews.com.br\/cotacao\/csna3-companhia-siderurgica-nacional\/\" class=\"rank-math-link\">CSNA3<\/a>) subia 1,88%, tendo no radar a precifica\u00e7\u00e3o do <a href=\"https:\/\/investnews.com.br\/guias\/ipo-o-que-e-e-como-funciona\/\">IPO<\/a> de sua unidade de minera\u00e7\u00e3o prevista para esta sexta-feira. <strong>Vale<\/strong> (<a href=\"https:\/\/investnews.com.br\/cotacao\/vale3-vale\/\" class=\"rank-math-link\">VALE3<\/a>) cedia 0,38%.<\/p>\n\n\n\n<p>A <strong>Oceanpact<\/strong> <strong>(OPCT3)<\/strong> subia 1,97%, a R$ 11,37, em sua estreia na B3 ap\u00f3s a prestadora de servi\u00e7os ambientais e de log\u00edstica marinha precificar sua oferta inicial de a\u00e7\u00f5es (IPO) a 11,15 reais por papel, no piso da faixa indicada pelos coordenadores da oferta, que ia at\u00e9 13,85 reais por papel. A opera\u00e7\u00e3o movimentou R$ 1,22 bilh\u00e3o.<\/p>\n","protected":false},"excerpt":{"rendered":"<p>N\u00e3o haver\u00e1 negocia\u00e7\u00e3o nos mercados de renda vari\u00e1vel da B3 nos dias 15 e 16, com as opera\u00e7\u00f5es voltando a partir das 13h de quarta-feira.<\/p>\n","protected":false},"author":7,"featured_media":2489,"comment_status":"closed","ping_status":"open","sticky":false,"template":"","format":"standard","meta":{"_acf_changed":false,"inline_featured_image":false,"footnotes":""},"categories":[4],"tags":[26],"autor-wsj":[],"coauthors":[1494],"class_list":["post-229983","post","type-post","status-publish","format-standard","has-post-thumbnail","hentry","category-financas","tag-dolar"],"acf":[],"amp_enabled":true,"_links":{"self":[{"href":"https:\/\/investnews.com.br\/inv-api\/wp\/v2\/posts\/229983","targetHints":{"allow":["GET"]}}],"collection":[{"href":"https:\/\/investnews.com.br\/inv-api\/wp\/v2\/posts"}],"about":[{"href":"https:\/\/investnews.com.br\/inv-api\/wp\/v2\/types\/post"}],"author":[{"embeddable":true,"href":"https:\/\/investnews.com.br\/inv-api\/wp\/v2\/users\/7"}],"replies":[{"embeddable":true,"href":"https:\/\/investnews.com.br\/inv-api\/wp\/v2\/comments?post=229983"}],"version-history":[{"count":12,"href":"https:\/\/investnews.com.br\/inv-api\/wp\/v2\/posts\/229983\/revisions"}],"predecessor-version":[{"id":230101,"href":"https:\/\/investnews.com.br\/inv-api\/wp\/v2\/posts\/229983\/revisions\/230101"}],"wp:featuredmedia":[{"embeddable":true,"href":"https:\/\/investnews.com.br\/inv-api\/wp\/v2\/media\/2489"}],"wp:attachment":[{"href":"https:\/\/investnews.com.br\/inv-api\/wp\/v2\/media?parent=229983"}],"wp:term":[{"taxonomy":"category","embeddable":true,"href":"https:\/\/investnews.com.br\/inv-api\/wp\/v2\/categories?post=229983"},{"taxonomy":"post_tag","embeddable":true,"href":"https:\/\/investnews.com.br\/inv-api\/wp\/v2\/tags?post=229983"},{"taxonomy":"autor-wsj","embeddable":true,"href":"https:\/\/investnews.com.br\/inv-api\/wp\/v2\/autor-wsj?post=229983"},{"taxonomy":"author","embeddable":true,"href":"https:\/\/investnews.com.br\/inv-api\/wp\/v2\/coauthors?post=229983"}],"curies":[{"name":"wp","href":"https:\/\/api.w.org\/{rel}","templated":true}]}}