{"id":2302,"date":"2020-01-31T18:03:00","date_gmt":"2020-01-31T21:03:00","guid":{"rendered":"https:\/\/investnews.com.br\/?p=2302"},"modified":"2020-02-02T09:28:05","modified_gmt":"2020-02-02T12:28:05","slug":"bovespa-opera-em-queda-nesta-sexta-2","status":"publish","type":"post","link":"https:\/\/investnews.com.br\/financas\/bovespa-opera-em-queda-nesta-sexta-2\/","title":{"rendered":"Bolsa perde 1,63% em janeiro e volta aos 113 mil pontos"},"content":{"rendered":"\n<p>O <strong>Ibovespa<\/strong>, principal \u00edndice da&nbsp;bolsa de valores brasileira, a <strong>B3<\/strong>,&nbsp;fechou em queda nesta sexta-feira (31), \u00faltimo dia do m\u00eas de janeiro. Especialistas est\u00e3o com aten\u00e7\u00e3o direcionada para os desdobramentos dos riscos relacionados ao coronav\u00edrus.<\/p>\n\n\n\n<p>O Ibovespa <strong>caiu 1,53% a 113.760 pontos<\/strong>. <\/p>\n\n\n\n<p>J\u00e1 o&nbsp;<a href=\"https:\/\/investnews.com.br\/tag\/dolar\/\" class=\"rank-math-link\">d\u00f3lar&nbsp;<\/a>comercial subiu<strong> 0,63% sendo negociado a R$ 4,2860.<\/strong> <\/p>\n\n\n\n<p>Na quinta-feira (30) ap\u00f3s fortes perdas ao longo o dia, <a href=\"https:\/\/investnews.com.br\/financas\/dolar-sobe-a-r-424-e-bolsa-opera-no-vermelho-nesta-quinta\/\" class=\"rank-math-link\">o Ibovespa fechou em leve alta de 0,12%, aos 115.528 pontos.<\/a> Na v\u00e9spera, o <a href=\"https:\/\/investnews.com.br\/guias\/tipos-de-dolar\/\">d\u00f3lar comercial<\/a> fechou em alta de 0,95%, negociado a R$ 4,2590.  <\/p>\n\n\n\n<p>Caso esse cen\u00e1rio de baixa na B3 prevale\u00e7a at\u00e9 o encerramento dos neg\u00f3cios, a Bolsa brasileira ter\u00e1 seu primeiro desempenho negativo para janeiro em quatro anos. A \u00faltima vez que fechou o primeiro m\u00eas do ano em queda foi em 2016, de 6,79%. At\u00e9 o momento, acumula decl\u00ednio de 3,40%. <\/p>\n\n\n\n<h2 class=\"wp-block-heading\">Coronav\u00edrus<\/h2>\n\n\n\n<p>O coronav\u00edrus ainda causa preocupa\u00e7\u00e3o nos investidores, na quinta (30) a <a href=\"https:\/\/investnews.com.br\/geral\/coronavirus-oms-declara-emergencia-global\/\" class=\"rank-math-link\">Organiza\u00e7\u00e3o Mundial da Sa\u00fade (OMS)<\/a> declarou o v\u00edrus como uma emerg\u00eancia global de sa\u00fade p\u00fablica. <\/p>\n\n\n\n<p>O n\u00famero de mortos pelo v\u00edrus <a href=\"https:\/\/investnews.com.br\/geral\/numero-de-mortes-na-china-por-coronavirus-sobe-para-213\/\" class=\"rank-math-link\">passa de 200 na China, cerca de 9 mil casos de infec\u00e7\u00e3o<\/a> j\u00e1 foram registrados em 21 pa\u00edses afetados. <\/p>\n\n\n\n<p>No Brasil, nove casos suspeitos de infec\u00e7\u00e3o por coronav\u00edrus est\u00e3o sendo analisados e monitorados pelo Minist\u00e9rio da Sa\u00fade. <\/p>\n\n\n\n<h2 class=\"wp-block-heading\">Dados econ\u00f4micos<\/h2>\n\n\n\n<p>A taxa de desemprego na Pesquisa Nacional por Amostra de Domic\u00edlios Cont\u00ednua (PNAD Cont\u00ednua),<a href=\"https:\/\/investnews.com.br\/economia\/cerca-de-116-milhoes-de-pessoas-estao-desempregadas-no-brasil-segundo-ibge\/\" class=\"rank-math-link\"> atingiu 11% no trimestre finalizado em dezembro<\/a>, com o n\u00edvel m\u00e9dio encerrando 2019 em 11,9%.<\/p>\n\n\n\n<p>J\u00e1 o trabalho informal atingiu o maior n\u00edvel em quatro anos. Conforme o IBGE, o contingente de pessoas desocupadas ficou em de 12,6 milh\u00f5es, no ano passado, 1,7% a menos do que em 2018. Por\u00e9m, na compara\u00e7\u00e3o com o menor ponto da s\u00e9rie, quando atingiu 6,8 milh\u00f5es em 2014, a popula\u00e7\u00e3o sem trabalho quase dobrou, crescendo 87,7% em cinco anos.<\/p>\n\n\n\n<p>Na Europa, os resultados do Produto Interno Bruto (PIB) da zona do euro e da It\u00e1lia decepcionaram. O PIB espanhol, por sua vez, cresceu. Na Alemanha, as vendas no varejo sofreram uma acentuada queda de 3,3% em dezembro ante novembro. <\/p>\n\n\n\n<p>Os dados de atividade aqui e l\u00e1 fora devem ser monitorados especialmente neste momento em que h\u00e1 incertezas relacionados aos efeitos da epidemia de coronav\u00edrus sobre as economias.<\/p>\n\n\n\n<p>Os fracos dados de crescimento da zona do euro se contrap\u00f5em \u00e0 tend\u00eancia de recupera\u00e7\u00e3o dos mercados asi\u00e1ticos, ap\u00f3s a OMS ter declarado que n\u00e3o s\u00e3o necess\u00e1rias restri\u00e7\u00f5es ao comercio por causa do novo Coronav\u00edrus na China, cita em nota a MCM.<\/p>\n\n\n\n<p>Al\u00e9m disso, fica no radar a disputa t\u00e9cnica em torno da defini\u00e7\u00e3o da \u00faltima <a href=\"https:\/\/investnews.com.br\/guias\/dolar-ptax-o-que-e\/\">taxa Ptax<\/a> de janeiro, que pode influenciar a\u00e7\u00f5es relacionadas \u00e0 moeda.<\/p>\n\n\n\n<p><em>*Com Estad\u00e3o Conte\u00fado<\/em><\/p>\n\n\n\n<p><br><\/p>\n","protected":false},"excerpt":{"rendered":"<p>D\u00f3lar comercial subiu 0,63%, negociado a R$ 4,2860. <\/p>\n","protected":false},"author":7,"featured_media":2304,"comment_status":"open","ping_status":"open","sticky":false,"template":"","format":"standard","meta":{"_acf_changed":false,"inline_featured_image":false,"footnotes":""},"categories":[4],"tags":[244,404,374,26,418],"autor-wsj":[],"coauthors":[],"class_list":["post-2302","post","type-post","status-publish","format-standard","has-post-thumbnail","hentry","category-financas","tag-china","tag-coronavirus","tag-desemprego","tag-dolar","tag-oms"],"acf":[],"amp_enabled":true,"_links":{"self":[{"href":"https:\/\/investnews.com.br\/inv-api\/wp\/v2\/posts\/2302","targetHints":{"allow":["GET"]}}],"collection":[{"href":"https:\/\/investnews.com.br\/inv-api\/wp\/v2\/posts"}],"about":[{"href":"https:\/\/investnews.com.br\/inv-api\/wp\/v2\/types\/post"}],"author":[{"embeddable":true,"href":"https:\/\/investnews.com.br\/inv-api\/wp\/v2\/users\/7"}],"replies":[{"embeddable":true,"href":"https:\/\/investnews.com.br\/inv-api\/wp\/v2\/comments?post=2302"}],"version-history":[{"count":9,"href":"https:\/\/investnews.com.br\/inv-api\/wp\/v2\/posts\/2302\/revisions"}],"predecessor-version":[{"id":2377,"href":"https:\/\/investnews.com.br\/inv-api\/wp\/v2\/posts\/2302\/revisions\/2377"}],"wp:featuredmedia":[{"embeddable":true,"href":"https:\/\/investnews.com.br\/inv-api\/wp\/v2\/media\/2304"}],"wp:attachment":[{"href":"https:\/\/investnews.com.br\/inv-api\/wp\/v2\/media?parent=2302"}],"wp:term":[{"taxonomy":"category","embeddable":true,"href":"https:\/\/investnews.com.br\/inv-api\/wp\/v2\/categories?post=2302"},{"taxonomy":"post_tag","embeddable":true,"href":"https:\/\/investnews.com.br\/inv-api\/wp\/v2\/tags?post=2302"},{"taxonomy":"autor-wsj","embeddable":true,"href":"https:\/\/investnews.com.br\/inv-api\/wp\/v2\/autor-wsj?post=2302"},{"taxonomy":"author","embeddable":true,"href":"https:\/\/investnews.com.br\/inv-api\/wp\/v2\/coauthors?post=2302"}],"curies":[{"name":"wp","href":"https:\/\/api.w.org\/{rel}","templated":true}]}}