{"id":230619,"date":"2021-02-18T15:04:00","date_gmt":"2021-02-18T18:04:00","guid":{"rendered":"https:\/\/investnews.com.br\/?p=230619"},"modified":"2024-06-26T12:13:40","modified_gmt":"2024-06-26T15:13:40","slug":"mpf-pede-na-justica-que-teste-de-covid-19-passe-a-ser-exigido-em-voos-nacionais","status":"publish","type":"post","link":"https:\/\/investnews.com.br\/economia\/mpf-pede-na-justica-que-teste-de-covid-19-passe-a-ser-exigido-em-voos-nacionais\/","title":{"rendered":"MPF pede na Justi\u00e7a que teste de covid-19 passe a ser exigido em voos nacionais"},"content":{"rendered":"\n<p>A circula\u00e7\u00e3o da nova variante do coronav\u00edrus levou o Minist\u00e9rio P\u00fablico Federal (MPF) a pedir na Justi\u00e7a que passageiros e tripulantes de voos dom\u00e9sticos tamb\u00e9m sejam obrigados a apresentar o teste RT-PCR negativo para embarcar. Atualmente, a exig\u00eancia se restringe a viajantes internacionais. Na a\u00e7\u00e3o, <strong>os procuradores defendem o controle do tr\u00e2nsito de pessoas para evitar a dissemina\u00e7\u00e3o da doen\u00e7a e de eventuais novas cepas entre as diferentes regi\u00f5es do pa\u00eds.<\/strong><\/p>\n\n\n\n<p>&#8220;No momento atual da pandemia, <strong>n\u00e3o se cogita de pedir o fechamento dos aeroportos,<\/strong> dada o importante papel que desempenham no transporte de cargas e de pessoas. <strong>No entanto, n\u00e3o \u00e9 razo\u00e1vel que a via a\u00e9rea continua a funcionar como uma porta aberta \u00e0 livre circula\u00e7\u00e3o do v\u00edrus e suas incont\u00e1veis variantes<\/strong>, que no processo evolutivo se imp\u00f5em como mais graves e mais transmiss\u00edveis&#8221;, diz um trecho da a\u00e7\u00e3o assinada pelos procuradores M\u00e1rcio Torres, Nilce Cunha, Alessander Sales e Ricardo Magalh\u00e3es de Mendon\u00e7a nesta quarta-feira (17).<\/p>\n\n\n\n<p>O pedido \u00e9 para que a Justi\u00e7a Federal determine que Uni\u00e3o e Ag\u00eancia Nacional de Avia\u00e7\u00e3o Civil (Anac) exijam a <strong>testagem com no m\u00e1ximo 72 horas de anteced\u00eancia ao embarque<\/strong> e a apresenta\u00e7\u00e3o do resultado negativo \u00e0 companhia a\u00e9rea, nos moldes dos voos intencionais.<\/p>\n\n\n\n<p>No Brasil, Manaus foi o primeiro local a registrar uma variante pr\u00f3pria do coronav\u00edrus, a P1. O Minist\u00e9rio da Sa\u00fade informou na sexta-feira passada, dia 12, que a cepa foi identificada no Amazonas, Cear\u00e1, Esp\u00edrito Santo, Par\u00e1, Para\u00edba, Piau\u00ed, Rio de Janeiro, Roraima, Santa Catarina e S\u00e3o Paulo.<\/p>\n","protected":false},"excerpt":{"rendered":"<p>Atualmente, a exig\u00eancia se restringe a viajantes internacionais.<\/p>\n","protected":false},"author":7,"featured_media":230620,"comment_status":"closed","ping_status":"open","sticky":false,"template":"","format":"standard","meta":{"_acf_changed":false,"inline_featured_image":false,"footnotes":""},"categories":[5],"tags":[404,181,845,154,1155],"autor-wsj":[],"coauthors":[1494],"class_list":["post-230619","post","type-post","status-publish","format-standard","has-post-thumbnail","hentry","category-economia","tag-coronavirus","tag-gol","tag-latam","tag-azul","tag-setor-aereo"],"acf":[],"amp_enabled":true,"_links":{"self":[{"href":"https:\/\/investnews.com.br\/inv-api\/wp\/v2\/posts\/230619","targetHints":{"allow":["GET"]}}],"collection":[{"href":"https:\/\/investnews.com.br\/inv-api\/wp\/v2\/posts"}],"about":[{"href":"https:\/\/investnews.com.br\/inv-api\/wp\/v2\/types\/post"}],"author":[{"embeddable":true,"href":"https:\/\/investnews.com.br\/inv-api\/wp\/v2\/users\/7"}],"replies":[{"embeddable":true,"href":"https:\/\/investnews.com.br\/inv-api\/wp\/v2\/comments?post=230619"}],"version-history":[{"count":2,"href":"https:\/\/investnews.com.br\/inv-api\/wp\/v2\/posts\/230619\/revisions"}],"predecessor-version":[{"id":230622,"href":"https:\/\/investnews.com.br\/inv-api\/wp\/v2\/posts\/230619\/revisions\/230622"}],"wp:featuredmedia":[{"embeddable":true,"href":"https:\/\/investnews.com.br\/inv-api\/wp\/v2\/media\/230620"}],"wp:attachment":[{"href":"https:\/\/investnews.com.br\/inv-api\/wp\/v2\/media?parent=230619"}],"wp:term":[{"taxonomy":"category","embeddable":true,"href":"https:\/\/investnews.com.br\/inv-api\/wp\/v2\/categories?post=230619"},{"taxonomy":"post_tag","embeddable":true,"href":"https:\/\/investnews.com.br\/inv-api\/wp\/v2\/tags?post=230619"},{"taxonomy":"autor-wsj","embeddable":true,"href":"https:\/\/investnews.com.br\/inv-api\/wp\/v2\/autor-wsj?post=230619"},{"taxonomy":"author","embeddable":true,"href":"https:\/\/investnews.com.br\/inv-api\/wp\/v2\/coauthors?post=230619"}],"curies":[{"name":"wp","href":"https:\/\/api.w.org\/{rel}","templated":true}]}}