{"id":230832,"date":"2021-02-18T22:02:03","date_gmt":"2021-02-19T01:02:03","guid":{"rendered":"https:\/\/investnews.com.br\/?p=230832"},"modified":"2024-06-26T12:13:37","modified_gmt":"2024-06-26T15:13:37","slug":"vai-ter-consequencia-diz-bolsonaro-sobre-fala-de-presidente-da-petrobras","status":"publish","type":"post","link":"https:\/\/investnews.com.br\/economia\/vai-ter-consequencia-diz-bolsonaro-sobre-fala-de-presidente-da-petrobras\/","title":{"rendered":"&#8216;Vai ter consequ\u00eancia&#8217;, diz Bolsonaro sobre fala de presidente da Petrobras"},"content":{"rendered":"\n<p>O presidente Jair Bolsonaro afirmou na noite desta quinta-feira (18) em transmiss\u00e3o pelas redes sociais que &#8220;obviamente&#8221; vai ter consequ\u00eancia a fala do presidente da Petrobras (<a rel=\"noreferrer noopener\" href=\"https:\/\/investnews.com.br\/cotacao\/petr3-petr4-petrobras\/\" target=\"_blank\">PETR3\u00a0<\/a>e\u00a0<a rel=\"noreferrer noopener\" href=\"https:\/\/investnews.com.br\/cotacao\/petr3-petr4-petrobras\/\" target=\"_blank\">PETR4<\/a>), Roberto Castello Branco, que dias atr\u00e1s havia dito que a amea\u00e7a de greve de caminhoneiros n\u00e3o era problema da empresa.<\/p>\n\n\n\n<p>Nesta quinta, Bolsonaro reclamou dos pre\u00e7os dos combust\u00edveis e <a href=\"https:\/\/investnews.com.br\/economia\/bolsonaro-zera-imposto-federal-sobre-o-diesel-por-2-meses\/\" class=\"rank-math-link\">anunciou medidas com o objetivo de reduzi-los.<\/a><\/p>\n\n\n\n<p>&#8220;N\u00f3s acusamos responsabilidade de todo mundo. Pessoal, ningu\u00e9m d\u00e1 bola pra nada. Voc\u00ea vai na Receita: &#8216;Voc\u00ea, da Receita, n\u00e3o fiscaliza por qu\u00ea?&#8217; O cara n\u00e3o tem resposta. Eu n\u00e3o posso chamar aten\u00e7\u00e3o da Ag\u00eancia Nacional de Petr\u00f3leo, porque \u00e9 independente, mas tem atribui\u00e7\u00e3o tamb\u00e9m. N\u00e3o faz nada&#8221;, disse.<\/p>\n\n\n\n<p>&#8220;Voc\u00ea vai em cima da Petrobras e ela fala: &#8216;Opa, n\u00e3o \u00e9 obriga\u00e7\u00e3o minha&#8217;. Ou, como disse o presidente da Petrobras, h\u00e1 quest\u00e3o de poucos dias, n\u00e9: &#8216;eu n\u00e3o tenho nada a ver com caminhoneiro. Eu aumento o pre\u00e7o aqui, n\u00e3o tenho nada a ver com caminhoneiro&#8217;. <strong>Foi o que ele falou, o presidente da Petrobras. Isso vai ter uma consequ\u00eancia, obviamente<\/strong>. N\u00e3o tenho nada a ver com isso&#8221;, emendou.<\/p>\n\n\n\n<p>Em um evento no final de janeiro, o presidente da Petrobras disse que a amea\u00e7a de greve de caminhoneiros, que buscava pressionar pela redu\u00e7\u00e3o de <a href=\"https:\/\/investnews.com.br\/economia\/greve-dos-caminhoneiros-termina-sem-adesao-veja-comparacoes-de-precos-do-diesel\/\" class=\"rank-math-link\">pre\u00e7os do diesel, <\/a>n\u00e3o era problema da estatal, que pratica pre\u00e7os de paridade internacional.<\/p>\n\n\n\n<p>&#8220;Este \u00e9 um problema que n\u00e3o \u00e9 da Petrobras&#8221;, afirmou Castello Branco, na ocasi\u00e3o.<\/p>\n\n\n\n<p>A paralisa\u00e7\u00e3o prevista para o in\u00edcio de fevereiro, entretanto,<a href=\"https:\/\/investnews.com.br\/economia\/greve-dos-caminhoneiros-termina-sem-adesao-veja-comparacoes-de-precos-do-diesel\/\" class=\"rank-math-link\"> n\u00e3o teve ades\u00e3o <\/a>entre os caminhoneiros. Uma greve anterior, em 2018, criou grandes preju\u00edzos econ\u00f4micos para o pa\u00eds.<\/p>\n\n\n\n<p>Bolsonaro tem um forte liga\u00e7\u00e3o, desde a \u00e9poca da campanha, com os caminhoneiros e tem anunciado uma s\u00e9rie de medidas para a categoria durante a sua gest\u00e3o.<\/p>\n\n\n\n<p>Procurada pela Reuters, a assessoria da Petrobras disse que n\u00e3o iria comentar as declara\u00e7\u00f5es de Bolsonaro.<\/p>\n","protected":false},"excerpt":{"rendered":"<p>Coment\u00e1rio \u00e9 sobre declara\u00e7\u00e3o sobre amea\u00e7a de greve dos caminhoneiros.<\/p>\n","protected":false},"author":7,"featured_media":832,"comment_status":"closed","ping_status":"open","sticky":false,"template":"","format":"standard","meta":{"_acf_changed":false,"inline_featured_image":false,"footnotes":""},"categories":[5],"tags":[759,234,21],"autor-wsj":[],"coauthors":[1494],"class_list":["post-230832","post","type-post","status-publish","format-standard","has-post-thumbnail","hentry","category-economia","tag-diesel","tag-jair-bolsonaro","tag-petrobras"],"acf":[],"amp_enabled":true,"_links":{"self":[{"href":"https:\/\/investnews.com.br\/inv-api\/wp\/v2\/posts\/230832","targetHints":{"allow":["GET"]}}],"collection":[{"href":"https:\/\/investnews.com.br\/inv-api\/wp\/v2\/posts"}],"about":[{"href":"https:\/\/investnews.com.br\/inv-api\/wp\/v2\/types\/post"}],"author":[{"embeddable":true,"href":"https:\/\/investnews.com.br\/inv-api\/wp\/v2\/users\/7"}],"replies":[{"embeddable":true,"href":"https:\/\/investnews.com.br\/inv-api\/wp\/v2\/comments?post=230832"}],"version-history":[{"count":2,"href":"https:\/\/investnews.com.br\/inv-api\/wp\/v2\/posts\/230832\/revisions"}],"predecessor-version":[{"id":230834,"href":"https:\/\/investnews.com.br\/inv-api\/wp\/v2\/posts\/230832\/revisions\/230834"}],"wp:featuredmedia":[{"embeddable":true,"href":"https:\/\/investnews.com.br\/inv-api\/wp\/v2\/media\/832"}],"wp:attachment":[{"href":"https:\/\/investnews.com.br\/inv-api\/wp\/v2\/media?parent=230832"}],"wp:term":[{"taxonomy":"category","embeddable":true,"href":"https:\/\/investnews.com.br\/inv-api\/wp\/v2\/categories?post=230832"},{"taxonomy":"post_tag","embeddable":true,"href":"https:\/\/investnews.com.br\/inv-api\/wp\/v2\/tags?post=230832"},{"taxonomy":"autor-wsj","embeddable":true,"href":"https:\/\/investnews.com.br\/inv-api\/wp\/v2\/autor-wsj?post=230832"},{"taxonomy":"author","embeddable":true,"href":"https:\/\/investnews.com.br\/inv-api\/wp\/v2\/coauthors?post=230832"}],"curies":[{"name":"wp","href":"https:\/\/api.w.org\/{rel}","templated":true}]}}