{"id":230870,"date":"2021-02-19T11:10:44","date_gmt":"2021-02-19T14:10:44","guid":{"rendered":"https:\/\/investnews.com.br\/?p=230870"},"modified":"2025-08-08T16:50:50","modified_gmt":"2025-08-08T19:50:50","slug":"bolsonaro-volta-a-falar-em-mudancas-na-petrobras-mas-ceo-nao-sai-dizem-fontes","status":"publish","type":"post","link":"https:\/\/investnews.com.br\/negocios\/bolsonaro-volta-a-falar-em-mudancas-na-petrobras-mas-ceo-nao-sai-dizem-fontes\/","title":{"rendered":"Bolsonaro volta a falar em mudan\u00e7as na Petrobras, mas CEO n\u00e3o sai, dizem fontes"},"content":{"rendered":"<p>O presidente Jair Bolsonaro reiterou nesta sexta-feira (19) que mudan\u00e7as ser\u00e3o feitas na Petrobras (<a href=\"https:\/\/investnews.com.br\/cotacao\/petr3-petr4-petrobras\/\" class=\"rank-math-link\">PETR3<\/a> e <a href=\"https:\/\/investnews.com.br\/cotacao\/petr3-petr4-petrobras\/\" class=\"rank-math-link\">PETR4<\/a>), um dia depois de criticar a eleva\u00e7\u00e3o do pre\u00e7o dos combust\u00edveis realizada na v\u00e9spera pela estatal. As declara\u00e7\u00f5es de Bolsonaro t\u00eam preocupado o mercado, mas fontes disseram \u00e0 Reuters que o presidente da empresa, Roberto Castello Branco, n\u00e3o pretende pedir demiss\u00e3o.<\/p><p><strong>&#8220;Anuncio que teremos mudan\u00e7a sim na Petrobras&#8221;,<\/strong> disse Bolsonaro nesta sexta durante viagem a Sert\u00e2nia, em Pernambuco, para inaugura\u00e7\u00e3o de uma obra. Bolsonaro, entretanto, afirmou que &#8220;jamais&#8221; vai interferir na estatal e n\u00e3o detalhou quais mudan\u00e7as ser\u00e3o realizadas. <strong>As a\u00e7\u00f5es da Petrobras, <a href=\"https:\/\/investnews.com.br\/financas\/bolsa-opera-em-queda-apos-fala-de-bolsonaro-dolar-reflete-incertezas-fiscais\/\" class=\"rank-math-link\">que j\u00e1 operavam em queda<\/a>, ampliaram ainda mais as perdas ap\u00f3s a declara\u00e7\u00e3o.<\/strong> <a href=\"https:\/\/investnews.com.br\/cotacao\/petr3-petr4-petrobras\/\" class=\"rank-math-link\">Acompanhe a cota\u00e7\u00e3o. <\/a><\/p><p>&#8220;O povo n\u00e3o pode ser surpreendido com certos reajustes&#8221;, disse ele. &#8220;Fa\u00e7amos mas com previsibilidade, \u00e9 isso que queremos.&#8221; Bolsonaro falou ainda que exige e cobra transpar\u00eancia daqueles que indica para cargos.  <\/p><figure class=\"wp-block-image size-large\"><img decoding=\"async\" src=\"https:\/\/media.investnews.com.br\/uploads\/2021\/02\/2021-02-08T233550Z_2_LYNXMPEH171OD_RTROPTP_4_BRAZIL-POLITICS-1024x683.jpg\" alt=\"Jair Bolsonaro\" class=\"wp-image-229181\"><figcaption>17\/12\/2020\nREUTERS\/Ueslei Marcelino<\/figcaption><\/figure><p>A fala veio um dia depois de o presidente, em transmiss\u00e3o ao vivo em suas redes sociais, <a href=\"https:\/\/investnews.com.br\/geral\/vai-ter-consequencia-diz-bolsonaro-sobre-fala-de-presidente-da-petrobras\/\" class=\"rank-math-link\">criticar a fala de Castello Branco<\/a>, que afirmou que uma eventual <a href=\"https:\/\/investnews.com.br\/economia\/greve-dos-caminhoneiros-termina-sem-adesao-veja-comparacoes-de-precos-do-diesel\/\" class=\"rank-math-link\">greve dos caminhoneiros <\/a>n\u00e3o \u00e9 um problema da estatal. <a href=\"https:\/\/investnews.com.br\/economia\/greve-dos-caminhoneiros-termina-sem-adesao-veja-comparacoes-de-precos-do-diesel\/\" class=\"rank-math-link\">O pre\u00e7o do diesel <\/a>\u00e9 a principal reclama\u00e7\u00e3o da categoria.<\/p><h2 class=\"wp-block-heading\">Rea\u00e7\u00e3o da Petrobras<\/h2><p>O<strong> conselho de administra\u00e7\u00e3o da Petrobras vai se reunir na ter\u00e7a-feira (23) para discutir press\u00f5es feitas por Bolsonaro<\/strong> para que Castello Branco renuncie, disseram duas fontes com conhecimento do assunto nesta sexta-feira.<\/p><p>Apesar da press\u00e3o pol\u00edtica, no entanto, <strong>o conselho defende Castello Branco,<\/strong> mesmo que a maioria de seus membros seja nomeada pelo governo, disse uma das fontes, que pediu anonimato para discutir assuntos confidenciais. Interlocutores disseram \u00e0 Reuters tamb\u00e9m apurou que <strong>Castello Branco n\u00e3o pretende pedir demiss\u00e3o da companhia<\/strong>.<\/p><p><strong>MAIS: <\/strong><a href=\"https:\/\/investnews.com.br\/economia\/greve-dos-caminhoneiros-termina-sem-adesao-veja-comparacoes-de-precos-do-diesel\/\" class=\"rank-math-link\"><strong>Veja compara\u00e7\u00f5es do pre\u00e7o do diesel<\/strong><\/a><\/p><p>&#8220;J\u00e1 houve um tempo em que o conselho (de administra\u00e7\u00e3o da empresa) era pr\u00f3-governo, e agora \u00e9 independente&#8221;, acrescentou a fonte, argumentando que o CEO tem apoio para continuar na empresa.<\/p><h2 class=\"wp-block-heading\">Aumento do diesel<\/h2><p>Os coment\u00e1rios de Bolsonaro sobre a Petrobras foi feito ap\u00f3s o an\u00fancio na quinta-feira de que a <a href=\"https:\/\/investnews.com.br\/negocios\/petrobras-elevara-em-15-preco-do-diesel-na-refinaria-gasolina-subira-10\/#:~:text=Com%20o%20movimento%2C%20o%20diesel,%24%202%2C58%20por%20litro.\" class=\"rank-math-link\">empresa elevar\u00e1 em cerca de 15% o pre\u00e7o m\u00e9dio do diesel<\/a> nas refinarias e em mais de 10% o da gasolina, a partir desta sexta-feira.<\/p><p>Bolsonaro anunciou ainda na noite de quinta-feira que vai <a href=\"https:\/\/investnews.com.br\/economia\/bolsonaro-zera-imposto-federal-sobre-o-diesel-por-2-meses\/\" class=\"rank-math-link\">zerar em definitivo os impostos federais sobre o g\u00e1s de cozinha e por dois meses os que incidem sobre o diesel<\/a>, neste caso, com o objetivo de &#8220;contrabalan\u00e7ar&#8221; o reajuste que considerou &#8220;excessivo&#8221; da Petrobras.<\/p><p>Em meio a uma alta dos pre\u00e7os do petr\u00f3leo, o reajuste foi o segundo anunciado para ambos os combust\u00edveis em fevereiro e depois de a petroleira estatal ter sofrido com temores do mercado sobre poss\u00edveis interfer\u00eancias pol\u00edticas na sua pr\u00e1tica de pre\u00e7os.<\/p><p>Ap\u00f3s uma reuni\u00e3o convocada por Bolsonaro no in\u00edcio do m\u00eas para discutir combust\u00edveis, Castello Branco disse que o presidente nunca interferiu em pol\u00edticas de pre\u00e7os da empresa.<\/p><h2 class=\"wp-block-heading\">Composi\u00e7\u00e3o dos pre\u00e7os<\/h2><p><strong>A Petrobras tem buscado refor\u00e7ar que sua pol\u00edtica segue alinhada aos pre\u00e7os ao mercado internacional<\/strong> e \u00e9 fundamental para garantir que o mercado brasileiro siga sendo suprido sem riscos de desabastecimento pelos diferentes atores respons\u00e1veis pelo atendimento \u00e0s diversas regi\u00f5es brasileiras.<\/p><p>Bolsonaro disse na quinta-feira que n\u00e3o pode e &#8220;nem iria interferir na Petrobras&#8221;, acrescentando em seguida: <strong>&#8220;Se bem que alguma coisa vai acontecer na Petrobras nos pr\u00f3ximos dias. Voc\u00ea tem que mudar alguma coisa, vai acontecer.&#8221;<\/strong><\/p><p>A <a href=\"https:\/\/investnews.com.br\/economia\/bolsonaro-zera-imposto-federal-sobre-o-diesel-por-2-meses\/\" class=\"rank-math-link\">isen\u00e7\u00e3o de impostos<\/a> \u00e9 mais um dos acenos que o governo tem feito aos caminhoneiros, uma categoria que vem sendo contemplada com decis\u00f5es favor\u00e1veis do presidente. Integrantes da categoria amea\u00e7aram com uma greve no in\u00edcio do m\u00eas, mas o movimento <a href=\"https:\/\/investnews.com.br\/economia\/greve-dos-caminhoneiros-termina-sem-adesao-veja-comparacoes-de-precos-do-diesel\/\" class=\"rank-math-link\">n\u00e3o ganhou ades\u00e3o.<\/a><\/p><p>Bolsonaro defendeu tamb\u00e9m na quinta-feira novamente a aprova\u00e7\u00e3o de um projeto, enviado pelo governo ao Congresso na semana passada, que tem por objetivo reduzir a <a href=\"https:\/\/investnews.com.br\/guias\/volatilidade-o-que-e\/\">volatilidade<\/a> na al\u00edquota do <a href=\"https:\/\/investnews.com.br\/guias\/o-que-e-icms\/\">ICMS<\/a> que incide sobre combust\u00edveis.<\/p><p> Tamb\u00e9m disse que o governo prepara um decreto para obrigar os postos de combust\u00edveis a divulgar qual o percentual de custos de cada um dos tributos na composi\u00e7\u00e3o do insumo para venda ao consumidor. <\/p><figure class=\"wp-block-image size-large\"><img loading=\"lazy\" decoding=\"async\" width=\"750\" height=\"711\" src=\"https:\/\/media.investnews.com.br\/uploads\/2021\/02\/Info_bomba_gas-1.jpg\" alt=\"Infogr\u00e1fico de bomba de combust\u00edvel mostra a composi\u00e7\u00e3o do pre\u00e7o do diesel S-10, com percentuais de impostos, custos e margem da Petrobras.\" class=\"wp-image-228513\" srcset=\"https:\/\/media.investnews.com.br\/uploads\/2021\/02\/Info_bomba_gas-1.jpg 750w, https:\/\/media.investnews.com.br\/uploads\/2021\/02\/Info_bomba_gas-1-300x284.jpg 300w, https:\/\/media.investnews.com.br\/uploads\/2021\/02\/Info_bomba_gas-1-172x163.jpg 172w, https:\/\/media.investnews.com.br\/uploads\/2021\/02\/Info_bomba_gas-1-150x142.jpg 150w\" sizes=\"auto, (max-width: 750px) 100vw, 750px\" \/><\/figure><p>A decis\u00e3o do aumento de pre\u00e7os da Petrobras, de outro lado, foi bem recebida pelo mercado, com especialistas dizendo que o reajuste levou os pre\u00e7os de volta ou pr\u00f3ximos da paridade de importa\u00e7\u00e3o, o que evitaria perdas para a companhia.<\/p><div class=\"wp-block-image\"><figure class=\"aligncenter size-large is-resized\"><img loading=\"lazy\" decoding=\"async\" src=\"https:\/\/media.investnews.com.br\/uploads\/2021\/02\/Info_petroleo_2.jpg\" alt=\"Gr\u00e1fico de linhas comparando a varia\u00e7\u00e3o acumulada dos pre\u00e7os de petr\u00f3leo Brent, gasolina e diesel no Brasil (Dez\/17-Nov\/20).\" class=\"wp-image-228616\" width=\"575\" height=\"545\" srcset=\"https:\/\/media.investnews.com.br\/uploads\/2021\/02\/Info_petroleo_2.jpg 750w, https:\/\/media.investnews.com.br\/uploads\/2021\/02\/Info_petroleo_2-300x284.jpg 300w, https:\/\/media.investnews.com.br\/uploads\/2021\/02\/Info_petroleo_2-172x163.jpg 172w, https:\/\/media.investnews.com.br\/uploads\/2021\/02\/Info_petroleo_2-150x142.jpg 150w\" sizes=\"auto, (max-width: 575px) 100vw, 575px\" \/><\/figure><\/div>\n","protected":false},"excerpt":{"rendered":"<p>Presidente da Rep\u00fablica voltou a reclamar sobre os pre\u00e7os do diesel.<\/p>\n","protected":false},"author":7,"featured_media":230871,"comment_status":"closed","ping_status":"open","sticky":false,"template":"","format":"standard","meta":{"_acf_changed":false,"inline_featured_image":false,"footnotes":""},"categories":[6],"tags":[653,759,234,21],"autor-wsj":[],"coauthors":[1494],"class_list":["post-230870","post","type-post","status-publish","format-standard","has-post-thumbnail","hentry","category-negocios","tag-combustiveis","tag-diesel","tag-jair-bolsonaro","tag-petrobras"],"acf":[],"amp_enabled":true,"_links":{"self":[{"href":"https:\/\/investnews.com.br\/inv-api\/wp\/v2\/posts\/230870","targetHints":{"allow":["GET"]}}],"collection":[{"href":"https:\/\/investnews.com.br\/inv-api\/wp\/v2\/posts"}],"about":[{"href":"https:\/\/investnews.com.br\/inv-api\/wp\/v2\/types\/post"}],"author":[{"embeddable":true,"href":"https:\/\/investnews.com.br\/inv-api\/wp\/v2\/users\/7"}],"replies":[{"embeddable":true,"href":"https:\/\/investnews.com.br\/inv-api\/wp\/v2\/comments?post=230870"}],"version-history":[{"count":11,"href":"https:\/\/investnews.com.br\/inv-api\/wp\/v2\/posts\/230870\/revisions"}],"predecessor-version":[{"id":705043,"href":"https:\/\/investnews.com.br\/inv-api\/wp\/v2\/posts\/230870\/revisions\/705043"}],"wp:featuredmedia":[{"embeddable":true,"href":"https:\/\/investnews.com.br\/inv-api\/wp\/v2\/media\/230871"}],"wp:attachment":[{"href":"https:\/\/investnews.com.br\/inv-api\/wp\/v2\/media?parent=230870"}],"wp:term":[{"taxonomy":"category","embeddable":true,"href":"https:\/\/investnews.com.br\/inv-api\/wp\/v2\/categories?post=230870"},{"taxonomy":"post_tag","embeddable":true,"href":"https:\/\/investnews.com.br\/inv-api\/wp\/v2\/tags?post=230870"},{"taxonomy":"autor-wsj","embeddable":true,"href":"https:\/\/investnews.com.br\/inv-api\/wp\/v2\/autor-wsj?post=230870"},{"taxonomy":"author","embeddable":true,"href":"https:\/\/investnews.com.br\/inv-api\/wp\/v2\/coauthors?post=230870"}],"curies":[{"name":"wp","href":"https:\/\/api.w.org\/{rel}","templated":true}]}}