{"id":23123,"date":"2020-10-28T17:59:51","date_gmt":"2020-10-28T20:59:51","guid":{"rendered":"https:\/\/investnews.com.br\/?p=23123"},"modified":"2024-06-24T15:14:54","modified_gmt":"2024-06-24T18:14:54","slug":"conta-o-que-derrubou-os-mercados-nesta-quarta","status":"publish","type":"post","link":"https:\/\/investnews.com.br\/financas\/conta-o-que-derrubou-os-mercados-nesta-quarta\/","title":{"rendered":"O que derrubou os mercados nesta quarta"},"content":{"rendered":"\n<figure class=\"wp-block-embed-youtube wp-block-embed is-type-video is-provider-youtube wp-embed-aspect-16-9 wp-has-aspect-ratio\"><div class=\"wp-block-embed__wrapper\">\n<iframe loading=\"lazy\" title=\"Ibovespa tem pior dia desde abril\" width=\"500\" height=\"281\" src=\"https:\/\/www.youtube.com\/embed\/xVdA60VQz68?feature=oembed\" frameborder=\"0\" allow=\"accelerometer; autoplay; clipboard-write; encrypted-media; gyroscope; picture-in-picture; web-share\" referrerpolicy=\"strict-origin-when-cross-origin\" allowfullscreen><\/iframe>\n<\/div><\/figure>\n\n\n\n<p>O medo de uma segunda onda da Covid-19 derrubou os mercados. O dia foi marcado por receios de novas restri\u00e7\u00f5es ao funcionamento das atividades, o que deve atrasar a recupera\u00e7\u00e3o da economia global. <\/p>\n\n\n\n<p>Esse \u00e9 o principal assunto do Conta+ desta quarta-feira (28), com Samy Dana e Dony De Nuccio. Os dois comentam os destaques da bolsa de valores, que neste preg\u00e3o fechou em baixa de 4,25%, aos 95.368 \u2013 pior desempenho desde abril. Outro tema do dia \u00e9 a decis\u00e3o do Banco Central sobre a Selic, taxa b\u00e1sica de juros da economia.<\/p>\n","protected":false},"excerpt":{"rendered":"<p>Samy Dana e Dony De Nuccio comentam ainda o que esperar pela frente.<\/p>\n","protected":false},"author":7,"featured_media":23129,"comment_status":"closed","ping_status":"open","sticky":false,"template":"","format":"standard","meta":{"_acf_changed":false,"inline_featured_image":false,"footnotes":""},"categories":[4],"tags":[226,639,404,51],"autor-wsj":[],"coauthors":[1494],"class_list":["post-23123","post","type-post","status-publish","format-standard","has-post-thumbnail","hentry","category-financas","tag-bolsa-de-valores","tag-copom","tag-coronavirus","tag-selic"],"acf":[],"amp_enabled":true,"_links":{"self":[{"href":"https:\/\/investnews.com.br\/inv-api\/wp\/v2\/posts\/23123","targetHints":{"allow":["GET"]}}],"collection":[{"href":"https:\/\/investnews.com.br\/inv-api\/wp\/v2\/posts"}],"about":[{"href":"https:\/\/investnews.com.br\/inv-api\/wp\/v2\/types\/post"}],"author":[{"embeddable":true,"href":"https:\/\/investnews.com.br\/inv-api\/wp\/v2\/users\/7"}],"replies":[{"embeddable":true,"href":"https:\/\/investnews.com.br\/inv-api\/wp\/v2\/comments?post=23123"}],"version-history":[{"count":2,"href":"https:\/\/investnews.com.br\/inv-api\/wp\/v2\/posts\/23123\/revisions"}],"predecessor-version":[{"id":23149,"href":"https:\/\/investnews.com.br\/inv-api\/wp\/v2\/posts\/23123\/revisions\/23149"}],"wp:featuredmedia":[{"embeddable":true,"href":"https:\/\/investnews.com.br\/inv-api\/wp\/v2\/media\/23129"}],"wp:attachment":[{"href":"https:\/\/investnews.com.br\/inv-api\/wp\/v2\/media?parent=23123"}],"wp:term":[{"taxonomy":"category","embeddable":true,"href":"https:\/\/investnews.com.br\/inv-api\/wp\/v2\/categories?post=23123"},{"taxonomy":"post_tag","embeddable":true,"href":"https:\/\/investnews.com.br\/inv-api\/wp\/v2\/tags?post=23123"},{"taxonomy":"autor-wsj","embeddable":true,"href":"https:\/\/investnews.com.br\/inv-api\/wp\/v2\/autor-wsj?post=23123"},{"taxonomy":"author","embeddable":true,"href":"https:\/\/investnews.com.br\/inv-api\/wp\/v2\/coauthors?post=23123"}],"curies":[{"name":"wp","href":"https:\/\/api.w.org\/{rel}","templated":true}]}}