{"id":231471,"date":"2021-02-22T21:31:51","date_gmt":"2021-02-23T00:31:51","guid":{"rendered":"https:\/\/investnews.com.br\/?p=231471"},"modified":"2021-02-22T21:31:53","modified_gmt":"2021-02-23T00:31:53","slug":"justica-da-72-horas-para-bolsonaro-e-petrobras-explicarem-mudancas","status":"publish","type":"post","link":"https:\/\/investnews.com.br\/negocios\/justica-da-72-horas-para-bolsonaro-e-petrobras-explicarem-mudancas\/","title":{"rendered":"Justi\u00e7a d\u00e1 72 horas para Bolsonaro e Petrobras explicarem mudan\u00e7as"},"content":{"rendered":"\n<p>O presidente Jair Bolsonaro e a Petrobras (<a href=\"https:\/\/investnews.com.br\/cotacao\/petr3-petr4-petrobras\/\" class=\"rank-math-link\">PETR3<\/a> e <a href=\"https:\/\/investnews.com.br\/cotacao\/petr3-petr4-petrobras\/\" class=\"rank-math-link\">PETR4<\/a>) t\u00eam 72 horas para explicar os <a href=\"https:\/\/investnews.com.br\/economia\/interferencia-de-bolsonaro-na-petrobras-entenda-em-4-pontos\/\" class=\"rank-math-link\">motivos que levaram \u00e0 troca do comando da estatal<\/a> de Roberto Castello Branco pelo general Joaquim Luna e Silva, decidiu nesta segunda-feira (22) a Justi\u00e7a Federal de Minas Gerais ao analisar uma a\u00e7\u00e3o popular.<\/p>\n\n\n\n<p>Na a\u00e7\u00e3o, dois advogados pedem que a Justi\u00e7a d\u00ea uma liminar para barrar a troca na dire\u00e7\u00e3o da Petrobras. O juiz federal Andr\u00e9 Prado de Vasconcelos decidiu que, antes de julgar o pedido, quer ouvir as partes envolvidas.<\/p>\n\n\n\n<p>&#8220;Por oportuno, destaco que, conforme amplamente divulgado pelos ve\u00edculos de comunica\u00e7\u00e3o, a aprova\u00e7\u00e3o do indicado para a presid\u00eancia da Petrobras depende de delibera\u00e7\u00e3o do respectivo Conselho de Administra\u00e7\u00e3o, ainda n\u00e3o ocorrida&#8221;, disse.<\/p>\n\n\n\n<p>&#8220;Assim, intimem-se os r\u00e9us t\u00e3o-somente para manifesta\u00e7\u00e3o, no prazo de 72 (setenta e duas) horas, sobre o pedido de liminar, articulando, de forma concisa e objetiva, as raz\u00f5es e argumentos que entender pertinentes e relevantes \u00e0 discuss\u00e3o da causa&#8221;, afirmou o magistrado.<\/p>\n\n\n\n<p>Procurada, a Advocacia-Geral da Uni\u00e3o, que representa o presidente judicialmente, disse que n\u00e3o comenta processos em tramita\u00e7\u00e3o na Justi\u00e7a. A Petrobras n\u00e3o respondeu de imediato pedido de coment\u00e1rio.<\/p>\n\n\n\n<p>Bolsonaro anunciou a troca no comando da Petrobras na sexta-feira \u00e0 noite, decis\u00e3o essa que desde ent\u00e3o tem causado <a href=\"https:\/\/investnews.com.br\/economia\/ibovespa-tem-maior-queda-desde-abril-puxado-por-petrobras-dolar-sobe\/\" class=\"rank-math-link\">forte repercuss\u00e3o no mercado em geral <\/a>e <a href=\"https:\/\/investnews.com.br\/mais-investnews\/a-cronologia-da-crise-que-levou-a-queda-das-acoes-da-petrobras\/\" class=\"rank-math-link\">mais especificamente nas a\u00e7\u00f5es da empresa.<\/a><\/p>\n\n\n\n<p>No preg\u00e3o da bolsa em S\u00e3o Paulo nesta segunda, os pap\u00e9is preferenciais da estatal desabaram 21,5%, enquanto as <a href=\"https:\/\/investnews.com.br\/guias\/acoes-ordinarias-e-preferenciais-entenda\/\">a\u00e7\u00f5es ordin\u00e1rias<\/a> despencaram 20,5%. <a href=\"https:\/\/investnews.com.br\/economia\/ibovespa-tem-maior-queda-desde-abril-puxado-por-petrobras-dolar-sobe\/\" class=\"rank-math-link\">O Ibovespa caiu 4,9%.<\/a><\/p>\n","protected":false},"excerpt":{"rendered":"<p>Decis\u00e3o \u00e9 da Justi\u00e7a Federal de Minas Gerais, que analisou uma a\u00e7\u00e3o popular.<\/p>\n","protected":false},"author":7,"featured_media":231472,"comment_status":"closed","ping_status":"open","sticky":false,"template":"","format":"standard","meta":{"_acf_changed":false,"inline_featured_image":false,"footnotes":""},"categories":[6],"tags":[234,21],"autor-wsj":[],"coauthors":[1494],"class_list":["post-231471","post","type-post","status-publish","format-standard","has-post-thumbnail","hentry","category-negocios","tag-jair-bolsonaro","tag-petrobras"],"acf":[],"amp_enabled":true,"_links":{"self":[{"href":"https:\/\/investnews.com.br\/inv-api\/wp\/v2\/posts\/231471","targetHints":{"allow":["GET"]}}],"collection":[{"href":"https:\/\/investnews.com.br\/inv-api\/wp\/v2\/posts"}],"about":[{"href":"https:\/\/investnews.com.br\/inv-api\/wp\/v2\/types\/post"}],"author":[{"embeddable":true,"href":"https:\/\/investnews.com.br\/inv-api\/wp\/v2\/users\/7"}],"replies":[{"embeddable":true,"href":"https:\/\/investnews.com.br\/inv-api\/wp\/v2\/comments?post=231471"}],"version-history":[{"count":2,"href":"https:\/\/investnews.com.br\/inv-api\/wp\/v2\/posts\/231471\/revisions"}],"predecessor-version":[{"id":231474,"href":"https:\/\/investnews.com.br\/inv-api\/wp\/v2\/posts\/231471\/revisions\/231474"}],"wp:featuredmedia":[{"embeddable":true,"href":"https:\/\/investnews.com.br\/inv-api\/wp\/v2\/media\/231472"}],"wp:attachment":[{"href":"https:\/\/investnews.com.br\/inv-api\/wp\/v2\/media?parent=231471"}],"wp:term":[{"taxonomy":"category","embeddable":true,"href":"https:\/\/investnews.com.br\/inv-api\/wp\/v2\/categories?post=231471"},{"taxonomy":"post_tag","embeddable":true,"href":"https:\/\/investnews.com.br\/inv-api\/wp\/v2\/tags?post=231471"},{"taxonomy":"autor-wsj","embeddable":true,"href":"https:\/\/investnews.com.br\/inv-api\/wp\/v2\/autor-wsj?post=231471"},{"taxonomy":"author","embeddable":true,"href":"https:\/\/investnews.com.br\/inv-api\/wp\/v2\/coauthors?post=231471"}],"curies":[{"name":"wp","href":"https:\/\/api.w.org\/{rel}","templated":true}]}}