{"id":231584,"date":"2021-02-23T18:38:47","date_gmt":"2021-02-23T21:38:47","guid":{"rendered":"https:\/\/investnews.com.br\/?p=231584"},"modified":"2024-06-24T12:10:59","modified_gmt":"2024-06-24T15:10:59","slug":"duvida-do-mercado-a-petrobras-ja-comecou-a-se-recuperar","status":"publish","type":"post","link":"https:\/\/investnews.com.br\/financas\/duvida-do-mercado-a-petrobras-ja-comecou-a-se-recuperar\/","title":{"rendered":"A Petrobras j\u00e1 come\u00e7ou a se recuperar?"},"content":{"rendered":"\n<figure class=\"wp-block-embed-youtube wp-block-embed is-type-video is-provider-youtube wp-embed-aspect-16-9 wp-has-aspect-ratio\"><div class=\"wp-block-embed__wrapper\">\n<iframe loading=\"lazy\" title=\"PETR4 e PETR3 j\u00e1 come\u00e7aram a se recuperar?\" width=\"500\" height=\"281\" src=\"https:\/\/www.youtube.com\/embed\/i9LAom-76FA?feature=oembed\" frameborder=\"0\" allow=\"accelerometer; autoplay; clipboard-write; encrypted-media; gyroscope; picture-in-picture; web-share\" referrerpolicy=\"strict-origin-when-cross-origin\" allowfullscreen><\/iframe>\n<\/div><\/figure>\n\n\n\n<p>A a\u00e7\u00e3o da Petrobras j\u00e1 est\u00e1 se recuperando? <a href=\"https:\/\/investnews.com.br\/cotacao\/petr3-petr4-petrobras\/\" class=\"rank-math-link\">PETR3<\/a> e <a href=\"https:\/\/investnews.com.br\/cotacao\/petr3-petr4-petrobras\/\" class=\"rank-math-link\">PETR4<\/a> devem continuar subindo? Depois do tombo do dia anterior, as a\u00e7\u00f5es da empresa <a href=\"https:\/\/investnews.com.br\/financas\/ibovespa-fecha-em-alta-com-recuperacao-de-petrobras-e-privatizacao-de-eletobras\/\" class=\"rank-math-link\">tiveram alta nesta ter\u00e7a-feira (23)<\/a>, mas as perspectivas ainda geram d\u00favidas.<\/p>\n\n\n\n<p>Al\u00e9m desse tema, o <em>Boletim InvestNews<\/em>, com Karina Trevizan, tamb\u00e9m traz um resumo das principais not\u00edcias de economia, com a cota\u00e7\u00e3o do d\u00f3lar, fechamento do Ibovespa, maiores altas e maiores quedas da bolsa. O programa ainda comenta as novidades sobre as negocia\u00e7\u00f5es para a prorroga\u00e7\u00e3o do aux\u00edlio emergencial, com o <a href=\"https:\/\/investnews.com.br\/economia\/parecer-de-pec-emergencial-mantem-desvinculacao-de-gastos-com-saude-e-educacao\/\" class=\"rank-math-link\">poss\u00edvel fim do piso de gastos com sa\u00fade e educa\u00e7\u00e3o pela PEC emergencial. <\/a><\/p>\n","protected":false},"excerpt":{"rendered":"<p>A\u00e7\u00f5es da empresa subiram ap\u00f3s tombo no dia anterior.<\/p>\n","protected":false},"author":7,"featured_media":231587,"comment_status":"closed","ping_status":"open","sticky":false,"template":"","format":"standard","meta":{"_acf_changed":false,"inline_featured_image":false,"footnotes":""},"categories":[4],"tags":[21],"autor-wsj":[],"coauthors":[1494],"class_list":["post-231584","post","type-post","status-publish","format-standard","has-post-thumbnail","hentry","category-financas","tag-petrobras"],"acf":[],"amp_enabled":true,"_links":{"self":[{"href":"https:\/\/investnews.com.br\/inv-api\/wp\/v2\/posts\/231584","targetHints":{"allow":["GET"]}}],"collection":[{"href":"https:\/\/investnews.com.br\/inv-api\/wp\/v2\/posts"}],"about":[{"href":"https:\/\/investnews.com.br\/inv-api\/wp\/v2\/types\/post"}],"author":[{"embeddable":true,"href":"https:\/\/investnews.com.br\/inv-api\/wp\/v2\/users\/7"}],"replies":[{"embeddable":true,"href":"https:\/\/investnews.com.br\/inv-api\/wp\/v2\/comments?post=231584"}],"version-history":[{"count":4,"href":"https:\/\/investnews.com.br\/inv-api\/wp\/v2\/posts\/231584\/revisions"}],"predecessor-version":[{"id":231631,"href":"https:\/\/investnews.com.br\/inv-api\/wp\/v2\/posts\/231584\/revisions\/231631"}],"wp:featuredmedia":[{"embeddable":true,"href":"https:\/\/investnews.com.br\/inv-api\/wp\/v2\/media\/231587"}],"wp:attachment":[{"href":"https:\/\/investnews.com.br\/inv-api\/wp\/v2\/media?parent=231584"}],"wp:term":[{"taxonomy":"category","embeddable":true,"href":"https:\/\/investnews.com.br\/inv-api\/wp\/v2\/categories?post=231584"},{"taxonomy":"post_tag","embeddable":true,"href":"https:\/\/investnews.com.br\/inv-api\/wp\/v2\/tags?post=231584"},{"taxonomy":"autor-wsj","embeddable":true,"href":"https:\/\/investnews.com.br\/inv-api\/wp\/v2\/autor-wsj?post=231584"},{"taxonomy":"author","embeddable":true,"href":"https:\/\/investnews.com.br\/inv-api\/wp\/v2\/coauthors?post=231584"}],"curies":[{"name":"wp","href":"https:\/\/api.w.org\/{rel}","templated":true}]}}