{"id":231650,"date":"2021-02-24T08:24:55","date_gmt":"2021-02-24T11:24:55","guid":{"rendered":"https:\/\/investnews.com.br\/?p=231650"},"modified":"2024-06-26T12:13:24","modified_gmt":"2024-06-26T15:13:24","slug":"5-fatos-para-hoje-confianca-do-consumidor-lucro-da-telefonica-e-biometria","status":"publish","type":"post","link":"https:\/\/investnews.com.br\/economia\/5-fatos-para-hoje-confianca-do-consumidor-lucro-da-telefonica-e-biometria\/","title":{"rendered":"5 fatos para hoje: confian\u00e7a do consumidor, lucro da Telef\u00f4nica e biometria"},"content":{"rendered":"\n<h2 class=\"wp-block-heading\">1- Sobe o \u00cdndice de Confian\u00e7a do Consumidor, diz FGV<\/h2>\n\n\n\n<p>A confian\u00e7a do consumidor brasileiro quebrou uma sequ\u00eancia de quatro perdas mensais consecutivas para registrar alta em fevereiro, refletindo o impacto do in\u00edcio da vacina\u00e7\u00e3o contra a Covid-19 no Brasil e as perspectivas de mais aux\u00edlio emergencial para a popula\u00e7\u00e3o, informou a Funda\u00e7\u00e3o Getulio Vargas (FGV) nesta quarta-feira.<br>\nO \u00cdndice de Confian\u00e7a do Consumidor (ICC) avan\u00e7ou 2,2 pontos em fevereiro, a 78 pontos. A FGV informou que, em fevereiro, houve melhora tanto da percep\u00e7\u00e3o dos consumidores sobre  o momento atual quanto das expectativas para os pr\u00f3ximos meses.<br>\nO \u00cdndice de Situa\u00e7\u00e3o Atual teve alta de 1,4 ponto, a 69,5 pontos, enquanto o \u00cdndice de Expectativas (IE) avan\u00e7ou 2,7 pontos, para leitura de 84,8. Ainda assim, ambos seguem em um patamar desfavor\u00e1vel, segundo a FGV, abaixo da leitura de dezembro do ano passado.<\/p>\n\n\n\n<h2 class=\"wp-block-heading\">2- Telef\u00f4nica Brasil tem lucro l\u00edquido superior a R$ 1,2 bilh\u00e3o no 4\u00ba trimestre<\/h2>\n\n\n\n<p>A Telef\u00f4nica Brasil (dona da Vivo) fechou o quarto trimestre\nde 2020 com <a href=\"https:\/\/investnews.com.br\/guias\/lucro-liquido\/\">lucro l\u00edquido<\/a> de R$ 1,293 bilh\u00e3o, o que representa uma ligeira alta\nde 1,5% em rela\u00e7\u00e3o ao mesmo per\u00edodo de 2019, em fun\u00e7\u00e3o da menor despesa com\nimpostos, conforme explicou a companhia. J\u00e1 no acumulado do ano inteiro, a\noperadora apresentou lucro de R$ 4,771 bilh\u00f5es, queda de 4,6% em rela\u00e7\u00e3o ao ano\nanterior.<\/p>\n\n\n\n<p>O Ebitda (lucro antes dos juros, impostos, deprecia\u00e7\u00e3o e\namortiza\u00e7\u00e3o) somou R$ 4,877 bilh\u00f5es no trimestre, leve baixa de 1,8%. A margem\nEbitda foi de 43,6%, perda de 0,1 ponto porcentual. No acumulado do ano, o\nEbitda totalizou R$ 17,808 bilh\u00f5es, tamb\u00e9m gerando uma retra\u00e7\u00e3o de 1,8%.<\/p>\n\n\n\n<p>A receita operacional l\u00edquida atingiu R$ 11,193 bilh\u00f5es no trimestre, queda de 1,6%, e totalizou R$ 43,126 bilh\u00f5es no ano, diminui\u00e7\u00e3o de 2,6%.<\/p>\n\n\n\n<h2 class=\"wp-block-heading\">3 &#8211; Lucro da Unidas mais do que dobra no 4\u00ba tri<\/h2>\n\n\n\n<p>A Unidas, empresa de loca\u00e7\u00e3o de ve\u00edculos, gest\u00e3o de frotas e\nvendas de seminovos seguiu mostrando recupera\u00e7\u00e3o dos efeitos da pandemia da\nCovid-19 e mais do que dobrou seu lucro no quarto trimestre. Segundo a Unidas,\na demanda por ve\u00edculos seminovos se manteve alta no trimestre, permitindo\ntrabalhar com pre\u00e7os mais altos, com a receita no segmento crescendo 47,9% ano\na ano.<\/p>\n\n\n\n<p>A companhia anunciou nesta ter\u00e7a-feira (23) que seu lucro\nl\u00edquido de outubro a dezembro somou 197,1 milh\u00f5es de reais, alta de 105,3% no\ncomparativo com igual etapa de 2019. A <a href=\"https:\/\/investnews.com.br\/guias\/receita-liquida-o-que-e\/\">receita l\u00edquida<\/a> cresceu 31,2%, para 1,6\nbilh\u00e3o de reais, maior n\u00edvel j\u00e1 registrado pela companhia em um trimestre,\nsustentada por recordes de volume e aumento da tarifa m\u00e9dia sobre loca\u00e7\u00f5es.<\/p>\n\n\n\n<p>A Unidas e a rival Localiza anunciaram em setembro a inten\u00e7\u00e3o de combina\u00e7\u00e3o de neg\u00f3cios. Executivos da companhia discutem os resultados do per\u00edodo em teleconfer\u00eancia com analistas nesta quarta-feira (24), \u00e0s 13h (hor\u00e1rio de Bras\u00edlia).<\/p>\n\n\n\n<h2 class=\"wp-block-heading\">4 &#8211; INSS amplia prova digital por biometria facial<\/h2>\n\n\n\n<p>O governo anunciou nesta ter\u00e7a-feira (23) a expans\u00e3o do uso\nda prova de vida por biometria facial, de 500 mil pessoas no projeto piloto\npara os 5,3 milh\u00f5es de aposentados e pensionistas que n\u00e3o realizaram a prova de\nvida em 2020.<\/p>\n\n\n\n<p>Al\u00e9m disso, o Minist\u00e9rio da Economia e o Instituto Nacional\ndo Seguro Social (INSS) anunciaram a prorroga\u00e7\u00e3o por mais de 60 dias da\nsuspens\u00e3o da necessidade de prova de vida para aposentados e pensionistas,\ndevido \u00e0 continuidade da pandemia.<\/p>\n\n\n\n<p>\u00a0O presidente do INSS, Leonardo Rolim, explicou que a prova de vida digital poder\u00e1 ser feita por meio do aplicativo &#8220;Meu gov.br&#8221;, sem que as pessoas precisem ir a uma ag\u00eancia banc\u00e1ria. As informa\u00e7\u00f5es ser\u00e3o comparadas com as bases de dados biom\u00e9tricos do Tribunal Superior Eleitoral (TSE) e do Departamento Nacional de Tr\u00e2nsito (Denatran).<\/p>\n\n\n\n<h2 class=\"wp-block-heading\"> 5 &#8211; Frente dos prefeitos anuncia cons\u00f3rcio para compra de vacinas  <\/h2>\n\n\n\n<p>A Frente Nacional dos Prefeitos (FNP) anunciou nesta\nter\u00e7a-feira em sua conta no Twitter que vai liderar a cria\u00e7\u00e3o de um <a href=\"https:\/\/investnews.com.br\/guias\/o-que-e-consorcio\/\">cons\u00f3rcio<\/a>\np\u00fablico com a finalidade espec\u00edfica de comprar vacinas contra Covid-19.\nGovernadores e prefeitos t\u00eam pressionado desde o ano passado o governo federal\na ampliar a oferta de vacinas contra Covid no pa\u00eds.<\/p>\n\n\n\n<p>A decis\u00e3o da FNP ocorre ap\u00f3s o Supremo Tribunal Federal\n(STF) ter formado maioria nesta ter\u00e7a (23), em julgamento virtual, para\npermitir que Estados e munic\u00edpios possam importar e distribuir vacinas contra\nCovid registradas por \u00f3rg\u00e3os reguladores estrangeiros previstos em lei caso a\nAnvisa n\u00e3o avalie um eventual pedido apresentado no Brasil em at\u00e9 72 horas.<\/p>\n\n\n\n<p>At\u00e9 o momento, o governo federal j\u00e1 adquiriu, para uso emergencial, as vacinas AstraZeneca-Oxford e CoronaVac. Nesta ter\u00e7a, a Anvisa autorizou o registro definitivo da vacina da Pfizer, mas o governo federal ainda n\u00e3o tem um acordo fechado com o laborat\u00f3rio para aquisi\u00e7\u00e3o de doses.<\/p>\n\n\n\n<p><em>*Com Reuters e Estad\u00e3o Conte\u00fado<\/em><\/p>\n","protected":false},"excerpt":{"rendered":"<p>Frente dos prefeitos anuncia cons\u00f3rcio para compra de vacinas; saiba mais.<\/p>\n","protected":false},"author":7,"featured_media":231657,"comment_status":"closed","ping_status":"open","sticky":false,"template":"","format":"standard","meta":{"_acf_changed":false,"inline_featured_image":false,"footnotes":""},"categories":[5],"tags":[624,174,209,1032,1041],"autor-wsj":[],"coauthors":[1494],"class_list":["post-231650","post","type-post","status-publish","format-standard","has-post-thumbnail","hentry","category-economia","tag-consumidor","tag-eletrobras","tag-telefonica-brasil","tag-veiculos","tag-vivo"],"acf":[],"amp_enabled":true,"_links":{"self":[{"href":"https:\/\/investnews.com.br\/inv-api\/wp\/v2\/posts\/231650","targetHints":{"allow":["GET"]}}],"collection":[{"href":"https:\/\/investnews.com.br\/inv-api\/wp\/v2\/posts"}],"about":[{"href":"https:\/\/investnews.com.br\/inv-api\/wp\/v2\/types\/post"}],"author":[{"embeddable":true,"href":"https:\/\/investnews.com.br\/inv-api\/wp\/v2\/users\/7"}],"replies":[{"embeddable":true,"href":"https:\/\/investnews.com.br\/inv-api\/wp\/v2\/comments?post=231650"}],"version-history":[{"count":7,"href":"https:\/\/investnews.com.br\/inv-api\/wp\/v2\/posts\/231650\/revisions"}],"predecessor-version":[{"id":231659,"href":"https:\/\/investnews.com.br\/inv-api\/wp\/v2\/posts\/231650\/revisions\/231659"}],"wp:featuredmedia":[{"embeddable":true,"href":"https:\/\/investnews.com.br\/inv-api\/wp\/v2\/media\/231657"}],"wp:attachment":[{"href":"https:\/\/investnews.com.br\/inv-api\/wp\/v2\/media?parent=231650"}],"wp:term":[{"taxonomy":"category","embeddable":true,"href":"https:\/\/investnews.com.br\/inv-api\/wp\/v2\/categories?post=231650"},{"taxonomy":"post_tag","embeddable":true,"href":"https:\/\/investnews.com.br\/inv-api\/wp\/v2\/tags?post=231650"},{"taxonomy":"autor-wsj","embeddable":true,"href":"https:\/\/investnews.com.br\/inv-api\/wp\/v2\/autor-wsj?post=231650"},{"taxonomy":"author","embeddable":true,"href":"https:\/\/investnews.com.br\/inv-api\/wp\/v2\/coauthors?post=231650"}],"curies":[{"name":"wp","href":"https:\/\/api.w.org\/{rel}","templated":true}]}}