{"id":23359,"date":"2020-10-30T16:00:17","date_gmt":"2020-10-30T19:00:17","guid":{"rendered":"https:\/\/investnews.com.br\/?p=23359"},"modified":"2020-10-30T13:58:48","modified_gmt":"2020-10-30T16:58:48","slug":"pais-tem-137-milhoes-no-desemprego-taxa-de-144-e-a-maior-da-serie-historica","status":"publish","type":"post","link":"https:\/\/investnews.com.br\/economia\/pais-tem-137-milhoes-no-desemprego-taxa-de-144-e-a-maior-da-serie-historica\/","title":{"rendered":"Pa\u00eds tem 13,7 milh\u00f5es no desemprego; taxa de 14,4% \u00e9 a maior da s\u00e9rie hist\u00f3rica"},"content":{"rendered":"\n<p>A forte queda da atividade econ\u00f4mica provocada pela <strong><a class=\"rank-math-link\" href=\"https:\/\/investnews.com.br\/economia\/pib-de-2020-por-que-alguns-paises-devem-sair-mais-prejudicados-que-outros\/\">pandemia da covid-19<\/a><\/strong> continua causando um forte estrago nos empregos. A <strong>taxa de desemprego no trimestre encerrado em agosto subiu para 14,4%<\/strong>, o maior n\u00edvel j\u00e1 registrado pela Pesquisa Nacional por Amostra de Domic\u00edlios Cont\u00ednua (Pnad Cont\u00ednua), do Instituto Brasileiro de Geografia e Estat\u00edstica (IBGE), que teve in\u00edcio em 2012. No trimestre encerrado em julho, a taxa estava em 13,8%.<\/p>\n\n\n\n<p><strong>LEIA MAIS: <a class=\"rank-math-link\" href=\"https:\/\/investnews.com.br\/economia\/varejo-deve-contratar-quase-20-menos-trabalhadores-no-natal-ante-2019-diz-cnc\/\">Varejo deve contratar quase 20% menos trabalhadores no Natal ante 2019, diz CNC<\/a><\/strong><\/p>\n\n\n\n<p>A popula\u00e7\u00e3o desocupada cresceu a 1,083 milh\u00e3o em apenas um trimestre, aumento de 8,5%, totalizando 13,794 milh\u00f5es de desempregados. Em rela\u00e7\u00e3o a um ano antes, h\u00e1 1,229 milh\u00e3o de desocupados a mais, alta de 9,8%.<\/p>\n\n\n\n<p>De acordo com a analista da pesquisa, <strong>Adriana Beringuy<\/strong>, o aumento na taxa de <strong>desemprego \u00e9 um reflexo da flexibiliza\u00e7\u00e3o das medidas de isolamento social<\/strong> para controle da pandemia. &#8220;Esse aumento da taxa est\u00e1 relacionado ao <strong>crescimento do n\u00famero de pessoas que estavam procurando trabalho<\/strong>. No meio do ano, havia um isolamento maior, com maiores restri\u00e7\u00f5es no com\u00e9rcio, e <strong>muitas pessoas tinham parado de procurar trabalho<\/strong> por causa desse contexto. Agora, a gente percebe um maior movimento no mercado de trabalho em rela\u00e7\u00e3o ao trimestre m\u00f3vel encerrado em maio&#8221;, diz.<\/p>\n\n\n\n<p>Segundo a Pnad Cont\u00ednua, o Pa\u00eds registrou uma <strong>perda de 4,270 milh\u00f5es de pessoas ocupadas no mercado de trabalho em apenas um trimestre<\/strong>. A popula\u00e7\u00e3o ocupada desceu ao menor patamar da s\u00e9rie hist\u00f3rica iniciada em 2012, com 81,666 milh\u00f5es de pessoas. Em um ano, foram extintos 11,965 milh\u00f5es de empregos, uma queda de 12,8% no total de pessoas trabalhando.<\/p>\n\n\n\n<p><strong>LEIA MAIS: <a class=\"rank-math-link\" href=\"https:\/\/investnews.com.br\/economia\/efeito-cicatriz-jovens-sao-os-mais-afetados-pela-recessao-e-desemprego-na-crise\/\">Efeito cicatriz: jovens s\u00e3o os mais afetados pela recess\u00e3o e desemprego na crise<\/a><\/strong><\/p>\n\n\n\n<p>A taxa de desemprego s\u00f3 n\u00e3o subiu ainda mais porque houve um <strong>aumento de 5,6% no n\u00famero de pessoas na inatividade<\/strong> em rela\u00e7\u00e3o ao trimestre imediatamente anterior.<\/p>\n\n\n\n<p>A <strong>popula\u00e7\u00e3o inativa alcan\u00e7ou o auge de 79,141 milh\u00f5e<\/strong>s no trimestre encerrado em agosto, 4,177 milh\u00f5es a mais que no trimestre terminado em maio. Em um ano, 14,213 milh\u00f5es de brasileiros migraram para a inatividade, um salto de 21,9% no total de pessoas fora da for\u00e7a de trabalho.<\/p>\n\n\n\n<p>O <strong>n\u00edvel da ocupa\u00e7\u00e3o<\/strong> &#8211; porcentual de pessoas ocupadas na popula\u00e7\u00e3o em idade de trabalhar &#8211; caiu de 49,5% no trimestre encerrado em maio para 46,8% no trimestre at\u00e9 agosto de 2020, o menor da s\u00e9rie hist\u00f3rica. No trimestre terminado em agosto de 2019, o n\u00edvel da ocupa\u00e7\u00e3o era de 54,7%.<\/p>\n\n\n\n<p><em>*Com Estad\u00e3o Conte\u00fado<\/em><\/p>\n","protected":false},"excerpt":{"rendered":"<p>De acordo com os crit\u00e9rios que contam para o desemprego, pessoas que voltam a procurar trabalho depois da medidas restritivas entram no c\u00e1lculo.<\/p>\n","protected":false},"author":17,"featured_media":89,"comment_status":"closed","ping_status":"open","sticky":false,"template":"","format":"standard","meta":{"_acf_changed":false,"inline_featured_image":false,"footnotes":""},"categories":[5],"tags":[374,54],"autor-wsj":[],"coauthors":[1498],"class_list":["post-23359","post","type-post","status-publish","format-standard","has-post-thumbnail","hentry","category-economia","tag-desemprego","tag-ibge"],"acf":[],"amp_enabled":true,"_links":{"self":[{"href":"https:\/\/investnews.com.br\/inv-api\/wp\/v2\/posts\/23359","targetHints":{"allow":["GET"]}}],"collection":[{"href":"https:\/\/investnews.com.br\/inv-api\/wp\/v2\/posts"}],"about":[{"href":"https:\/\/investnews.com.br\/inv-api\/wp\/v2\/types\/post"}],"author":[{"embeddable":true,"href":"https:\/\/investnews.com.br\/inv-api\/wp\/v2\/users\/17"}],"replies":[{"embeddable":true,"href":"https:\/\/investnews.com.br\/inv-api\/wp\/v2\/comments?post=23359"}],"version-history":[{"count":2,"href":"https:\/\/investnews.com.br\/inv-api\/wp\/v2\/posts\/23359\/revisions"}],"predecessor-version":[{"id":23361,"href":"https:\/\/investnews.com.br\/inv-api\/wp\/v2\/posts\/23359\/revisions\/23361"}],"wp:featuredmedia":[{"embeddable":true,"href":"https:\/\/investnews.com.br\/inv-api\/wp\/v2\/media\/89"}],"wp:attachment":[{"href":"https:\/\/investnews.com.br\/inv-api\/wp\/v2\/media?parent=23359"}],"wp:term":[{"taxonomy":"category","embeddable":true,"href":"https:\/\/investnews.com.br\/inv-api\/wp\/v2\/categories?post=23359"},{"taxonomy":"post_tag","embeddable":true,"href":"https:\/\/investnews.com.br\/inv-api\/wp\/v2\/tags?post=23359"},{"taxonomy":"autor-wsj","embeddable":true,"href":"https:\/\/investnews.com.br\/inv-api\/wp\/v2\/autor-wsj?post=23359"},{"taxonomy":"author","embeddable":true,"href":"https:\/\/investnews.com.br\/inv-api\/wp\/v2\/coauthors?post=23359"}],"curies":[{"name":"wp","href":"https:\/\/api.w.org\/{rel}","templated":true}]}}