{"id":233696,"date":"2021-03-08T17:07:25","date_gmt":"2021-03-08T20:07:25","guid":{"rendered":"https:\/\/investnews.com.br\/?p=233696"},"modified":"2021-07-30T17:26:56","modified_gmt":"2021-07-30T20:26:56","slug":"bolsa-despenca-mais-de-3-e-dolar-bate-r-577-com-decisao-de-fachin-sobre-lula","status":"publish","type":"post","link":"https:\/\/investnews.com.br\/financas\/bolsa-despenca-mais-de-3-e-dolar-bate-r-577-com-decisao-de-fachin-sobre-lula\/","title":{"rendered":"Lula eleg\u00edvel: bolsa fecha em queda de quase 4% e d\u00f3lar vai a R$ 5,77"},"content":{"rendered":"\n<p>A bolsa despencou e o d\u00f3lar fechou em alta nesta segunda-feira (8), com o mercado reagindo \u00e0 not\u00edcia de que o ex-presidente Luiz In\u00e1cio Lula da Silva ter\u00e1 todas as suas condena\u00e7\u00f5es da Opera\u00e7\u00e3o Lava Jato suspensas, podendo assim disputar as pr\u00f3ximas elei\u00e7\u00f5es.<\/p>\n\n\n\n<p>O Ibovespa, principal indicador da bolsa brasileira, caiu 3,97%, aos 110.612 pontos, ap\u00f3s cair 4,28% no pior momento do dia, a 110.268 pontos. J\u00e1 o <a href=\"https:\/\/investnews.com.br\/guias\/tipos-de-dolar\/\">d\u00f3lar comercial<\/a> terminou o dia a R$ 5,7788 na venda, em alta de 1,7%. Na m\u00e1xima do dia, chegou a R$ 5,7846. <a href=\"https:\/\/investnews.com.br\/cotacao\/\" class=\"rank-math-link\">Acompanhe mais cota\u00e7\u00f5es.<\/a><\/p>\n\n\n\n<p>Nesta segunda, o real ficou entre as moedas que mais perderam valor frente ao d\u00f3lar, mas atr\u00e1s das divisas da \u00c1frica do Sul, Austr\u00e1lia, pa\u00edses da zona do euro e Su\u00e9cia. No ano, no entanto, a moeda brasileira \u00e9 a \u00faltima colocada em uma lista com 25 pa\u00edses. Os dados s\u00e3o da Economatica, provedora de informa\u00e7\u00f5es financeiras.<\/p>\n\n\n\n<h2 class=\"wp-block-heading\">O que dizem os analistas<\/h2>\n\n\n\n<p>A decis\u00e3o de cancelar as condena\u00e7\u00f5es foi do ministro Edson Fachin, do Supremo Tribunal Federal. No entanto, ela ainda pode ser revertida, pois a Procuradoria-Geral da Rep\u00fablica prepara recurso contra a decis\u00e3o.<\/p>\n\n\n\n<p>Depois da not\u00edcia, um dos temores citados por gestores e analistas \u00e9 de que o atual governo, do presidente Jair Bolsonaro, tenda ainda mais para o lado de pol\u00edticas consideradas populistas para ganhar popularidade, j\u00e1 de olho nas elei\u00e7\u00f5es do ano que vem. <\/p>\n\n\n\n<p><strong>&#8220;Se confirmada, a elegibilidade de Lula antecipa o jogo eleitoral de 2022, que j\u00e1 est\u00e1 bastante adiantado com Bolsonaro em campanha para a reelei\u00e7\u00e3o desde que assumiu o primeiro mandato.&nbsp;O mercado teme que o presidente possa refor\u00e7ar suas pol\u00edticas populistas para n\u00e3o perder vantagem nessa disputa. <\/strong>Al\u00e9m disso, com Lula de volta ao quadro eleitoral, a polariza\u00e7\u00e3o tende a repetir 2018, esvaziando as chances de uma candidatura de centro no ano que vem&#8221;, afirma Jos\u00e9 Falc\u00e3o, analista da Easynvest. <\/p>\n\n\n\n<p>&#8220;Com Lula eleg\u00edvel, cresce ainda mais a <strong>chance deste governo ir totalmente para o populismo<\/strong>&#8220;, comentou \u00e0 Reuters Alfredo Menezes, s\u00f3cio-gestor na Armor Capital. <\/p>\n\n\n\n<p><strong>&#8220;Antes da discuss\u00e3o sobre a elei\u00e7\u00e3o de 2022, acho que a decis\u00e3o (de Fachin) mostra a grande inseguran\u00e7a jur\u00eddica no pa\u00eds&#8221;<\/strong>, afirmou tamb\u00e9m \u00e0 ag\u00eancia Joaquim Kokudai, gestor na JPP Capital, para quem, por ora, uma piora estrutural do mercado ainda deve ser evitada por manuten\u00e7\u00e3o de contrapartidas fiscais na PEC Emergencial a ser votada pela C\u00e2mara dos Deputados. <\/p>\n\n\n\n<p>&#8220;A elegibilidade do ex-presidente aumenta receios de uma volta da pol\u00edtica intervencionista do \u00faltimo governo petista. As manifesta\u00e7\u00f5es mais extremas do ex-presidente na ocasi\u00e3o do impeachment da sua sucessora e tamb\u00e9m no processo da Lava Jato provocam receios de uma pol\u00edtica mais extremista, o que n\u00e3o agrada o mercado. <strong>A primeira rea\u00e7\u00e3o veio com a alta do d\u00f3lar, o que pode tamb\u00e9m fazer o BC aumentar ainda mais as taxas de juros&#8221;<\/strong>, complementa Jo\u00e3o Beck, economista da BRA.<\/p>\n\n\n\n<h2 class=\"wp-block-heading\">Bolsas globais<\/h2>\n\n\n\n<p>Em Wall Street, as a\u00e7\u00f5es do setor de tecnologia sofreram uma liquida\u00e7\u00e3o nesta segunda, num movimento que empurrou o \u00edndice Nasdaq para territ\u00f3rio de corre\u00e7\u00e3o e ofuscou ganhos em outros segmentos, que avan\u00e7aram por esperan\u00e7a de que o projeto de lei de al\u00edvio \u00e0 covid-19, de US$ 1,9 trilh\u00e3o, estimule a economia dos Estados Unidos. <\/p>\n\n\n\n<ul class=\"wp-block-list\"><li>O \u00edndice Dow Jones subiu 0,97%, a 31.802 pontos<\/li><li>S&amp;P 500 perdeu 0,535927%, a 3.821 pontos<\/li><li>O \u00edndice de tecnologia Nasdaq recuou 2,41%, a 12.609 pontos<\/li><\/ul>\n\n\n\n<p><strong>As a\u00e7\u00f5es de bancos e montadoras impulsionaram os mercados europeus nesta segunda-feira<\/strong>, \u00e0 medida que os investidores continuavam a ingressar em setores ligados \u00e0 economia na esperan\u00e7a de uma recupera\u00e7\u00e3o s\u00f3lida ap\u00f3s o abrandamento do coronav\u00edrus no continente. <\/p>\n\n\n\n<ul class=\"wp-block-list\"><li> Em LONDRES, o \u00edndice Financial Times avan\u00e7ou 1,34%, a 6.719,13 pontos.<\/li><li> Em&nbsp;FRANKFURT, o \u00edndice DAX subiu 3,31%, a 14.380,91 pontos.<\/li><li> Em PARIS, o \u00edndice CAC-40 ganhou 2,08%, a 5.902,99 pontos.<\/li><li> Em MIL\u00c3O, o \u00edndice Ftse\/Mib teve valoriza\u00e7\u00e3o de 3,12%, a 23.681,57 pontos.<\/li><li>Em MADRI, o \u00edndice Ibex-35 registrou alta de 1,90%, a 8.444,20 pontos.<\/li><li> Em LISBOA, o \u00edndice PSI20 valorizou-se 0,35%, a 4.688,10 pontos.<\/li><\/ul>\n\n\n\n<p><strong>O mercado acion\u00e1rio da China registrou a maior queda em mais de sete meses nesta segunda-feira<\/strong>, uma vez que a meta do governo para o crescimento econ\u00f4mico em 2021 abaixo do esperado provocou preocupa\u00e7\u00f5es de que as autoridades chinesas podem apertar a pol\u00edtica monet\u00e1ria para conter as fortes valoriza\u00e7\u00f5es. <\/p>\n\n\n\n<ul class=\"wp-block-list\"><li>Em T\u00d3QUIO, o \u00edndice Nikkei recuou 0,42%, a 28.743 pontos.<\/li><li>Em HONG KONG, o \u00edndice HANG SENG caiu 1,92%, a 28.540 pontos.<\/li><li>Em XANGAI, o \u00edndice SSEC perdeu 2,30%, a 3.421 pontos.<\/li><li>O \u00edndice CSI300, que re\u00fane as maiores companhias listadas em XANGAI e SHENZHEN, retrocedeu 3,47%, a 5.080 pontos.<\/li><li>Em SEUL, o \u00edndice KOSPI teve desvaloriza\u00e7\u00e3o de 1,00%, a 2.996 pontos.<\/li><li>Em TAIWAN, o \u00edndice TAIEX registrou baixa de 0,22%, a 15.820 pontos.<\/li><li>Em CINGAPURA, o \u00edndice STRAITS TIMES valorizou-se 1,90%, a 3.071 pontos.<\/li><li>Em SYDNEY o \u00edndice S&amp;P\/ASX 200 avan\u00e7ou 0,43%, a 6.739 pontos.<\/li><\/ul>\n\n\n\n<p><em>(*Com informa\u00e7\u00f5es da Reuters)<\/em><\/p>\n","protected":false},"excerpt":{"rendered":"<p>Ministro do STF anulou todas as condena\u00e7\u00f5es impostas ao ex-presidente. <\/p>\n","protected":false},"author":7,"featured_media":233710,"comment_status":"closed","ping_status":"open","sticky":false,"template":"","format":"standard","meta":{"_acf_changed":false,"inline_featured_image":false,"footnotes":""},"categories":[4],"tags":[26],"autor-wsj":[],"coauthors":[1494],"class_list":["post-233696","post","type-post","status-publish","format-standard","has-post-thumbnail","hentry","category-financas","tag-dolar"],"acf":[],"amp_enabled":true,"_links":{"self":[{"href":"https:\/\/investnews.com.br\/inv-api\/wp\/v2\/posts\/233696","targetHints":{"allow":["GET"]}}],"collection":[{"href":"https:\/\/investnews.com.br\/inv-api\/wp\/v2\/posts"}],"about":[{"href":"https:\/\/investnews.com.br\/inv-api\/wp\/v2\/types\/post"}],"author":[{"embeddable":true,"href":"https:\/\/investnews.com.br\/inv-api\/wp\/v2\/users\/7"}],"replies":[{"embeddable":true,"href":"https:\/\/investnews.com.br\/inv-api\/wp\/v2\/comments?post=233696"}],"version-history":[{"count":32,"href":"https:\/\/investnews.com.br\/inv-api\/wp\/v2\/posts\/233696\/revisions"}],"predecessor-version":[{"id":265731,"href":"https:\/\/investnews.com.br\/inv-api\/wp\/v2\/posts\/233696\/revisions\/265731"}],"wp:featuredmedia":[{"embeddable":true,"href":"https:\/\/investnews.com.br\/inv-api\/wp\/v2\/media\/233710"}],"wp:attachment":[{"href":"https:\/\/investnews.com.br\/inv-api\/wp\/v2\/media?parent=233696"}],"wp:term":[{"taxonomy":"category","embeddable":true,"href":"https:\/\/investnews.com.br\/inv-api\/wp\/v2\/categories?post=233696"},{"taxonomy":"post_tag","embeddable":true,"href":"https:\/\/investnews.com.br\/inv-api\/wp\/v2\/tags?post=233696"},{"taxonomy":"autor-wsj","embeddable":true,"href":"https:\/\/investnews.com.br\/inv-api\/wp\/v2\/autor-wsj?post=233696"},{"taxonomy":"author","embeddable":true,"href":"https:\/\/investnews.com.br\/inv-api\/wp\/v2\/coauthors?post=233696"}],"curies":[{"name":"wp","href":"https:\/\/api.w.org\/{rel}","templated":true}]}}