{"id":233818,"date":"2021-03-09T08:51:05","date_gmt":"2021-03-09T11:51:05","guid":{"rendered":"https:\/\/investnews.com.br\/?p=233818"},"modified":"2021-03-09T08:51:07","modified_gmt":"2021-03-09T11:51:07","slug":"demanda-por-voos-internacionais-da-azul-cai-966-em-um-ano","status":"publish","type":"post","link":"https:\/\/investnews.com.br\/negocios\/demanda-por-voos-internacionais-da-azul-cai-966-em-um-ano\/","title":{"rendered":"Demanda por voos internacionais da Azul cai 96,6% em um ano"},"content":{"rendered":"\n<p>A companhia a\u00e9rea Azul (<a href=\"https:\/\/investnews.com.br\/cotacao\/azul4-azul\/\" class=\"rank-math-link\">AZUL4<\/a>) divulgou seus dados operacionais de fevereiro, quando registrou queda na demanda por voos de 34,4% na compara\u00e7\u00e3o com o mesmo m\u00eas de 2020, e de 17,8% na compara\u00e7\u00e3o com fevereiro de 2019.<\/p>\n\n\n\n<p>A oferta de assentos caiu 32,1% na compara\u00e7\u00e3o com fevereiro do ano passado, e 15% em rela\u00e7\u00e3o a 2019. Assim, a taxa de ocupa\u00e7\u00e3o fechou o m\u00eas passado em 78,4%, caindo 2,7 pontos tanto na compara\u00e7\u00e3o com 2020 quanto com 2019.<\/p>\n\n\n\n<p><strong>As maiores quedas foram apuradas nos voos internacionais<\/strong>, com recuos de 96,6% na demanda, em um ano, e de 95,8% na oferta. Assim, a taxa de ocupa\u00e7\u00e3o caiu de 79,9% para 65,7%.<\/p>\n\n\n\n<p>Nos voos dom\u00e9sticos, a queda anual da RPK foi de 14,2%, e na ASK, foi de 11,1%. A taxa de ocupa\u00e7\u00e3o caiu 2,9 pontos porcentuais, para 78,6%.<\/p>\n","protected":false},"excerpt":{"rendered":"<p>Demanda por voos nacionais caiu 34,4% na compara\u00e7\u00e3o com o fevereiro de 2020.<\/p>\n","protected":false},"author":45,"featured_media":778,"comment_status":"closed","ping_status":"open","sticky":false,"template":"","format":"standard","meta":{"_acf_changed":false,"inline_featured_image":false,"footnotes":""},"categories":[6],"tags":[792,155,154],"autor-wsj":[],"coauthors":[2363],"class_list":["post-233818","post","type-post","status-publish","format-standard","has-post-thumbnail","hentry","category-negocios","tag-aviacao","tag-brasil","tag-azul"],"acf":[],"amp_enabled":true,"_links":{"self":[{"href":"https:\/\/investnews.com.br\/inv-api\/wp\/v2\/posts\/233818","targetHints":{"allow":["GET"]}}],"collection":[{"href":"https:\/\/investnews.com.br\/inv-api\/wp\/v2\/posts"}],"about":[{"href":"https:\/\/investnews.com.br\/inv-api\/wp\/v2\/types\/post"}],"author":[{"embeddable":true,"href":"https:\/\/investnews.com.br\/inv-api\/wp\/v2\/users\/45"}],"replies":[{"embeddable":true,"href":"https:\/\/investnews.com.br\/inv-api\/wp\/v2\/comments?post=233818"}],"version-history":[{"count":1,"href":"https:\/\/investnews.com.br\/inv-api\/wp\/v2\/posts\/233818\/revisions"}],"predecessor-version":[{"id":233819,"href":"https:\/\/investnews.com.br\/inv-api\/wp\/v2\/posts\/233818\/revisions\/233819"}],"wp:featuredmedia":[{"embeddable":true,"href":"https:\/\/investnews.com.br\/inv-api\/wp\/v2\/media\/778"}],"wp:attachment":[{"href":"https:\/\/investnews.com.br\/inv-api\/wp\/v2\/media?parent=233818"}],"wp:term":[{"taxonomy":"category","embeddable":true,"href":"https:\/\/investnews.com.br\/inv-api\/wp\/v2\/categories?post=233818"},{"taxonomy":"post_tag","embeddable":true,"href":"https:\/\/investnews.com.br\/inv-api\/wp\/v2\/tags?post=233818"},{"taxonomy":"autor-wsj","embeddable":true,"href":"https:\/\/investnews.com.br\/inv-api\/wp\/v2\/autor-wsj?post=233818"},{"taxonomy":"author","embeddable":true,"href":"https:\/\/investnews.com.br\/inv-api\/wp\/v2\/coauthors?post=233818"}],"curies":[{"name":"wp","href":"https:\/\/api.w.org\/{rel}","templated":true}]}}