{"id":234,"date":"2020-01-10T10:14:33","date_gmt":"2020-01-10T13:14:33","guid":{"rendered":"https:\/\/beta.investnews.com.br\/?p=234"},"modified":"2024-06-26T12:30:38","modified_gmt":"2024-06-26T15:30:38","slug":"presidente-da-ucrania-pressiona-aliados-por-evidencias-sobre-acidente-aereo","status":"publish","type":"post","link":"https:\/\/investnews.com.br\/economia\/presidente-da-ucrania-pressiona-aliados-por-evidencias-sobre-acidente-aereo\/","title":{"rendered":"Presidente da Ucr\u00e2nia pede provas sobre acidente a\u00e9reo"},"content":{"rendered":"\n<p><em>Por Estad\u00e3o Conte\u00fado<\/em><\/p>\n\n\n\n<p>O presidente da Ucr\u00e2nia,  Volodymyr Zelenski , afirmou nesta sexta-feira (10), que a possibilidade de m\u00edssil ter abatido o avi\u00e3o com 176 pessoas n\u00e3o pode ser descartada, mas ainda n\u00e3o foi confirmada. Na quinta-feira (9), autoridades americanas, canadenses e brit\u00e2nicas disseram que o avi\u00e3o foi abatido por engano por um foguete do Ir\u00e3. A aeronave explodiu minutos ap\u00f3s decolar com 176 pessoas a bordo. Ningu\u00e9m sobreviveu.<\/p>\n\n\n\n<p> Zelenski tem pressionado os Estados Unidos e pa\u00edses ocidentais para compartilhar as informa\u00e7\u00f5es sobre o acidente a\u00e9reo. &#8220;Dados os \u00faltimos an\u00fancios feitos pelos l\u00edderes dos pa\u00edses na m\u00eddia, chamo nossos parceiros internacionais &#8211; primeiramente os governos de Estados Unidos, Canad\u00e1 e Reino Unido &#8211; para fornecer os dados e as evid\u00eancias relativas \u00e0 cat\u00e1strofe para a comiss\u00e3o que investiga suas causas&#8221;, escreveu o l\u00edder ucraniano em seu Facebook.<\/p>\n\n\n\n<p>Na quinta-feira, o site do jornal&nbsp;<em>The New York Times<\/em>&nbsp;publicou v\u00eddeo gravado por um celular que mostra a explos\u00e3o do que parece ser um avi\u00e3o no c\u00e9u de Teer\u00e3. &#8220;Algu\u00e9m pode ter cometido um erro&#8221;, disse o presidente americano, Donald Trump. &#8220;Dizem que foi uma falha mec\u00e2nica. Pessoalmente, n\u00e3o acredito que isso esteja sequer em quest\u00e3o. Acho que alguma coisa terr\u00edvel aconteceu.&#8221;<\/p>\n\n\n\n<p>No mesmo dia, o primeiro-ministro do Canad\u00e1, Justin Trudeau, foi \u00e0 TV anunciar que o voo 752 da UIA havia sido derrubado por um m\u00edssil do Ir\u00e3. &#8220;Temos informa\u00e7\u00e3o de m\u00faltiplas fontes, inclu\u00eddos aliados e servi\u00e7os de intelig\u00eancia, indicando que o avi\u00e3o foi derrubado por um m\u00edssil terra-ar iraniano. Pode ser que n\u00e3o tenha sido intencional.&#8221;<\/p>\n\n\n\n<p>Autoridades iranianas rejeitaram o que chamaram de &#8220;rumores il\u00f3gicos&#8221; sobre a queda do Boeing. &#8220;V\u00e1rios voos nacionais e internacionais estavam no espa\u00e7o a\u00e9reo iraniano ao mesmo tempo \u00e0 mesma altura de 8 mil p\u00e9s. Essa hist\u00f3ria do ataque com m\u00edsseis no avi\u00e3o n\u00e3o pode estar correta&#8221;, afirmou o Minist\u00e9rio da Transporte do Ir\u00e3, em comunicado. &#8220;\u00c9 cientificamente imposs\u00edvel que um m\u00edssil tenha atingido o avi\u00e3o&#8221;, disse Ali Abedzadeh, chefe da ag\u00eancia de avia\u00e7\u00e3o civil do Ir\u00e3.<\/p>\n\n\n\n<p><strong>Outros casos<\/strong><\/p>\n\n\n\n<p>Se confirmado que o Boeing ucraniano foi mesmo derrubado por um m\u00edssil, o caso entraria em uma lista de trag\u00e9dias semelhantes. De acordo com a consultoria brit\u00e2nica Flightglobal Ascend, que mant\u00e9m uma base da dados detalhadas de acidentes a\u00e9reos, desde 1967, mais de 700 pessoas foram mortas em 19 incidentes envolvendo ataques com disparos propositais. Durante a Guerra Fria, os casos eram mais comuns. Hoje, ocorrem principalmente em zonas de conflito.<\/p>\n","protected":false},"excerpt":{"rendered":"<p>Presidente diz que a possibilidade de um m\u00edssil, disparado pela Ir\u00e3, ter abatido o avi\u00e3o n\u00e3o pode ser descartada<\/p>\n","protected":false},"author":7,"featured_media":235,"comment_status":"open","ping_status":"open","sticky":false,"template":"","format":"standard","meta":{"_acf_changed":false,"inline_featured_image":false,"footnotes":""},"categories":[5],"tags":[78],"autor-wsj":[],"coauthors":[],"class_list":["post-234","post","type-post","status-publish","format-standard","has-post-thumbnail","hentry","category-economia","tag-estados-unidos"],"acf":[],"amp_enabled":true,"_links":{"self":[{"href":"https:\/\/investnews.com.br\/inv-api\/wp\/v2\/posts\/234","targetHints":{"allow":["GET"]}}],"collection":[{"href":"https:\/\/investnews.com.br\/inv-api\/wp\/v2\/posts"}],"about":[{"href":"https:\/\/investnews.com.br\/inv-api\/wp\/v2\/types\/post"}],"author":[{"embeddable":true,"href":"https:\/\/investnews.com.br\/inv-api\/wp\/v2\/users\/7"}],"replies":[{"embeddable":true,"href":"https:\/\/investnews.com.br\/inv-api\/wp\/v2\/comments?post=234"}],"version-history":[{"count":3,"href":"https:\/\/investnews.com.br\/inv-api\/wp\/v2\/posts\/234\/revisions"}],"predecessor-version":[{"id":417,"href":"https:\/\/investnews.com.br\/inv-api\/wp\/v2\/posts\/234\/revisions\/417"}],"wp:featuredmedia":[{"embeddable":true,"href":"https:\/\/investnews.com.br\/inv-api\/wp\/v2\/media\/235"}],"wp:attachment":[{"href":"https:\/\/investnews.com.br\/inv-api\/wp\/v2\/media?parent=234"}],"wp:term":[{"taxonomy":"category","embeddable":true,"href":"https:\/\/investnews.com.br\/inv-api\/wp\/v2\/categories?post=234"},{"taxonomy":"post_tag","embeddable":true,"href":"https:\/\/investnews.com.br\/inv-api\/wp\/v2\/tags?post=234"},{"taxonomy":"autor-wsj","embeddable":true,"href":"https:\/\/investnews.com.br\/inv-api\/wp\/v2\/autor-wsj?post=234"},{"taxonomy":"author","embeddable":true,"href":"https:\/\/investnews.com.br\/inv-api\/wp\/v2\/coauthors?post=234"}],"curies":[{"name":"wp","href":"https:\/\/api.w.org\/{rel}","templated":true}]}}