{"id":234684,"date":"2021-03-12T18:38:02","date_gmt":"2021-03-12T21:38:02","guid":{"rendered":"https:\/\/investnews.com.br\/?p=234684"},"modified":"2024-06-24T12:10:51","modified_gmt":"2024-06-24T15:10:51","slug":"quanto-a-selic-vai-subir-e-mais-acoes-das-varejistas-em-queda","status":"publish","type":"post","link":"https:\/\/investnews.com.br\/financas\/quanto-a-selic-vai-subir-e-mais-acoes-das-varejistas-em-queda\/","title":{"rendered":"Quanto a Selic vai subir? E mais: a\u00e7\u00f5es das varejistas em queda"},"content":{"rendered":"\n<figure class=\"wp-block-embed-youtube wp-block-embed is-type-video is-provider-youtube wp-embed-aspect-16-9 wp-has-aspect-ratio\"><div class=\"wp-block-embed__wrapper\">\n<iframe loading=\"lazy\" title=\"Quanto a Selic vai subir? E mais: LAME4, BTOW3, VVAR3 e MGLU3 em queda\" width=\"500\" height=\"281\" src=\"https:\/\/www.youtube.com\/embed\/UKj4JT2OKR4?feature=oembed\" frameborder=\"0\" allow=\"accelerometer; autoplay; clipboard-write; encrypted-media; gyroscope; picture-in-picture; web-share\" referrerpolicy=\"strict-origin-when-cross-origin\" allowfullscreen><\/iframe>\n<\/div><\/figure>\n\n\n\n<p>O que vai acontecer com a Selic? O mercado projeta uma alta j\u00e1 na pr\u00f3xima semana. Mas de quanto vai ser? Esse \u00e9 o tema do Boletim InvestNews desta sexta-feira (12), com Karina Trevizan.<\/p>\n\n\n\n<p>O programa destaca ainda a queda das a\u00e7\u00f5es LAME4, BTOW3, VVAR3 e MGLU3. O que aconteceu com o setor de varejo no preg\u00e3o? A transmiss\u00e3o traz tamb\u00e9m um resumo de outras not\u00edcias de economia, cota\u00e7\u00e3o do d\u00f3lar, fechamento do Ibovespa, maiores altas e maiores quedas da bolsa. <\/p>\n","protected":false},"excerpt":{"rendered":"<p>Reuni\u00e3o do Copom para decidir a nova taxa de juros \u00e9 na pr\u00f3xima semana e j\u00e1 gera expectativas; veja transmiss\u00e3o ao vivo \u00e0s 19h.<\/p>\n","protected":false},"author":31,"featured_media":234685,"comment_status":"closed","ping_status":"open","sticky":false,"template":"","format":"standard","meta":{"_acf_changed":false,"inline_featured_image":false,"footnotes":""},"categories":[4],"tags":[639,26,52,187,190,51,376],"autor-wsj":[],"coauthors":[1908],"class_list":["post-234684","post","type-post","status-publish","format-standard","has-post-thumbnail","hentry","category-financas","tag-copom","tag-dolar","tag-inflacao","tag-lojas-americanas","tag-magazine-luiza","tag-selic","tag-varejo"],"acf":[],"amp_enabled":true,"_links":{"self":[{"href":"https:\/\/investnews.com.br\/inv-api\/wp\/v2\/posts\/234684","targetHints":{"allow":["GET"]}}],"collection":[{"href":"https:\/\/investnews.com.br\/inv-api\/wp\/v2\/posts"}],"about":[{"href":"https:\/\/investnews.com.br\/inv-api\/wp\/v2\/types\/post"}],"author":[{"embeddable":true,"href":"https:\/\/investnews.com.br\/inv-api\/wp\/v2\/users\/31"}],"replies":[{"embeddable":true,"href":"https:\/\/investnews.com.br\/inv-api\/wp\/v2\/comments?post=234684"}],"version-history":[{"count":2,"href":"https:\/\/investnews.com.br\/inv-api\/wp\/v2\/posts\/234684\/revisions"}],"predecessor-version":[{"id":234689,"href":"https:\/\/investnews.com.br\/inv-api\/wp\/v2\/posts\/234684\/revisions\/234689"}],"wp:featuredmedia":[{"embeddable":true,"href":"https:\/\/investnews.com.br\/inv-api\/wp\/v2\/media\/234685"}],"wp:attachment":[{"href":"https:\/\/investnews.com.br\/inv-api\/wp\/v2\/media?parent=234684"}],"wp:term":[{"taxonomy":"category","embeddable":true,"href":"https:\/\/investnews.com.br\/inv-api\/wp\/v2\/categories?post=234684"},{"taxonomy":"post_tag","embeddable":true,"href":"https:\/\/investnews.com.br\/inv-api\/wp\/v2\/tags?post=234684"},{"taxonomy":"autor-wsj","embeddable":true,"href":"https:\/\/investnews.com.br\/inv-api\/wp\/v2\/autor-wsj?post=234684"},{"taxonomy":"author","embeddable":true,"href":"https:\/\/investnews.com.br\/inv-api\/wp\/v2\/coauthors?post=234684"}],"curies":[{"name":"wp","href":"https:\/\/api.w.org\/{rel}","templated":true}]}}