{"id":234873,"date":"2021-03-15T14:08:49","date_gmt":"2021-03-15T17:08:49","guid":{"rendered":"https:\/\/investnews.com.br\/?p=234873"},"modified":"2021-03-15T14:09:52","modified_gmt":"2021-03-15T17:09:52","slug":"via-varejo-inclui-eletricos-em-frota-logistica-para-atender-sao-paulo","status":"publish","type":"post","link":"https:\/\/investnews.com.br\/negocios\/via-varejo-inclui-eletricos-em-frota-logistica-para-atender-sao-paulo\/","title":{"rendered":"Via Varejo inclui el\u00e9tricos em frota log\u00edstica para atender S\u00e3o Paulo"},"content":{"rendered":"\n<p><strong>A\u00a0Via\u00a0Varejo\u00a0(<a href=\"https:\/\/investnews.com.br\/cotacao\/vvar3-via-varejo\/\" class=\"rank-math-link\">VVAR3<\/a>) ter\u00e1<\/strong> <strong>10 ve\u00edculos el\u00e9tricos para atender a cidade de S\u00e3o Paulo<\/strong> <strong>a partir de abril<\/strong>, quantidade que deve dobrar nos pr\u00f3ximos meses, segundo comunicado da dona das marcas Casas Bahia e Ponto Frio nesta segunda-feira (15).<\/p>\n\n\n\n<p><strong>Leia tamb\u00e9m<\/strong>: <a href=\"https:\/\/investnews.com.br\/negocios\/impulso-do-comercio-eletronico-leva-via-varejo-de-volta-ao-lucro-no-4o-trimestre\/\" class=\"rank-math-link\">Impulso do com\u00e9rcio eletr\u00f4nico leva Via Varejo de volta ao lucro no 4\u00ba trimestre<\/a><\/p>\n\n\n\n<p>Os ve\u00edculos t\u00eam capacidade para 720 kg de carga e 300 km de autonomia, segundo a varejista de eletrodom\u00e9sticos e eletroeletr\u00f4nicos, que tem como <strong>meta reduzir a emiss\u00e3o de carbono gerado pela companhia at\u00e9 2025.<\/strong><\/p>\n\n\n\n<p>&#8220;A partir desse ano, incorporamos as pr\u00e1ticas com foco em <a href=\"https:\/\/investnews.com.br\/guias\/tudo-sobre-esg\/\">ESG<\/a> em nossa estrat\u00e9gia de neg\u00f3cio e seguimos com estudos constantes para a ado\u00e7\u00e3o de formatos mais sustent\u00e1veis em nossos modais log\u00edsticos&#8221;, disse em nota o vice-presidente de Opera\u00e7\u00f5es, S\u00e9rgio Leme.<\/p>\n","protected":false},"excerpt":{"rendered":"<p>A meta \u00e9 reduzir a emiss\u00e3o de carbono gerado pela companhia at\u00e9 2025.<\/p>\n","protected":false},"author":7,"featured_media":232776,"comment_status":"closed","ping_status":"open","sticky":false,"template":"","format":"standard","meta":{"_acf_changed":false,"inline_featured_image":false,"footnotes":""},"categories":[6],"tags":[],"autor-wsj":[],"coauthors":[1494],"class_list":["post-234873","post","type-post","status-publish","format-standard","has-post-thumbnail","hentry","category-negocios"],"acf":[],"amp_enabled":true,"_links":{"self":[{"href":"https:\/\/investnews.com.br\/inv-api\/wp\/v2\/posts\/234873","targetHints":{"allow":["GET"]}}],"collection":[{"href":"https:\/\/investnews.com.br\/inv-api\/wp\/v2\/posts"}],"about":[{"href":"https:\/\/investnews.com.br\/inv-api\/wp\/v2\/types\/post"}],"author":[{"embeddable":true,"href":"https:\/\/investnews.com.br\/inv-api\/wp\/v2\/users\/7"}],"replies":[{"embeddable":true,"href":"https:\/\/investnews.com.br\/inv-api\/wp\/v2\/comments?post=234873"}],"version-history":[{"count":4,"href":"https:\/\/investnews.com.br\/inv-api\/wp\/v2\/posts\/234873\/revisions"}],"predecessor-version":[{"id":234877,"href":"https:\/\/investnews.com.br\/inv-api\/wp\/v2\/posts\/234873\/revisions\/234877"}],"wp:featuredmedia":[{"embeddable":true,"href":"https:\/\/investnews.com.br\/inv-api\/wp\/v2\/media\/232776"}],"wp:attachment":[{"href":"https:\/\/investnews.com.br\/inv-api\/wp\/v2\/media?parent=234873"}],"wp:term":[{"taxonomy":"category","embeddable":true,"href":"https:\/\/investnews.com.br\/inv-api\/wp\/v2\/categories?post=234873"},{"taxonomy":"post_tag","embeddable":true,"href":"https:\/\/investnews.com.br\/inv-api\/wp\/v2\/tags?post=234873"},{"taxonomy":"autor-wsj","embeddable":true,"href":"https:\/\/investnews.com.br\/inv-api\/wp\/v2\/autor-wsj?post=234873"},{"taxonomy":"author","embeddable":true,"href":"https:\/\/investnews.com.br\/inv-api\/wp\/v2\/coauthors?post=234873"}],"curies":[{"name":"wp","href":"https:\/\/api.w.org\/{rel}","templated":true}]}}