{"id":235307,"date":"2021-03-17T08:02:14","date_gmt":"2021-03-17T11:02:14","guid":{"rendered":"https:\/\/investnews.com.br\/?p=235307"},"modified":"2024-06-26T12:12:26","modified_gmt":"2024-06-26T15:12:26","slug":"5-fatos-para-hoje-desestatizacao-mp-do-auxilio-e-recorde-de-mortos","status":"publish","type":"post","link":"https:\/\/investnews.com.br\/economia\/5-fatos-para-hoje-desestatizacao-mp-do-auxilio-e-recorde-de-mortos\/","title":{"rendered":"5 fatos para hoje: desestatiza\u00e7\u00e3o, MP do aux\u00edlio e recorde de mortos"},"content":{"rendered":"\n<h2 class=\"wp-block-heading\">1 &#8211; Eletrobras \u00e9 inclu\u00edda no Programa Nacional de Desestatiza\u00e7\u00e3o e no PPI<\/h2>\n\n\n\n<p>A Eletrobras foi informada pelo governo nesta ter\u00e7a-feira (17) sobre sua inclus\u00e3o no Programa Nacional de Desestatiza\u00e7\u00e3o (PND), disse a companhia em comunicado.<\/p>\n\n\n\n<p>A medida, parte dos planos do presidente Jair Bolsonaro de privatizar a empresa, foi aprovada em reuni\u00e3o do Conselho do Programa de Parcerias de Investimentos (CPPI), acrescentou. A reuni\u00e3o do CPPI que decidiu pela inclus\u00e3o da Eletrobras no PND, mais cedo nesta ter\u00e7a-feira, contou com a presen\u00e7a do pr\u00f3prio Bolsonaro e outros membros do governo.<\/p>\n\n\n\n<p>A reuni\u00e3o tamb\u00e9m aprovou a qualifica\u00e7\u00e3o da privatiza\u00e7\u00e3o da Eletrobras para o PPI, acrescentou a companhia. O governo afirma que empreendimentos do PPI t\u00eam prioridade, o que favorece medidas da pr\u00f3pria administra\u00e7\u00e3o p\u00fablica para viabiliza\u00e7\u00e3o dos projetos nele inclu\u00eddos.<\/p>\n\n\n\n<h2 class=\"wp-block-heading\">2 &#8211; Divis\u00e3o e venda de fatia dos Correios \u00e9 descartada<\/h2>\n\n\n\n<p>A primeira fase dos estudos para a desestatiza\u00e7\u00e3o dos Correios foi conclu\u00edda, abrindo caminho para que a modelagem da venda da companhia seja conclu\u00edda em agosto, informou o Conselho do Programa de Parcerias de Investimentos (PPI) nesta ter\u00e7a-feira (17). O estudo descarta a venda de uma fatia minorit\u00e1ria dos Correios e tamb\u00e9m a divis\u00e3o da empresa entre m\u00faltiplos interessados com base em regi\u00f5es ou tipo de servi\u00e7os prestados.<\/p>\n\n\n\n<p>Segundo o Conselho do PPI, tais alternativas &#8220;gerariam perdas de economia de escala que acabariam por pressionar ainda mais o equil\u00edbrio financeiro da empresa. Al\u00e9m disso, os cen\u00e1rios de venda minorit\u00e1ria tamb\u00e9m foram descartados por pressionar o governo a arcar com a maior parte dos investimentos&#8221;.<\/p>\n\n\n\n<p>A expectativa do governo \u00e9 que o projeto de lei (591\/21) de desestatiza\u00e7\u00e3o dos Correios seja votado no Congresso at\u00e9 o fim do ano. Ap\u00f3s a aprova\u00e7\u00e3o do Congresso e do Tribunal de Contas da Uni\u00e3o (TCU), o leil\u00e3o poderia ser realizado.<\/p>\n\n\n\n<h2 class=\"wp-block-heading\">3 &#8211; Governo deve publicar MP do aux\u00edlio emergencial na quarta-feira<\/h2>\n\n\n\n<p>O governo federal deve publicar nesta quarta-feira (17) a medida provis\u00f3ria que estabelece os valores e prazos para a retomada do aux\u00edlio emergencial aos vulner\u00e1veis devido \u00e0 pandemia de Covid-19, informou uma fonte do Pal\u00e1cio do Planalto.<\/p>\n\n\n\n<p>At\u00e9 o momento, n\u00e3o h\u00e1 detalhes sobre a nova etapa do benef\u00edcio, que foi interrompido em dezembro e dever\u00e1 ser retomado em abril ap\u00f3s a aprova\u00e7\u00e3o pelo Congresso Nacional da PEC Emergencial, que viabilizou o retorno da medida. <\/p>\n\n\n\n<p>O presidente Jair Bolsonaro e o ministro da Economia, Paulo Guedes, j\u00e1 afirmaram que o valor do aux\u00edlio ser\u00e1 de R$ 250, em m\u00e9dia, por quatro meses &#8212; abaixo do que foi pago ano passado. Em 2020, o aux\u00edlio come\u00e7ou com  R$ 600 mensais e depois diminuiu para R$ 300. O governo, entretanto, alega que n\u00e3o teria como pagar mais ou estender a vig\u00eancia do benef\u00edcio diante do momento fiscal.<\/p>\n\n\n\n<h2 class=\"wp-block-heading\">4 &#8211; Novo recorde di\u00e1rio de mortes por Covid <\/h2>\n\n\n\n<p>O Brasil registrou nesta ter\u00e7a-feira (17) um novo recorde de mortes por Covid-19 em um \u00fanico dia, com a notifica\u00e7\u00e3o de 2.841 \u00f3bitos, o que eleva o total de v\u00edtimas fatais da doen\u00e7a no pa\u00eds a 282.127, informou o Minist\u00e9rio da Sa\u00fade. A cifra desta ter\u00e7a supera com folga o recorde anterior de \u00f3bitos registrados em 24 horas no Brasil, de 2.286 mortes, em 10 de mar\u00e7o.<\/p>\n\n\n\n<p>Al\u00e9m disso, tamb\u00e9m foram contabilizados 83.926 novos casos de coronav\u00edrus nesta ter\u00e7a, com o total de infec\u00e7\u00f5es confirmadas no pa\u00eds avan\u00e7ando para 11.603.535, de acordo com dados do minist\u00e9rio. <\/p>\n\n\n\n<p>O n\u00famero de novos casos \u00e9 o terceiro maior para um s\u00f3 dia no pa\u00eds, abaixo apenas das marcas de 7 de janeiro (87.843) e 12 de mar\u00e7o (85.663).<\/p>\n\n\n\n<h2 class=\"wp-block-heading\">5 &#8211; Comit\u00ea interno da Petrobras aprova indica\u00e7\u00e3o de Luna como novo CEO<\/h2>\n\n\n\n<p>A estatal Petrobras informou que seu Comit\u00ea de Pessoas aprovou na ter\u00e7a-feira (17) o nome do general da reserva Joaquim Silva e Luna, indicado pelo presidente Jair Bolsonaro para assumir o comando da companhia e uma vaga no conselho de administra\u00e7\u00e3o.<\/p>\n\n\n\n<p>A companhia disse que o comit\u00ea, ligado ao conselho, decidiu pela &#8220;n\u00e3o exist\u00eancia de veda\u00e7\u00f5es&#8221; \u00e0 nomea\u00e7\u00e3o de Luna e avaliou que ele preenche requisitos previstos na Lei das Estatais e na Pol\u00edtica de Indica\u00e7\u00e3o de Membros da Alta Administra\u00e7\u00e3o da Petrobras, segundo comunicado na noite de ter\u00e7a-feira.<\/p>\n\n\n\n<p>De acordo com o comit\u00ea, os acionistas da companhia e o conselho poder\u00e3o, caso desejem, avaliar na sequ\u00eancia &#8220;o preenchimento de requisitos subjetivos adicionais aos previstos na legisla\u00e7\u00e3o&#8221;. A Petrobras convocou para 12 de abril uma assembleia geral de acionistas que ir\u00e1 deliberar, entre outros assuntos, sobre a indica\u00e7\u00e3o.<\/p>\n\n\n\n<p>*  Com Reuters e Estad\u00e3o Conte\u00fado<\/p>\n","protected":false},"excerpt":{"rendered":"<p>Eletrobras e Correios est\u00e3o na mira da desestatiza\u00e7\u00e3o do governo; Petrobras avan\u00e7a na escolha do novo CEO.<\/p>\n","protected":false},"author":45,"featured_media":0,"comment_status":"closed","ping_status":"open","sticky":false,"template":"","format":"standard","meta":{"_acf_changed":false,"inline_featured_image":false,"footnotes":""},"categories":[5],"tags":[1876,174,21],"autor-wsj":[],"coauthors":[2363],"class_list":["post-235307","post","type-post","status-publish","format-standard","hentry","category-economia","tag-correios","tag-eletrobras","tag-petrobras"],"acf":[],"amp_enabled":true,"_links":{"self":[{"href":"https:\/\/investnews.com.br\/inv-api\/wp\/v2\/posts\/235307","targetHints":{"allow":["GET"]}}],"collection":[{"href":"https:\/\/investnews.com.br\/inv-api\/wp\/v2\/posts"}],"about":[{"href":"https:\/\/investnews.com.br\/inv-api\/wp\/v2\/types\/post"}],"author":[{"embeddable":true,"href":"https:\/\/investnews.com.br\/inv-api\/wp\/v2\/users\/45"}],"replies":[{"embeddable":true,"href":"https:\/\/investnews.com.br\/inv-api\/wp\/v2\/comments?post=235307"}],"version-history":[{"count":22,"href":"https:\/\/investnews.com.br\/inv-api\/wp\/v2\/posts\/235307\/revisions"}],"predecessor-version":[{"id":235329,"href":"https:\/\/investnews.com.br\/inv-api\/wp\/v2\/posts\/235307\/revisions\/235329"}],"wp:attachment":[{"href":"https:\/\/investnews.com.br\/inv-api\/wp\/v2\/media?parent=235307"}],"wp:term":[{"taxonomy":"category","embeddable":true,"href":"https:\/\/investnews.com.br\/inv-api\/wp\/v2\/categories?post=235307"},{"taxonomy":"post_tag","embeddable":true,"href":"https:\/\/investnews.com.br\/inv-api\/wp\/v2\/tags?post=235307"},{"taxonomy":"autor-wsj","embeddable":true,"href":"https:\/\/investnews.com.br\/inv-api\/wp\/v2\/autor-wsj?post=235307"},{"taxonomy":"author","embeddable":true,"href":"https:\/\/investnews.com.br\/inv-api\/wp\/v2\/coauthors?post=235307"}],"curies":[{"name":"wp","href":"https:\/\/api.w.org\/{rel}","templated":true}]}}