{"id":23575,"date":"2020-11-03T16:00:24","date_gmt":"2020-11-03T19:00:24","guid":{"rendered":"https:\/\/investnews.com.br\/?p=23575"},"modified":"2020-11-03T16:56:54","modified_gmt":"2020-11-03T19:56:54","slug":"quanto-ira-durar-o-choque-inflacionario","status":"publish","type":"post","link":"https:\/\/investnews.com.br\/economia\/quanto-ira-durar-o-choque-inflacionario\/","title":{"rendered":"Quanto tempo vai durar o choque inflacion\u00e1rio?"},"content":{"rendered":"\n<p>Como caracterizado pelo Banco Central, <strong>ainda que o choque inflacion\u00e1rio seja tempor\u00e1rio<\/strong>, <strong>a dura\u00e7\u00e3o deve ser de pelo menos mais seis meses<\/strong>, afirmam especialistas ao\u00a0&#8220;Estad\u00e3o\/Broadcast&#8221;. Com o <strong><a class=\"rank-math-link\" href=\"https:\/\/investnews.com.br\/financas\/reservas-internacionais-por-que-nao-gastamos-tudo-para-tirar-o-dolar-dos-r-5\/\">d\u00f3lar<\/a><\/strong> em n\u00edveis recordes e uma <strong>recupera\u00e7\u00e3o inicial forte da economia<\/strong>, a avalia\u00e7\u00e3o \u00e9 de que as empresas devem continuar repassando os custos da alta de insumos enquanto houver gargalos na produ\u00e7\u00e3o. J\u00e1 os <strong><a class=\"rank-math-link\" href=\"https:\/\/investnews.com.br\/economia\/retomada-e-desigual-so-4-de-14-setores-ja-recuperaram-perdas-aponta-estudo\/\">agricultores <\/a>tendem a preferir o mercado externo<\/strong>, mais rent\u00e1vel, limitando a oferta dom\u00e9stica de alimentos, que tamb\u00e9m deve ser afetada por problemas clim\u00e1ticos.<\/p>\n\n\n\n<p><strong>LEIA MAIS: <a class=\"rank-math-link\" href=\"https:\/\/investnews.com.br\/economia\/salario-minimo-x-inflacao-2-graficos-que-mostram-a-evolucao-do-poder-de-compra\/\">Sal\u00e1rio m\u00ednimo x infla\u00e7\u00e3o: 2 gr\u00e1ficos que mostram o impacto no poder de compra<\/a><\/strong><\/p>\n\n\n\n<p>Os especialistas consultados pela reportagem dizem ainda que <strong>parte do aumento de pre\u00e7os de alimentos, principalmente de gr\u00e3os, pode ser mais estrutural, sustentado pela maior demanda da <a class=\"rank-math-link\" href=\"https:\/\/investnews.com.br\/economia\/trump-diz-nao-ser-fa-da-omc-porque-entidade-considera-china-em-desenvolvimento\/\">China<\/a><\/strong>. &#8220;Minha avalia\u00e7\u00e3o \u00e9 de que o choque de infla\u00e7\u00e3o \u00e9 tempor\u00e1rio, mas temos de saber o que significa tempor\u00e1rio. Os pre\u00e7os de <a href=\"https:\/\/investnews.com.br\/guias\/commodities-o-que-sao\/\">commodities<\/a> agr\u00edcolas devem seguir pressionados at\u00e9 o fim do primeiro trimestre de 2021&#8221;, afirma o economista <strong>Alexandre Lohmann<\/strong>, da GO Associados. Segundo ele, para os pre\u00e7os dom\u00e9sticos, a alta ganha contornos mais dram\u00e1ticos por causa do c\u00e2mbio.<\/p>\n\n\n\n<p><strong>Problemas clim\u00e1ticos<\/strong> podem diminuir a oferta de gr\u00e3os nos pr\u00f3ximos meses. O tempo seco no Brasil deve atrasar a colheita da soja, que normalmente ocorre na virada do ano, para fevereiro. <strong>Da safra deste ano, s\u00f3 h\u00e1 sobra de 5%<\/strong> &#8211; que, com a demanda alta, deve ser disputada, sustentando os pre\u00e7os.<\/p>\n\n\n\n<p>Desde janeiro, <strong>o pre\u00e7o da soja e do milho subiram 85,99% e 70,45%<\/strong>, respectivamente, em reais. O aumento dos pre\u00e7os ao produtor j\u00e1 praticamente &#8220;contratou&#8221; um repique na infla\u00e7\u00e3o ao consumidor no quarto trimestre do ano, diz o coordenador de \u00edndices de pre\u00e7os da Funda\u00e7\u00e3o Getulio Vargas (FGV), <strong>Andr\u00e9 Braz<\/strong>. A d\u00favida, argumenta, \u00e9 o quanto dessa alta ainda pode ser repassada em 2021.<\/p>\n\n\n\n<h2 class=\"wp-block-heading\">Industrializados<\/h2>\n\n\n\n<p>O economista <strong>Jo\u00e3o Fernandes<\/strong>, s\u00f3cio da Quantitas Asset, afirma que a falta de insumos na ind\u00fastria em conjunto com o c\u00e2mbio mais depreciado t\u00eam potencial para elevar o <strong><a href=\"https:\/\/investnews.com.br\/guias\/o-que-e-ipca\/\">IPCA<\/a> de 0,30 a 0,40 ponto porcentual<\/strong> <strong>de outubro a mar\u00e7o<\/strong>, pois, mesmo que tempor\u00e1ria, a recupera\u00e7\u00e3o forte da economia j\u00e1 tem permitido repasses. &#8220;A recess\u00e3o n\u00e3o est\u00e1 sendo forte o bastante para que esses repasses n\u00e3o ocorram. Come\u00e7aram mais tarde, mas muda a perspectiva para o fim de ano e o in\u00edcio de 2021.&#8221;<\/p>\n\n\n\n<p>Lohmann, alerta que, <strong><a class=\"rank-math-link\" href=\"https:\/\/investnews.com.br\/flash\/trump-x-biden-ultimo-debate-antes-das-eleicoes-bolsonaro-recusa-vacina\/\">quando houver vacina<\/a>, h\u00e1 risco de alta de pre\u00e7os de combust\u00edveis, com a demanda por petr\u00f3leo se normalizando e a oferta ainda restrita<\/strong>. O reajuste represado de pre\u00e7os administrados \u00e9 outro fator a pesar sobre a infla\u00e7\u00e3o de 2021, diz ele, que estima avan\u00e7o de 3,50%.<\/p>\n\n\n\n<p><em>*Com Estad\u00e3o Conte\u00fado<\/em><\/p>\n","protected":false},"excerpt":{"rendered":"<p>Segundo os especialistas, a explica\u00e7\u00e3o para a infla\u00e7\u00e3o atual passa pelo n\u00edvel do d\u00f3lar e a forte recupera\u00e7\u00e3o ap\u00f3s as medidas de restri\u00e7\u00e3o.<\/p>\n","protected":false},"author":17,"featured_media":685,"comment_status":"closed","ping_status":"open","sticky":false,"template":"","format":"standard","meta":{"_acf_changed":false,"inline_featured_image":false,"footnotes":""},"categories":[5],"tags":[780,244,26,52,221],"autor-wsj":[],"coauthors":[1498],"class_list":["post-23575","post","type-post","status-publish","format-standard","has-post-thumbnail","hentry","category-economia","tag-agronegocio","tag-china","tag-dolar","tag-inflacao","tag-petroleo"],"acf":[],"amp_enabled":true,"_links":{"self":[{"href":"https:\/\/investnews.com.br\/inv-api\/wp\/v2\/posts\/23575","targetHints":{"allow":["GET"]}}],"collection":[{"href":"https:\/\/investnews.com.br\/inv-api\/wp\/v2\/posts"}],"about":[{"href":"https:\/\/investnews.com.br\/inv-api\/wp\/v2\/types\/post"}],"author":[{"embeddable":true,"href":"https:\/\/investnews.com.br\/inv-api\/wp\/v2\/users\/17"}],"replies":[{"embeddable":true,"href":"https:\/\/investnews.com.br\/inv-api\/wp\/v2\/comments?post=23575"}],"version-history":[{"count":3,"href":"https:\/\/investnews.com.br\/inv-api\/wp\/v2\/posts\/23575\/revisions"}],"predecessor-version":[{"id":23584,"href":"https:\/\/investnews.com.br\/inv-api\/wp\/v2\/posts\/23575\/revisions\/23584"}],"wp:featuredmedia":[{"embeddable":true,"href":"https:\/\/investnews.com.br\/inv-api\/wp\/v2\/media\/685"}],"wp:attachment":[{"href":"https:\/\/investnews.com.br\/inv-api\/wp\/v2\/media?parent=23575"}],"wp:term":[{"taxonomy":"category","embeddable":true,"href":"https:\/\/investnews.com.br\/inv-api\/wp\/v2\/categories?post=23575"},{"taxonomy":"post_tag","embeddable":true,"href":"https:\/\/investnews.com.br\/inv-api\/wp\/v2\/tags?post=23575"},{"taxonomy":"autor-wsj","embeddable":true,"href":"https:\/\/investnews.com.br\/inv-api\/wp\/v2\/autor-wsj?post=23575"},{"taxonomy":"author","embeddable":true,"href":"https:\/\/investnews.com.br\/inv-api\/wp\/v2\/coauthors?post=23575"}],"curies":[{"name":"wp","href":"https:\/\/api.w.org\/{rel}","templated":true}]}}