{"id":23601,"date":"2020-11-03T18:08:23","date_gmt":"2020-11-03T21:08:23","guid":{"rendered":"https:\/\/investnews.com.br\/?p=23601"},"modified":"2024-06-24T12:11:47","modified_gmt":"2024-06-24T15:11:47","slug":"bltm-in-o-ibovespa-alem-das-eleicoes-nos-eua","status":"publish","type":"post","link":"https:\/\/investnews.com.br\/financas\/bltm-in-o-ibovespa-alem-das-eleicoes-nos-eua\/","title":{"rendered":"BLTM IN$: o Ibovespa al\u00e9m das elei\u00e7\u00f5es nos EUA"},"content":{"rendered":"\n<figure class=\"wp-block-embed-youtube wp-block-embed is-type-video is-provider-youtube wp-embed-aspect-16-9 wp-has-aspect-ratio\"><div class=\"wp-block-embed__wrapper\">\n<iframe loading=\"lazy\" title=\"O Ibovespa al\u00e9m da corrida eleitoral dos EUA\" width=\"500\" height=\"281\" src=\"https:\/\/www.youtube.com\/embed\/HRXHOz4_Hr0?feature=oembed\" frameborder=\"0\" allow=\"accelerometer; autoplay; clipboard-write; encrypted-media; gyroscope; picture-in-picture; web-share\" referrerpolicy=\"strict-origin-when-cross-origin\" allowfullscreen><\/iframe>\n<\/div><\/figure>\n\n\n\n<p>O assunto das elei\u00e7\u00f5es nos Estados Unidos dominou as aten\u00e7\u00f5es nesta ter\u00e7a-feira (3). No entanto, outros fatores tamb\u00e9m influenciaram os mercados, incluindo a bolsa brasileira. Este \u00e9 o tema do Boletim InvestNews desta ter\u00e7a, com Karina Trevizan.<\/p>\n\n\n\n<p>Entre os temas que seguem sob as\naten\u00e7\u00f5es do mercado brasileiro est\u00e1 a preocupa\u00e7\u00e3o com a situa\u00e7\u00e3o fiscal, com\nincertezas sobre o teto de gasto e os recursos para custear projetos de aux\u00edlio\necon\u00f4mico do governo. <\/p>\n\n\n\n<p>Nesta ter\u00e7a o secret\u00e1rio especial de Fazenda do\nMinist\u00e9rio da Economia, Waldery Rodrigues, disse que o impacto fiscal das\nmedidas de combate \u00e0 Covid-19 atinge R$ 615 bilh\u00f5es em 2020, sendo R$ 587,5 bilh\u00f5es em novas despesas e R$ 27,5\nbilh\u00f5es em redu\u00e7\u00e3o de receitas.&nbsp;<\/p>\n\n\n\n<p>Ainda entre as preocupa\u00e7\u00f5es sobre as\ncontas p\u00fablicas, repercutiu no mercado a fala do presidente da C\u00e2mara, Rodrigo Maia\n(DEM-RJ) de que ele est\u00e1 pessimista com o andamento da pauta dos projetos que\ndefinem o or\u00e7amento do governo.&nbsp;A declara\u00e7\u00e3o foi feita durante entrevista\nao \u201cValor Econ\u00f4mico\u201d.<\/p>\n\n\n\n<p>Nas \u00faltimas semanas, ganhou for\u00e7a briga\npol\u00edtica que est\u00e1 atrasando a vota\u00e7\u00e3o no Congresso de pautas importantes para\nas contas p\u00fablicas, al\u00e9m da defini\u00e7\u00e3o do or\u00e7amento. <\/p>\n\n\n\n<p>Do cen\u00e1rio externo, segue no radar do mercado o receio por uma segunda onda de Covid-19, com o aumento do n\u00famero de casos nos Estados Unidos e em pa\u00edses da Europa. Nesta ter\u00e7a, JPMorgan e Citi mandam funcion\u00e1rios para casa no Reino Unido.<\/p>\n\n\n\n<h2 class=\"wp-block-heading\">Indicadores<\/h2>\n\n\n\n<p>O dia tamb\u00e9m foi marcado por divulga\u00e7\u00e3o\ndo relat\u00f3rio Focus, com as expectativas do mercado para a infla\u00e7\u00e3o, a taxa de\njuros e o Produto Interno Bruto (PIB). Ainda no cen\u00e1rio interno, houve a\ndivulga\u00e7\u00e3o da \u00faltima ata da reuni\u00e3o do <a href=\"https:\/\/investnews.com.br\/guias\/copom-taxa-selic\/\">Copom<\/a> e dos n\u00fameros da balan\u00e7a comercial\nde outubro. <\/p>\n\n\n\n<p>No exterior, o mercado repercutiu os\ndados melhores que o esperado da ind\u00fastria dos Estados Unidos, al\u00e9m das\nexpectativas pela elei\u00e7\u00e3o presidencial disputada por Donald Trump e Joe Biden. <\/p>\n","protected":false},"excerpt":{"rendered":"<p>Incerteza fiscal e segunda onda de Covid tamb\u00e9m seguem no radar.<\/p>\n","protected":false},"author":7,"featured_media":23602,"comment_status":"closed","ping_status":"open","sticky":false,"template":"","format":"standard","meta":{"_acf_changed":false,"inline_featured_image":false,"footnotes":""},"categories":[4],"tags":[226],"autor-wsj":[],"coauthors":[1494],"class_list":["post-23601","post","type-post","status-publish","format-standard","has-post-thumbnail","hentry","category-financas","tag-bolsa-de-valores"],"acf":[],"amp_enabled":true,"_links":{"self":[{"href":"https:\/\/investnews.com.br\/inv-api\/wp\/v2\/posts\/23601","targetHints":{"allow":["GET"]}}],"collection":[{"href":"https:\/\/investnews.com.br\/inv-api\/wp\/v2\/posts"}],"about":[{"href":"https:\/\/investnews.com.br\/inv-api\/wp\/v2\/types\/post"}],"author":[{"embeddable":true,"href":"https:\/\/investnews.com.br\/inv-api\/wp\/v2\/users\/7"}],"replies":[{"embeddable":true,"href":"https:\/\/investnews.com.br\/inv-api\/wp\/v2\/comments?post=23601"}],"version-history":[{"count":4,"href":"https:\/\/investnews.com.br\/inv-api\/wp\/v2\/posts\/23601\/revisions"}],"predecessor-version":[{"id":23618,"href":"https:\/\/investnews.com.br\/inv-api\/wp\/v2\/posts\/23601\/revisions\/23618"}],"wp:featuredmedia":[{"embeddable":true,"href":"https:\/\/investnews.com.br\/inv-api\/wp\/v2\/media\/23602"}],"wp:attachment":[{"href":"https:\/\/investnews.com.br\/inv-api\/wp\/v2\/media?parent=23601"}],"wp:term":[{"taxonomy":"category","embeddable":true,"href":"https:\/\/investnews.com.br\/inv-api\/wp\/v2\/categories?post=23601"},{"taxonomy":"post_tag","embeddable":true,"href":"https:\/\/investnews.com.br\/inv-api\/wp\/v2\/tags?post=23601"},{"taxonomy":"autor-wsj","embeddable":true,"href":"https:\/\/investnews.com.br\/inv-api\/wp\/v2\/autor-wsj?post=23601"},{"taxonomy":"author","embeddable":true,"href":"https:\/\/investnews.com.br\/inv-api\/wp\/v2\/coauthors?post=23601"}],"curies":[{"name":"wp","href":"https:\/\/api.w.org\/{rel}","templated":true}]}}