{"id":236099,"date":"2021-03-19T18:58:37","date_gmt":"2021-03-19T21:58:37","guid":{"rendered":"https:\/\/investnews.com.br\/?p=236099"},"modified":"2024-06-24T12:10:48","modified_gmt":"2024-06-24T15:10:48","slug":"semana-termina-com-disparada-de-pcar3-e-queda-da-gasolina","status":"publish","type":"post","link":"https:\/\/investnews.com.br\/financas\/semana-termina-com-disparada-de-pcar3-e-queda-da-gasolina\/","title":{"rendered":"Semana termina com disparada de PCAR3 e queda da gasolina"},"content":{"rendered":"\n<figure class=\"wp-block-embed-youtube wp-block-embed is-type-video is-provider-youtube wp-embed-aspect-16-9 wp-has-aspect-ratio\"><div class=\"wp-block-embed__wrapper\">\n<iframe loading=\"lazy\" title=\"PCAR3 dispara: o que est\u00e1 acontecendo? E mais: queda da gasolina\" width=\"500\" height=\"281\" src=\"https:\/\/www.youtube.com\/embed\/Iun2X8pW3aE?feature=oembed\" frameborder=\"0\" allow=\"accelerometer; autoplay; clipboard-write; encrypted-media; gyroscope; picture-in-picture; web-share\" referrerpolicy=\"strict-origin-when-cross-origin\" allowfullscreen><\/iframe>\n<\/div><\/figure>\n\n\n\n<p> A a\u00e7\u00e3o do P\u00e3o de A\u00e7\u00facar (<a href=\"https:\/\/investnews.com.br\/cotacao\/pcar3-grupo-pao-de-acucar\/\" class=\"rank-math-link\">PCAR3<\/a>) <a href=\"https:\/\/investnews.com.br\/financas\/pao-de-acucar-chega-a-subir-17-em-ajuste-apos-cisao\/\" class=\"rank-math-link\">disparou<\/a>. O que est\u00e1 acontecendo com PCAR3? Esse \u00e9 o tema do <em>Boletim InvestNews<\/em>, com Karina Trevizan. <\/p>\n\n\n\n<p>O programa traz ainda um resumo de outras noticias de economia, como o a <a href=\"https:\/\/investnews.com.br\/negocios\/petrobras-reduz-em-cerca-de-5-preco-da-gasolina-na-refinaria-e-mantem-diesel\/\" class=\"rank-math-link\">redu\u00e7\u00e3o do pre\u00e7o da gasolina nas refinarias pela Petrobras<\/a>, fechamento do <a href=\"https:\/\/investnews.com.br\/guias\/como-funciona-o-mercado-financeiro\/\">mercado financeiro<\/a>, cota\u00e7\u00e3o do d\u00f3lar e do Ibovespa, maiores altas e maiores quedas da bolsa. <\/p>\n","protected":false},"excerpt":{"rendered":"<p>Programa traz os destaques do fechamento do mercado. Acompanhe ao vivo \u00e0s 19h.<\/p>\n","protected":false},"author":31,"featured_media":236100,"comment_status":"closed","ping_status":"open","sticky":false,"template":"","format":"standard","meta":{"_acf_changed":false,"inline_featured_image":false,"footnotes":""},"categories":[4],"tags":[195],"autor-wsj":[],"coauthors":[1908,1500],"class_list":["post-236099","post","type-post","status-publish","format-standard","has-post-thumbnail","hentry","category-financas","tag-grupo-pao-de-acucar"],"acf":[],"amp_enabled":true,"_links":{"self":[{"href":"https:\/\/investnews.com.br\/inv-api\/wp\/v2\/posts\/236099","targetHints":{"allow":["GET"]}}],"collection":[{"href":"https:\/\/investnews.com.br\/inv-api\/wp\/v2\/posts"}],"about":[{"href":"https:\/\/investnews.com.br\/inv-api\/wp\/v2\/types\/post"}],"author":[{"embeddable":true,"href":"https:\/\/investnews.com.br\/inv-api\/wp\/v2\/users\/31"}],"replies":[{"embeddable":true,"href":"https:\/\/investnews.com.br\/inv-api\/wp\/v2\/comments?post=236099"}],"version-history":[{"count":3,"href":"https:\/\/investnews.com.br\/inv-api\/wp\/v2\/posts\/236099\/revisions"}],"predecessor-version":[{"id":236103,"href":"https:\/\/investnews.com.br\/inv-api\/wp\/v2\/posts\/236099\/revisions\/236103"}],"wp:featuredmedia":[{"embeddable":true,"href":"https:\/\/investnews.com.br\/inv-api\/wp\/v2\/media\/236100"}],"wp:attachment":[{"href":"https:\/\/investnews.com.br\/inv-api\/wp\/v2\/media?parent=236099"}],"wp:term":[{"taxonomy":"category","embeddable":true,"href":"https:\/\/investnews.com.br\/inv-api\/wp\/v2\/categories?post=236099"},{"taxonomy":"post_tag","embeddable":true,"href":"https:\/\/investnews.com.br\/inv-api\/wp\/v2\/tags?post=236099"},{"taxonomy":"autor-wsj","embeddable":true,"href":"https:\/\/investnews.com.br\/inv-api\/wp\/v2\/autor-wsj?post=236099"},{"taxonomy":"author","embeddable":true,"href":"https:\/\/investnews.com.br\/inv-api\/wp\/v2\/coauthors?post=236099"}],"curies":[{"name":"wp","href":"https:\/\/api.w.org\/{rel}","templated":true}]}}