{"id":236343,"date":"2021-03-22T17:24:33","date_gmt":"2021-03-22T20:24:33","guid":{"rendered":"https:\/\/investnews.com.br\/?p=236343"},"modified":"2021-03-22T17:25:06","modified_gmt":"2021-03-22T20:25:06","slug":"arrecadacao-federal-tem-melhor-resultado-para-o-1o-bimestre-desde-2000","status":"publish","type":"post","link":"https:\/\/investnews.com.br\/economia\/arrecadacao-federal-tem-melhor-resultado-para-o-1o-bimestre-desde-2000\/","title":{"rendered":"Arrecada\u00e7\u00e3o federal tem melhor resultado para o 1\u00ba bimestre desde 2000"},"content":{"rendered":"\n<p><strong>A arrecada\u00e7\u00e3o federal cresceu 4,3%<\/strong> em termos reais em fevereiro e acumulou no bimestre o maior resultado para o per\u00edodo em 21 anos, mas o governo alertou que o <strong>recrudescimento da pandemia deve impactar o recolhimento de impostos a partir de meados de mar\u00e7o<\/strong>.<\/p>\n\n\n\n<p>No m\u00eas passado, a arrecada\u00e7\u00e3o somou R$ 127,7 bilh\u00f5es, informou a Receita Federal nesta segunda-feira (22). O n\u00famero veio acima da expectativa de arrecada\u00e7\u00e3o de R$ 124,9 bilh\u00f5es, segundo pesquisa Reuters com analistas.<\/p>\n\n\n\n<p>No acumulado dos dois primeiros meses do ano, as receitas avan\u00e7aram 0,81% em termos reais, a R$ 308 bilh\u00f5es. A Receita informou que o dado de fevereiro e o do bimestre foram os melhores para os respectivos per\u00edodos desde o in\u00edcio da s\u00e9rie, em 2000.<\/p>\n\n\n\n<p><strong>De acordo com o \u00f3rg\u00e3o, o resultado de fevereiro reflete fatores n\u00e3o recorrentes<\/strong>, como recolhimentos extraordin\u00e1rios de R$ 6,5 bilh\u00f5es do IRPJ\/CSLL em janeiro e fevereiro de 2021. As compensa\u00e7\u00f5es tribut\u00e1rias, por outro lado, aumentaram em 83% em fevereiro em rela\u00e7\u00e3o ao mesmo per\u00edodo do ano passado e 51% no per\u00edodo acumulado.<\/p>\n\n\n\n<p>O \u00f3rg\u00e3o tamb\u00e9m pontua que, sem considerar os efeitos de fatores n\u00e3o recorrentes, al\u00e9m da altera\u00e7\u00e3o do PIS\/Cofins cobrado sobre combust\u00edveis, verifica-se acr\u00e9scimo real de 6,23% no m\u00eas de fevereiro, e acr\u00e9scimo real de 4,67% no bimestre.<\/p>\n\n\n\n<p>Em fala inicial na coletiva virtual para apresenta\u00e7\u00e3o dos dados para o m\u00eas, <strong>o ministro da Economia, Paulo Guedes, disse que os primeiros n\u00fameros da arrecada\u00e7\u00e3o federal de mar\u00e7o mostram que as receitas estavam mantendo o &#8220;ritmo&#8221; verificado em fevereiro, mas que os n\u00fameros da segunda quinzena do m\u00eas, e tamb\u00e9m os de abril, j\u00e1 devem refletir o impacto econ\u00f4mico do aumento de casos de covid-19 no pa\u00eds.<\/strong><\/p>\n\n\n\n<p>&#8220;Evidentemente, da\u00ed para a frente, com recrudescimento da pandemia, pancada na economia brasileira, \u00e9 evidente que devemos sofrer algum impacto&#8221;, disse Guedes.<\/p>\n\n\n\n<p>Na sequ\u00eancia, ele voltou a refor\u00e7ar a necessidade da vacina\u00e7\u00e3o em massa, ressaltando que a imuniza\u00e7\u00e3o \u00e9 o \u00fanico caminho para garantir o retorno seguro das pessoas ao trabalho, particularmente os mais vulner\u00e1veis. Guedes afirmou que, al\u00e9m do aux\u00edlio emergencial, \u00e9 obriga\u00e7\u00e3o do governo garantir a vacina\u00e7\u00e3o em massa nos &#8220;pr\u00f3ximos tr\u00eas, quatro meses&#8221;.<\/p>\n\n\n\n<p>Ao lado do ministro, o secret\u00e1rio especial da Receita Federal, Jos\u00e9 Tostes, disse nesta segunda-feira que os resultados da arrecada\u00e7\u00e3o federal no primeiro bimestre foram &#8220;muito bons&#8221;, mas poderiam ter sido ainda mais expressivos se n\u00e3o fosse o aumento ocorrido nas compensa\u00e7\u00f5es tribut\u00e1rias.<\/p>\n\n\n\n<p>Segundo Tostes, as compensa\u00e7\u00f5es tribut\u00e1rias &#8211; uso de cr\u00e9ditos tribut\u00e1rios para abater impostos a recolher &#8211; reduziram a arrecada\u00e7\u00e3o em R$ 36,6 bilh\u00f5es no primeiro bimestre. No mesmo per\u00edodo do ano passado, o impacto foi de R$ 24,2 bilh\u00f5es.<\/p>\n\n\n\n<h2 class=\"wp-block-heading\">Diferimentos<\/h2>\n\n\n\n<p>Questionado sobre a possibilidade de concess\u00e3o de diferimento de tributos para as empresas neste ano, em raz\u00e3o da escalada de casos da covid-19 no pa\u00eds, afetando de forma significativa a atividade de Estados e munic\u00edpios, o chefe do Centro de Estudos Tribut\u00e1rios e Aduaneiros da Receita Federal, Claudemir Malaquias, afirmou que o \u00f3rg\u00e3o monitora a situa\u00e7\u00e3o.<\/p>\n\n\n\n<p>&#8220;Da nossa parte, podemos mencionar que todo esse monitoramento est\u00e1 sendo feito em rela\u00e7\u00e3o \u00e0 arrecada\u00e7\u00e3o dos tributos&#8221;, pontuou, afirmando haver acompanhamento sistem\u00e1tico de toda atividade econ\u00f4mica.<\/p>\n","protected":false},"excerpt":{"rendered":"<p>O governo alertou, no entanto, que o recrudescimento da pandemia deve impactar o recolhimento de impostos a partir de meados de mar\u00e7o.<\/p>\n","protected":false},"author":7,"featured_media":236347,"comment_status":"closed","ping_status":"open","sticky":false,"template":"","format":"standard","meta":{"_acf_changed":false,"inline_featured_image":false,"footnotes":""},"categories":[5],"tags":[434,347],"autor-wsj":[],"coauthors":[1494],"class_list":["post-236343","post","type-post","status-publish","format-standard","has-post-thumbnail","hentry","category-economia","tag-impostos","tag-paulo-guedes"],"acf":[],"amp_enabled":true,"_links":{"self":[{"href":"https:\/\/investnews.com.br\/inv-api\/wp\/v2\/posts\/236343","targetHints":{"allow":["GET"]}}],"collection":[{"href":"https:\/\/investnews.com.br\/inv-api\/wp\/v2\/posts"}],"about":[{"href":"https:\/\/investnews.com.br\/inv-api\/wp\/v2\/types\/post"}],"author":[{"embeddable":true,"href":"https:\/\/investnews.com.br\/inv-api\/wp\/v2\/users\/7"}],"replies":[{"embeddable":true,"href":"https:\/\/investnews.com.br\/inv-api\/wp\/v2\/comments?post=236343"}],"version-history":[{"count":5,"href":"https:\/\/investnews.com.br\/inv-api\/wp\/v2\/posts\/236343\/revisions"}],"predecessor-version":[{"id":236349,"href":"https:\/\/investnews.com.br\/inv-api\/wp\/v2\/posts\/236343\/revisions\/236349"}],"wp:featuredmedia":[{"embeddable":true,"href":"https:\/\/investnews.com.br\/inv-api\/wp\/v2\/media\/236347"}],"wp:attachment":[{"href":"https:\/\/investnews.com.br\/inv-api\/wp\/v2\/media?parent=236343"}],"wp:term":[{"taxonomy":"category","embeddable":true,"href":"https:\/\/investnews.com.br\/inv-api\/wp\/v2\/categories?post=236343"},{"taxonomy":"post_tag","embeddable":true,"href":"https:\/\/investnews.com.br\/inv-api\/wp\/v2\/tags?post=236343"},{"taxonomy":"autor-wsj","embeddable":true,"href":"https:\/\/investnews.com.br\/inv-api\/wp\/v2\/autor-wsj?post=236343"},{"taxonomy":"author","embeddable":true,"href":"https:\/\/investnews.com.br\/inv-api\/wp\/v2\/coauthors?post=236343"}],"curies":[{"name":"wp","href":"https:\/\/api.w.org\/{rel}","templated":true}]}}