{"id":236940,"date":"2021-03-25T09:17:16","date_gmt":"2021-03-25T12:17:16","guid":{"rendered":"https:\/\/investnews.com.br\/?p=236940"},"modified":"2025-11-28T13:41:42","modified_gmt":"2025-11-28T16:41:42","slug":"simples-nacional-receita-adia-pagamentos-de-meis-e-microempresarios-por-3-meses","status":"publish","type":"post","link":"https:\/\/investnews.com.br\/economia\/simples-nacional-receita-adia-pagamentos-de-meis-e-microempresarios-por-3-meses\/","title":{"rendered":"Simples Nacional: Receita adia pagamentos de MEIs e microempres\u00e1rios por 3 meses"},"content":{"rendered":"\n<p>Os micro e pequenos empres\u00e1rios e os <strong><a class=\"rank-math-link\" href=\"https:\/\/investnews.com.br\/economia\/imposto-de-renda-sou-autonomo-ou-mei-como-devo-declarar\/\">microempreendedores individuais (MEI)<\/a><\/strong> deixar\u00e3o de pagar as parcelas do <strong><a href=\"https:\/\/investnews.com.br\/guias\/simples-nacional\/\">Simples Nacional<\/a> <\/strong>pelos pr\u00f3ximos tr\u00eas meses, de abril a junho, anunciou h\u00e1 pouco o secret\u00e1rio especial da <strong>Receita Federal<\/strong>, Jos\u00e9 Barroso Tostes Neto. A medida foi decidida nesta ter\u00e7a-feira (24) em reuni\u00e3o extraordin\u00e1ria do Comit\u00ea Gestor do <a href=\"https:\/\/investnews.com.br\/guias\/simples-nacional\/\">Simples Nacional<\/a>.<\/p>\n\n\n\n<p>De julho a dezembro, os <strong>tributos<\/strong> que deixaram de ser recolhidos ser\u00e3o pagos em seis presta\u00e7\u00f5es. A medida, informou Tostes Neto, ajudar\u00e1 5,5 milh\u00f5es de micro e pequenas empresas e 11,8 milh\u00f5es de <strong>MEI<\/strong> e envolver\u00e1 a posterga\u00e7\u00e3o do pagamento de R$ 27,8 bilh\u00f5es em tributos federais, estaduais e municipais.<\/p>\n\n\n\n<p>A medida ser\u00e1 publicada no Di\u00e1rio Oficial da Uni\u00e3o de amanh\u00e3 (25). Segundo Tostes Neto, o adiamento beneficiar\u00e1 segmentos da economia que mais geram empregos em meio ao agravamento da pandemia de covid-19.<br><br>\u201cCom esse diferimento, estamos adotando uma medida de al\u00edvio para dar f\u00f4lego a esse universo de contribuintes ter melhores condi\u00e7\u00f5es de ultrapassar esse per\u00edodo mais cr\u00edtico em que os impactos econ\u00f4micos e da pandemia se fazem sentir principalmente nos neg\u00f3cios que est\u00e3o fechados e sem a possibilidade de gera\u00e7\u00e3o de receitas\u201d, declarou.<\/p>\n\n\n\n<ul class=\"wp-block-list\">\n<li><a href=\"https:\/\/investnews.com.br\/guias\/gmv\/\">Indicador de GMV<\/a><strong><em>: o que \u00e9 e como calcular<\/em><\/strong><\/li>\n<\/ul>\n\n\n\n<h2 class=\"wp-block-heading\">Imposto de Renda<\/h2>\n\n\n\n<p>O secret\u00e1rio da Receita ressaltou que, por enquanto, o <strong>Fisco<\/strong> n\u00e3o pensa em adiar o prazo de entrega da <strong>Declara\u00e7\u00e3o do <a href=\"https:\/\/investnews.com.br\/guias\/imposto-de-renda-o-que-e\/\">Imposto de Renda<\/a> Pessoa F\u00edsica<\/strong>, como ocorreu no ano passado. Segundo Tostes, o volume de entregas est\u00e1 superior ao registrado no mesmo per\u00edodo de 2020 e acima da expectativa, o que d\u00e1 tempo para a <strong>Receita<\/strong> avaliar se h\u00e1 a necessidade de mudar a data.<br><br>\u201cNo caso das declara\u00e7\u00f5es de <strong>Imposto de Renda Pessoa F\u00edsica<\/strong>, fazemos o monitoramento di\u00e1rio. Os n\u00fameros de hoje indicam a entrega, at\u00e9 o momento, de 7,826 milh\u00f5es de declara\u00e7\u00f5es. No mesmo per\u00edodo do ano passado, t\u00ednhamos recebido 5,7 milh\u00f5es. Os n\u00fameros est\u00e3o at\u00e9 acima da expectativa. O prazo regular vai at\u00e9 30 de abril. Ent\u00e3o, temos tempo de avaliar se h\u00e1 a necessidade ou n\u00e3o de prorroga\u00e7\u00e3o\u201d, disse Tostes Neto.<\/p>\n\n\n\n<p>Leia mais: <\/p>\n\n\n\n<ul class=\"wp-block-list\">\n<li><a href=\"https:\/\/investnews.com.br\/economia\/imposto-de-renda-2021-saiba-quais-gastos-podem-ser-deduzidos\/\" class=\"rank-math-link\">Imposto de Renda 2021: saiba quais gastos podem ser deduzidos<\/a><\/li>\n\n\n\n<li><a href=\"https:\/\/investnews.com.br\/economia\/como-declarar-acoes-no-imposto-de-renda-2021\/\" class=\"rank-math-link\">Como declarar a\u00e7\u00f5es no Imposto de Renda 2021?<\/a><\/li>\n<\/ul>\n","protected":false},"excerpt":{"rendered":"<p>Objetivo \u00e9 que adiamento beneficie 5,5 milh\u00f5es de micro e pequenas empresas e 11,8 milh\u00f5es de MEI em meio ao agravamento da pandemia.<\/p>\n","protected":false},"author":16,"featured_media":2907,"comment_status":"closed","ping_status":"open","sticky":false,"template":"","format":"standard","meta":{"_acf_changed":false,"inline_featured_image":false,"footnotes":""},"categories":[5],"tags":[],"autor-wsj":[],"coauthors":[1501],"class_list":["post-236940","post","type-post","status-publish","format-standard","has-post-thumbnail","hentry","category-economia"],"acf":[],"amp_enabled":true,"_links":{"self":[{"href":"https:\/\/investnews.com.br\/inv-api\/wp\/v2\/posts\/236940","targetHints":{"allow":["GET"]}}],"collection":[{"href":"https:\/\/investnews.com.br\/inv-api\/wp\/v2\/posts"}],"about":[{"href":"https:\/\/investnews.com.br\/inv-api\/wp\/v2\/types\/post"}],"author":[{"embeddable":true,"href":"https:\/\/investnews.com.br\/inv-api\/wp\/v2\/users\/16"}],"replies":[{"embeddable":true,"href":"https:\/\/investnews.com.br\/inv-api\/wp\/v2\/comments?post=236940"}],"version-history":[{"count":8,"href":"https:\/\/investnews.com.br\/inv-api\/wp\/v2\/posts\/236940\/revisions"}],"predecessor-version":[{"id":682865,"href":"https:\/\/investnews.com.br\/inv-api\/wp\/v2\/posts\/236940\/revisions\/682865"}],"wp:featuredmedia":[{"embeddable":true,"href":"https:\/\/investnews.com.br\/inv-api\/wp\/v2\/media\/2907"}],"wp:attachment":[{"href":"https:\/\/investnews.com.br\/inv-api\/wp\/v2\/media?parent=236940"}],"wp:term":[{"taxonomy":"category","embeddable":true,"href":"https:\/\/investnews.com.br\/inv-api\/wp\/v2\/categories?post=236940"},{"taxonomy":"post_tag","embeddable":true,"href":"https:\/\/investnews.com.br\/inv-api\/wp\/v2\/tags?post=236940"},{"taxonomy":"autor-wsj","embeddable":true,"href":"https:\/\/investnews.com.br\/inv-api\/wp\/v2\/autor-wsj?post=236940"},{"taxonomy":"author","embeddable":true,"href":"https:\/\/investnews.com.br\/inv-api\/wp\/v2\/coauthors?post=236940"}],"curies":[{"name":"wp","href":"https:\/\/api.w.org\/{rel}","templated":true}]}}