{"id":237024,"date":"2021-03-25T13:29:07","date_gmt":"2021-03-25T16:29:07","guid":{"rendered":"https:\/\/investnews.com.br\/?p=237024"},"modified":"2021-03-25T13:29:26","modified_gmt":"2021-03-25T16:29:26","slug":"governo-indica-secretario-de-energia-rodrigo-limp-para-comando-da-eletrobras","status":"publish","type":"post","link":"https:\/\/investnews.com.br\/negocios\/governo-indica-secretario-de-energia-rodrigo-limp-para-comando-da-eletrobras\/","title":{"rendered":"Governo indica secret\u00e1rio de Energia Rodrigo Limp para comando da Eletrobras"},"content":{"rendered":"\n<p>O governo do presidente Jair Bolsonaro indicou o atual secret\u00e1rio de Energia El\u00e9trica do Minist\u00e9rio de Minas e Energia, Rodrigo Limp, para assumir a presid\u00eancia da estatal Eletrobras (<a href=\"https:\/\/investnews.com.br\/cotacao\/acao\/?ticker=ELET6\" class=\"rank-math-link\">ELET6<\/a> e <a href=\"https:\/\/investnews.com.br\/cotacao\/elet3-eletrobras-centrais-eletricas-brasileiras\/\" class=\"rank-math-link\">ELET3<\/a>), informou a pasta em comunicado na madrugada desta quinta-feira (25).<\/p>\n\n\n\n<p>Limp, que tamb\u00e9m \u00e9 ex-diretor da Ag\u00eancia Nacional de Energia El\u00e9trica (Aneel), substituir\u00e1 Elvira Presta, que assumiu interinamente neste m\u00eas o comando da maior el\u00e9trica da Am\u00e9rica Latina.<\/p>\n\n\n\n<p><strong>O nome de Limp foi em geral bem visto por analistas de mercado<\/strong>, que destacaram que sua experi\u00eancia no setor pode ajudar em planos do governo para privatiza\u00e7\u00e3o da empresa, embora alguns tenham pontuado que ele nunca ocupou cargos corporativos.<\/p>\n\n\n\n<p>As mudan\u00e7as no comando da Eletrobras ocorrem ap\u00f3s o ex-presidente da companhia Wilson Ferreira, que assumiu o cargo em 2016, <a href=\"https:\/\/investnews.com.br\/boletim-investnews\/acao-da-br-distribuidora-em-alta-o-que-eletrobras-tem-a-ver-com-isso\/\" class=\"rank-math-link\">ter renunciado ao posto devido a um convite para liderar a BR Distribuidora<\/a> (<a rel=\"noreferrer noopener\" href=\"https:\/\/investnews.com.br\/cotacao\/brdt3-br-distribuidora\/\" target=\"_blank\">BRDT3<\/a>).<\/p>\n\n\n\n<p>Ferreira divulgou a ren\u00fancia em janeiro, e depois atribuiu o movimento a uma falta de &#8220;tra\u00e7\u00e3o&#8221; nos planos do governo para privatiza\u00e7\u00e3o da Eletrobras.<\/p>\n\n\n\n<p>O ex-CEO, no entanto, seguiu com posi\u00e7\u00e3o no conselho de administra\u00e7\u00e3o.<\/p>\n\n\n\n<p>Limp foi indicado tamb\u00e9m para uma vaga no conselho da Eletrobras. Assim como na Petrobras, o estatuto da companhia prev\u00ea que o CEO deve ser um dos conselheiros.<\/p>\n\n\n\n<p><strong>O Minist\u00e9rio de Minas e Energia disse que a indica\u00e7\u00e3o de Limp &#8220;reafirma o compromisso do governo na continuidade das a\u00e7\u00f5es visando ao aumento da efici\u00eancia operacional <\/strong>e ao aprimoramento da estrat\u00e9gia de sustentabilidade da Eletrobras&#8221;.<\/p>\n\n\n\n<p>A pasta tamb\u00e9m destacou a continuidade do processo para privatiza\u00e7\u00e3o da companhia, atualmente em discuss\u00e3o junto ao Congresso.<\/p>\n\n\n\n<h2 class=\"wp-block-heading\">Sem recomenda\u00e7\u00e3o<\/h2>\n\n\n\n<p>A Eletrobras admitiu em comunicado que Limp foi indicado pelo governo, n\u00e3o sendo selecionado pela assessoria Korn&amp;Ferry, contratada pela companhia para assessorar o processo de escolha de um novo CEO.<\/p>\n\n\n\n<p>A companhia destacou, no entanto, que ele foi &#8220;avaliado e recomendado&#8221; por um comit\u00ea interno de pessoas e &#8220;entrevistado e aprovado, por maioria, pelo conselho de administra\u00e7\u00e3o&#8221;.<\/p>\n\n\n\n<p>Ainda assim, <strong>um dos conselheiros da Eletrobras decidiu deixar o cargo, ao apontar que Limp n\u00e3o foi recomendado ao cargo de presidente pela assessoria contratada pela estatal.<\/strong><\/p>\n\n\n\n<p>O conselheiro Mauro Gentile Cunha, que havia sido indicado pelo governo, disse que isso gerou &#8220;quebra irremedi\u00e1vel de confian\u00e7a&#8221; no processo de nomea\u00e7\u00e3o.<\/p>\n\n\n\n<p>A indica\u00e7\u00e3o de <strong>Limp, por outro lado, recebeu elogios de analistas do <a href=\"https:\/\/investnews.com.br\/guias\/como-funciona-o-mercado-financeiro\/\">mercado financeiro<\/a>, <\/strong>preocupados com o avan\u00e7o das discuss\u00f5es sobre a proposta de desestatiza\u00e7\u00e3o da el\u00e9trica.<\/p>\n\n\n\n<p>Analistas do BTG disseram que Limp \u00e9 &#8220;um nome muito t\u00e9cnico, apesar de n\u00e3o ter um background em administra\u00e7\u00e3o corporativa&#8221;.<\/p>\n\n\n\n<p>O Credit Suisse disse em nota ver a nomea\u00e7\u00e3o como positiva, uma vez que o novo CEO &#8220;conhece bem o setor e est\u00e1 envolvido nas discuss\u00f5es sobre a privatiza\u00e7\u00e3o (apoiando a proposta)&#8221;.<\/p>\n\n\n\n<p>Limp foi diretor da Aneel de maio de 2018 a mar\u00e7o de 2020. Ele \u00e9 formado em direito e engenharia el\u00e9trica e tem MBA Executivo Gest\u00e3o em Empresa de Energia El\u00e9trica, al\u00e9m de mestrado em Economia do Setor P\u00fablico e p\u00f3s-gradua\u00e7\u00e3o em Direito Regulat\u00f3rio.<\/p>\n","protected":false},"excerpt":{"rendered":"<p>Nome de Limp foi em geral bem visto por analistas de mercado.<\/p>\n","protected":false},"author":7,"featured_media":0,"comment_status":"closed","ping_status":"open","sticky":false,"template":"","format":"standard","meta":{"_acf_changed":false,"inline_featured_image":false,"footnotes":""},"categories":[6],"tags":[824,234,1520,174,159],"autor-wsj":[],"coauthors":[1494],"class_list":["post-237024","post","type-post","status-publish","format-standard","hentry","category-negocios","tag-energia","tag-jair-bolsonaro","tag-ministerio-de-minas-e-energia","tag-eletrobras","tag-vibra"],"acf":[],"amp_enabled":true,"_links":{"self":[{"href":"https:\/\/investnews.com.br\/inv-api\/wp\/v2\/posts\/237024","targetHints":{"allow":["GET"]}}],"collection":[{"href":"https:\/\/investnews.com.br\/inv-api\/wp\/v2\/posts"}],"about":[{"href":"https:\/\/investnews.com.br\/inv-api\/wp\/v2\/types\/post"}],"author":[{"embeddable":true,"href":"https:\/\/investnews.com.br\/inv-api\/wp\/v2\/users\/7"}],"replies":[{"embeddable":true,"href":"https:\/\/investnews.com.br\/inv-api\/wp\/v2\/comments?post=237024"}],"version-history":[{"count":2,"href":"https:\/\/investnews.com.br\/inv-api\/wp\/v2\/posts\/237024\/revisions"}],"predecessor-version":[{"id":237035,"href":"https:\/\/investnews.com.br\/inv-api\/wp\/v2\/posts\/237024\/revisions\/237035"}],"wp:attachment":[{"href":"https:\/\/investnews.com.br\/inv-api\/wp\/v2\/media?parent=237024"}],"wp:term":[{"taxonomy":"category","embeddable":true,"href":"https:\/\/investnews.com.br\/inv-api\/wp\/v2\/categories?post=237024"},{"taxonomy":"post_tag","embeddable":true,"href":"https:\/\/investnews.com.br\/inv-api\/wp\/v2\/tags?post=237024"},{"taxonomy":"autor-wsj","embeddable":true,"href":"https:\/\/investnews.com.br\/inv-api\/wp\/v2\/autor-wsj?post=237024"},{"taxonomy":"author","embeddable":true,"href":"https:\/\/investnews.com.br\/inv-api\/wp\/v2\/coauthors?post=237024"}],"curies":[{"name":"wp","href":"https:\/\/api.w.org\/{rel}","templated":true}]}}