{"id":237101,"date":"2021-03-25T16:28:33","date_gmt":"2021-03-25T19:28:33","guid":{"rendered":"https:\/\/investnews.com.br\/?p=237101"},"modified":"2021-03-25T18:48:00","modified_gmt":"2021-03-25T21:48:00","slug":"allied-da-advent-prepara-ipo-de-mais-de-r-500-milhoes","status":"publish","type":"post","link":"https:\/\/investnews.com.br\/financas\/allied-da-advent-prepara-ipo-de-mais-de-r-500-milhoes\/","title":{"rendered":"Allied, da Advent, prepara IPO de mais de R$ 500 milh\u00f5es"},"content":{"rendered":"\n<p>A companhia de tecnologia Allied, <a href=\"https:\/\/investnews.com.br\/negocios\/advent-queremos-investir-em-empresas-com-pegada-tecnologica\/\" target=\"_blank\" aria-label=\"que tem como controlador fundos da gestora de private equity Advent International (opens in a new tab)\" rel=\"noreferrer noopener\" class=\"rank-math-link\">que tem como controlador fundos da gestora de private equity Advent International<\/a>, lan\u00e7ou nesta quinta-feira (25) uma oferta p\u00fablica inicial de a\u00e7\u00f5es (<a href=\"https:\/\/investnews.com.br\/guias\/ipo-o-que-e-e-como-funciona\/\">IPO<\/a>) de at\u00e9 R$ 517,5 milh\u00f5es.<\/p>\n\n\n\n<p>De acordo com um documento \u00e0 Comiss\u00e3o de Valores Mobili\u00e1rios (CVM) nesta quinta-feira,<a href=\"https:\/\/investnews.com.br\/colunistas\/invista-melhor\/por-que-e-dificil-investir-em-ipos\/\" target=\"_blank\" aria-label=\" tanto a Allied quanto seus acionistas pretendem vender a\u00e7\u00f5es na oferta. (opens in a new tab)\" rel=\"noreferrer noopener\" class=\"rank-math-link\"> <strong>tanto a Allied quanto seus acionistas pretendem vender a\u00e7\u00f5es na oferta.<\/strong><\/a><\/p>\n\n\n\n<p>A Allied usar\u00e1 os recursos para abrir novas lojas, impulsionar seus neg\u00f3cios de financiamento, investir em plataformas de tecnologia e adquirir empresas.<\/p>\n\n\n\n<p>A companhia planeja precificar suas a\u00e7\u00f5es entre 20 e 26 reais cada. <strong><a href=\"https:\/\/investnews.com.br\/financas\/fila-de-startups-para-ipo-cresce-e-bolsa-pode-ter-modernizacao-de-perfil\/\" target=\"_blank\" aria-label=\"O pre\u00e7o final ser\u00e1 definido em 7 de abril. (opens in a new tab)\" rel=\"noreferrer noopener\" class=\"rank-math-link\">O pre\u00e7o final ser\u00e1 definido em 7 de abril.<\/a><\/strong><\/p>\n\n\n\n<p>BTG Pactual, Bradesco BBI, Itau BBA e XP Inc. s\u00e3o os coordenadores do IPO.<\/p>\n\n\n\n<p>Adquirida pela Advent em 2014, a Allied oferece distribui\u00e7\u00e3o, vendas no varejo e servi\u00e7os de produtos de tecnologia.<\/p>\n\n\n\n<figure class=\"wp-block-embed-youtube wp-block-embed is-type-video is-provider-youtube wp-embed-aspect-16-9 wp-has-aspect-ratio\"><div class=\"wp-block-embed__wrapper\">\n<iframe loading=\"lazy\" title=\"Qual IPO rendeu mais (e menos) em 2020? E 2021?\" width=\"500\" height=\"281\" src=\"https:\/\/www.youtube.com\/embed\/QeMOK6in3b4?feature=oembed\" frameborder=\"0\" allow=\"accelerometer; autoplay; clipboard-write; encrypted-media; gyroscope; picture-in-picture; web-share\" referrerpolicy=\"strict-origin-when-cross-origin\" allowfullscreen><\/iframe>\n<\/div><\/figure>\n","protected":false},"excerpt":{"rendered":"<p>Gestora Advent pretende vender suas a\u00e7\u00f5es na oferta <\/p>\n","protected":false},"author":7,"featured_media":236540,"comment_status":"closed","ping_status":"open","sticky":false,"template":"","format":"standard","meta":{"_acf_changed":false,"inline_featured_image":false,"footnotes":""},"categories":[4],"tags":[],"autor-wsj":[],"coauthors":[1494],"class_list":["post-237101","post","type-post","status-publish","format-standard","has-post-thumbnail","hentry","category-financas"],"acf":[],"amp_enabled":true,"_links":{"self":[{"href":"https:\/\/investnews.com.br\/inv-api\/wp\/v2\/posts\/237101","targetHints":{"allow":["GET"]}}],"collection":[{"href":"https:\/\/investnews.com.br\/inv-api\/wp\/v2\/posts"}],"about":[{"href":"https:\/\/investnews.com.br\/inv-api\/wp\/v2\/types\/post"}],"author":[{"embeddable":true,"href":"https:\/\/investnews.com.br\/inv-api\/wp\/v2\/users\/7"}],"replies":[{"embeddable":true,"href":"https:\/\/investnews.com.br\/inv-api\/wp\/v2\/comments?post=237101"}],"version-history":[{"count":3,"href":"https:\/\/investnews.com.br\/inv-api\/wp\/v2\/posts\/237101\/revisions"}],"predecessor-version":[{"id":237104,"href":"https:\/\/investnews.com.br\/inv-api\/wp\/v2\/posts\/237101\/revisions\/237104"}],"wp:featuredmedia":[{"embeddable":true,"href":"https:\/\/investnews.com.br\/inv-api\/wp\/v2\/media\/236540"}],"wp:attachment":[{"href":"https:\/\/investnews.com.br\/inv-api\/wp\/v2\/media?parent=237101"}],"wp:term":[{"taxonomy":"category","embeddable":true,"href":"https:\/\/investnews.com.br\/inv-api\/wp\/v2\/categories?post=237101"},{"taxonomy":"post_tag","embeddable":true,"href":"https:\/\/investnews.com.br\/inv-api\/wp\/v2\/tags?post=237101"},{"taxonomy":"autor-wsj","embeddable":true,"href":"https:\/\/investnews.com.br\/inv-api\/wp\/v2\/autor-wsj?post=237101"},{"taxonomy":"author","embeddable":true,"href":"https:\/\/investnews.com.br\/inv-api\/wp\/v2\/coauthors?post=237101"}],"curies":[{"name":"wp","href":"https:\/\/api.w.org\/{rel}","templated":true}]}}