{"id":237743,"date":"2021-03-26T19:35:30","date_gmt":"2021-03-26T22:35:30","guid":{"rendered":"https:\/\/investnews.com.br\/?p=237743"},"modified":"2021-04-09T15:19:11","modified_gmt":"2021-04-09T18:19:11","slug":"eletrobras-informa-renuncia-do-conselheiro-ricardo-brandao","status":"publish","type":"post","link":"https:\/\/investnews.com.br\/financas\/eletrobras-informa-renuncia-do-conselheiro-ricardo-brandao\/","title":{"rendered":"Eletrobras informa ren\u00fancia do conselheiro Ricardo Brand\u00e3o"},"content":{"rendered":"\n<p>A estatal Eletrobras (<a href=\"https:\/\/investnews.com.br\/cotacao\/acao\/?ticker=ELET6\" class=\"rank-math-link\">ELET6<\/a> e <a aria-label=\"(ELET6;ELET3) (opens in a new tab)\" rel=\"noreferrer noopener\" href=\"https:\/\/investnews.com.br\/cotacao\/elet3-eletrobras-centrais-eletricas-brasileiras\/\" target=\"_blank\" class=\"rank-math-link\">ELET3)<\/a> informou nesta sexta-feira (26) que o conselheiro Ricardo Brand\u00e3o apresentou carta de ren\u00fancia e deixar\u00e1 o cargo a partir de 1\u00b0 de abril.<\/p>\n\n\n\n<p>&#8220;Em substitui\u00e7\u00e3o ao Sr. Ricardo assumir\u00e1 a Sra. Ana Carolina Tannuri Lafert\u00e9 Marinho, cuja elei\u00e7\u00e3o foi realizada nesta data&#8221;, disse a estatal em comunicado ao mercado, sem detalhar motivos da ren\u00fancia. Brand\u00e3o havia sido indicado pelo governo, controlador da empresa.<\/p>\n\n\n\n<p><a aria-label=\"A Eletrobras j\u00e1 havia informado a sa\u00edda de um conselheiro nesta semana, (opens in a new tab)\" rel=\"noreferrer noopener\" class=\"rank-math-link\" href=\"https:\/\/investnews.com.br\/financas\/exagero-ou-realidade-o-que-esperar-de-petrobras-eletrobras-e-banco-do-brasil\/\" target=\"_blank\">A Eletrobras j\u00e1 havia informado a sa\u00edda de um conselheiro nesta semana,<\/a> com a ren\u00fancia de Mauro Cunha a cargo no colegiado, ap\u00f3s cr\u00edticas deste ao processo da companhia para nomea\u00e7\u00e3o de um novo presidente.<\/p>\n\n\n\n<p>Cunha disse entender que &#8220;houve quebra irremedi\u00e1vel de confian\u00e7a no processo de governan\u00e7a&#8221; durante a nomea\u00e7\u00e3o porque o futuro CEO, <a aria-label=\"Rodrigo Limp, n\u00e3o recebeu aval de uma consultoria contratada pela companhia para apoiar a sele\u00e7\u00e3o. (opens in a new tab)\" rel=\"noreferrer noopener\" class=\"rank-math-link\" href=\"https:\/\/investnews.com.br\/negocios\/governo-indica-secretario-de-energia-rodrigo-limp-para-comando-da-eletrobras\/\" target=\"_blank\">Rodrigo Limp, n\u00e3o recebeu aval de uma consultoria contratada pela companhia para apoiar a sele\u00e7\u00e3o.<\/a><\/p>\n\n\n\n<p>Limp, que \u00e9 secret\u00e1rio de Energia El\u00e9trica do Minist\u00e9rio de Minas e Energia, foi indicado ao posto pelo governo. Ele deve primeiro ser nomeado para um cargo no conselho, para depois ser formalmente conduzido \u00e0 presid\u00eancia da empresa.<\/p>\n\n\n\n<p>Veja tamb\u00e9m: <a href=\"https:\/\/www.youtube.com\/watch?v=2yVJ_9EsNUo\" target=\"_blank\" aria-label=\"Estatais brasileiras: at\u00e9 onde chega o impacto da interfer\u00eancia pol\u00edtica? (opens in a new tab)\" rel=\"noreferrer noopener\" class=\"rank-math-link\">Estatais brasileiras: at\u00e9 onde chega o impacto da interfer\u00eancia pol\u00edtica?<\/a><\/p>\n","protected":false},"excerpt":{"rendered":"<p>Nomea\u00e7\u00e3o de Rodrigo Limp gerou controv\u00e9rsias e questionamentos sobre governan\u00e7a da companhia<\/p>\n","protected":false},"author":18,"featured_media":0,"comment_status":"closed","ping_status":"open","sticky":false,"template":"","format":"standard","meta":{"_acf_changed":false,"inline_featured_image":false,"footnotes":""},"categories":[4],"tags":[1673,174],"autor-wsj":[],"coauthors":[1500],"class_list":["post-237743","post","type-post","status-publish","format-standard","hentry","category-financas","tag-esg","tag-eletrobras"],"acf":[],"amp_enabled":true,"_links":{"self":[{"href":"https:\/\/investnews.com.br\/inv-api\/wp\/v2\/posts\/237743","targetHints":{"allow":["GET"]}}],"collection":[{"href":"https:\/\/investnews.com.br\/inv-api\/wp\/v2\/posts"}],"about":[{"href":"https:\/\/investnews.com.br\/inv-api\/wp\/v2\/types\/post"}],"author":[{"embeddable":true,"href":"https:\/\/investnews.com.br\/inv-api\/wp\/v2\/users\/18"}],"replies":[{"embeddable":true,"href":"https:\/\/investnews.com.br\/inv-api\/wp\/v2\/comments?post=237743"}],"version-history":[{"count":3,"href":"https:\/\/investnews.com.br\/inv-api\/wp\/v2\/posts\/237743\/revisions"}],"predecessor-version":[{"id":240812,"href":"https:\/\/investnews.com.br\/inv-api\/wp\/v2\/posts\/237743\/revisions\/240812"}],"wp:attachment":[{"href":"https:\/\/investnews.com.br\/inv-api\/wp\/v2\/media?parent=237743"}],"wp:term":[{"taxonomy":"category","embeddable":true,"href":"https:\/\/investnews.com.br\/inv-api\/wp\/v2\/categories?post=237743"},{"taxonomy":"post_tag","embeddable":true,"href":"https:\/\/investnews.com.br\/inv-api\/wp\/v2\/tags?post=237743"},{"taxonomy":"autor-wsj","embeddable":true,"href":"https:\/\/investnews.com.br\/inv-api\/wp\/v2\/autor-wsj?post=237743"},{"taxonomy":"author","embeddable":true,"href":"https:\/\/investnews.com.br\/inv-api\/wp\/v2\/coauthors?post=237743"}],"curies":[{"name":"wp","href":"https:\/\/api.w.org\/{rel}","templated":true}]}}