{"id":237808,"date":"2021-03-29T06:38:33","date_gmt":"2021-03-29T09:38:33","guid":{"rendered":"https:\/\/investnews.com.br\/?p=237808"},"modified":"2021-03-29T06:40:12","modified_gmt":"2021-03-29T09:40:12","slug":"embraer-apresenta-prototipo-de-carro-voador-eletrico","status":"publish","type":"post","link":"https:\/\/investnews.com.br\/negocios\/embraer-apresenta-prototipo-de-carro-voador-eletrico\/","title":{"rendered":"Embraer apresenta prot\u00f3tipo de carro voador el\u00e9trico"},"content":{"rendered":"\n<p>A <strong>Embraer (<a href=\"https:\/\/investnews.com.br\/cotacao\/embr3-embraer\/\" class=\"rank-math-link\">EMBR3<\/a>) apresentou pela primeira vez em voo o seu novo\u00a0carro voador el\u00e9trico<\/strong>. O prot\u00f3tipo em tamanho reduzido decolou da sede da Embraer em Gavi\u00e3o Peixoto (SP) na quarta-feira (24).\u00a0<\/p>\n\n\n\n<p>O projeto faz parte da <strong>Eve Urban Air Mobility Solutions<\/strong>, dedicada a desenvolver o ecossistema de mobilidade a\u00e9rea urbana.\u00a0<\/p>\n\n\n\n<p>A empresa vem desenvolvendo um portf\u00f3lio de solu\u00e7\u00f5es para preparar o mercado, incluindo a certifica\u00e7\u00e3o do ve\u00edculo el\u00e9trico de decolagem e pouso vertical (eVTOL) e a cria\u00e7\u00e3o de solu\u00e7\u00f5es de gest\u00e3o de tr\u00e1fego a\u00e9reo urbano.<\/p>\n\n\n\n<h2 class=\"wp-block-heading\">Detalhamento<\/h2>\n\n\n\n<p>O projeto de eVTOL da Embraer conta com dez h\u00e9lices, sendo oito na horizontal e duas na vertical e se parece com um drone grande, por\u00e9m, com o objetivo de transportar passageiros.<\/p>\n\n\n\n<p>No in\u00edcio, o ve\u00edculo dever\u00e1 ter no comando um piloto, mas a inten\u00e7\u00e3o do projeto \u00e9 que, no futuro, o voo seja totalmente aut\u00f4nomo.<\/p>\n","protected":false},"excerpt":{"rendered":"<p>Projeto faz parte da Eve Urban Air Mobility Solutions, dedicada ao ecossistema de mobilidade a\u00e9rea urbana.<\/p>\n","protected":false},"author":7,"featured_media":237809,"comment_status":"closed","ping_status":"open","sticky":false,"template":"","format":"standard","meta":{"_acf_changed":false,"inline_featured_image":false,"footnotes":""},"categories":[6],"tags":[792,297,177],"autor-wsj":[],"coauthors":[1494],"class_list":["post-237808","post","type-post","status-publish","format-standard","has-post-thumbnail","hentry","category-negocios","tag-aviacao","tag-carros","tag-embraer"],"acf":[],"amp_enabled":true,"_links":{"self":[{"href":"https:\/\/investnews.com.br\/inv-api\/wp\/v2\/posts\/237808","targetHints":{"allow":["GET"]}}],"collection":[{"href":"https:\/\/investnews.com.br\/inv-api\/wp\/v2\/posts"}],"about":[{"href":"https:\/\/investnews.com.br\/inv-api\/wp\/v2\/types\/post"}],"author":[{"embeddable":true,"href":"https:\/\/investnews.com.br\/inv-api\/wp\/v2\/users\/7"}],"replies":[{"embeddable":true,"href":"https:\/\/investnews.com.br\/inv-api\/wp\/v2\/comments?post=237808"}],"version-history":[{"count":4,"href":"https:\/\/investnews.com.br\/inv-api\/wp\/v2\/posts\/237808\/revisions"}],"predecessor-version":[{"id":237814,"href":"https:\/\/investnews.com.br\/inv-api\/wp\/v2\/posts\/237808\/revisions\/237814"}],"wp:featuredmedia":[{"embeddable":true,"href":"https:\/\/investnews.com.br\/inv-api\/wp\/v2\/media\/237809"}],"wp:attachment":[{"href":"https:\/\/investnews.com.br\/inv-api\/wp\/v2\/media?parent=237808"}],"wp:term":[{"taxonomy":"category","embeddable":true,"href":"https:\/\/investnews.com.br\/inv-api\/wp\/v2\/categories?post=237808"},{"taxonomy":"post_tag","embeddable":true,"href":"https:\/\/investnews.com.br\/inv-api\/wp\/v2\/tags?post=237808"},{"taxonomy":"autor-wsj","embeddable":true,"href":"https:\/\/investnews.com.br\/inv-api\/wp\/v2\/autor-wsj?post=237808"},{"taxonomy":"author","embeddable":true,"href":"https:\/\/investnews.com.br\/inv-api\/wp\/v2\/coauthors?post=237808"}],"curies":[{"name":"wp","href":"https:\/\/api.w.org\/{rel}","templated":true}]}}