{"id":237994,"date":"2021-03-29T13:16:26","date_gmt":"2021-03-29T16:16:26","guid":{"rendered":"https:\/\/investnews.com.br\/?p=237994"},"modified":"2021-03-29T14:49:31","modified_gmt":"2021-03-29T17:49:31","slug":"governo-formaliza-indicacao-de-ribeiro-como-presidente-do-banco-do-brasil","status":"publish","type":"post","link":"https:\/\/investnews.com.br\/negocios\/governo-formaliza-indicacao-de-ribeiro-como-presidente-do-banco-do-brasil\/","title":{"rendered":"Governo formaliza indica\u00e7\u00e3o de Ribeiro como presidente do Banco do Brasil"},"content":{"rendered":"\n<p>O Banco do Brasil (<a href=\"https:\/\/investnews.com.br\/cotacao\/bbas3-banco-do-brasil\/\" class=\"rank-math-link\">BBAS3<\/a>) comunicou nesta segunda-feira (29) que o Minist\u00e9rio da Economia encaminhou para an\u00e1lise e manifesta\u00e7\u00e3o do Comit\u00ea de Pessoas, Remunera\u00e7\u00e3o e Elegibilidade (Corem) do banco o processo de indica\u00e7\u00e3o de Fausto Ribeiro para presidir a institui\u00e7\u00e3o financeira.<\/p>\n\n\n\n<p>Em fato relevante, o banco afirmou que o Corem ir\u00e1 se reunir para avaliar a indica\u00e7\u00e3o.<\/p>\n\n\n\n<p>O governo federal anunciou a indica\u00e7\u00e3o de Fausto Ribeiro para ser o pr\u00f3ximo presidente-executivo do BB no \u00faltimo dia 18, <a href=\"https:\/\/investnews.com.br\/negocios\/andre-brandao-renuncia-a-presidencia-do-banco-do-brasil\/\" class=\"rank-math-link\">ap\u00f3s o atual mandat\u00e1rio, Andr\u00e9 Brand\u00e3o, ter renunciado ao cargo.<\/a> Ribeiro foi tamb\u00e9m indicado pelo minist\u00e9rio para ser o novo presidente do conselho do banco.<\/p>\n\n\n\n<p>Ribeiro, funcion\u00e1rio de carreira no BB desde 1988, ser\u00e1 <strong>o terceiro presidente do banco em cerca de seis meses,<\/strong> com Brand\u00e3o finalmente sucumbindo ao d<a href=\"https:\/\/investnews.com.br\/boletim-investnews\/o-presidente-do-banco-do-brasil-vai-sair-jornais-dao-a-noticia-e-acoes-reagem\/\" class=\"rank-math-link\">esgaste com o presidente Jair Bolsonaro<\/a> ap\u00f3s o an\u00fancio em janeiro de um plano da institui\u00e7\u00e3o que inclu\u00eda demiss\u00f5es e fechamento de ag\u00eancias.<\/p>\n\n\n\n<h2 class=\"wp-block-heading\">Conselho<\/h2>\n\n\n\n<p>O governo indicou tr\u00eas novos membros para o conselho de administra\u00e7\u00e3o do BB: os ex-executivos do banco Aramis de Andrade e Walter Ribeiro, al\u00e9m de I\u00eada Cagni, atual secret\u00e1ria-geral de Administra\u00e7\u00e3o da Advocacia-Geral da Uni\u00e3o.<\/p>\n\n\n\n<p>Eles devem substituir conselheiros de sa\u00edda do banco, entre eles o presidente do colegiado, H\u00e9lio Magalhaes. Tamb\u00e9m n\u00e3o entraram na lista do governo Jos\u00e9 Monforte e Fabio Barbosa.<\/p>\n\n\n\n<p><strong>As indica\u00e7\u00f5es contrastam com a ideia do ministro da Economia, Paulo Guedes<\/strong>, de nomear membros independentes para companhias de controle estatal, com experi\u00eancia fora do governo.<\/p>\n\n\n\n<p>Magalh\u00e3es, por exemplo, havia comandado unidades do Citigroup e da American Express.<\/p>\n\n\n\n<p>A elei\u00e7\u00e3o dos novos membros est\u00e1 prevista para assembleia geral ordin\u00e1ria do BB, agendada para 28 de abril, conforme edital de convoca\u00e7\u00e3o divulgado nesta segunda-feira.<\/p>\n","protected":false},"excerpt":{"rendered":"<p>Ribeiro ser\u00e1 o terceiro presidente do banco em cerca de seis meses.<\/p>\n","protected":false},"author":7,"featured_media":238025,"comment_status":"closed","ping_status":"open","sticky":false,"template":"","format":"standard","meta":{"_acf_changed":false,"inline_featured_image":false,"footnotes":""},"categories":[6],"tags":[57],"autor-wsj":[],"coauthors":[1494],"class_list":["post-237994","post","type-post","status-publish","format-standard","has-post-thumbnail","hentry","category-negocios","tag-banco-do-brasil"],"acf":[],"amp_enabled":true,"_links":{"self":[{"href":"https:\/\/investnews.com.br\/inv-api\/wp\/v2\/posts\/237994","targetHints":{"allow":["GET"]}}],"collection":[{"href":"https:\/\/investnews.com.br\/inv-api\/wp\/v2\/posts"}],"about":[{"href":"https:\/\/investnews.com.br\/inv-api\/wp\/v2\/types\/post"}],"author":[{"embeddable":true,"href":"https:\/\/investnews.com.br\/inv-api\/wp\/v2\/users\/7"}],"replies":[{"embeddable":true,"href":"https:\/\/investnews.com.br\/inv-api\/wp\/v2\/comments?post=237994"}],"version-history":[{"count":4,"href":"https:\/\/investnews.com.br\/inv-api\/wp\/v2\/posts\/237994\/revisions"}],"predecessor-version":[{"id":237998,"href":"https:\/\/investnews.com.br\/inv-api\/wp\/v2\/posts\/237994\/revisions\/237998"}],"wp:featuredmedia":[{"embeddable":true,"href":"https:\/\/investnews.com.br\/inv-api\/wp\/v2\/media\/238025"}],"wp:attachment":[{"href":"https:\/\/investnews.com.br\/inv-api\/wp\/v2\/media?parent=237994"}],"wp:term":[{"taxonomy":"category","embeddable":true,"href":"https:\/\/investnews.com.br\/inv-api\/wp\/v2\/categories?post=237994"},{"taxonomy":"post_tag","embeddable":true,"href":"https:\/\/investnews.com.br\/inv-api\/wp\/v2\/tags?post=237994"},{"taxonomy":"autor-wsj","embeddable":true,"href":"https:\/\/investnews.com.br\/inv-api\/wp\/v2\/autor-wsj?post=237994"},{"taxonomy":"author","embeddable":true,"href":"https:\/\/investnews.com.br\/inv-api\/wp\/v2\/coauthors?post=237994"}],"curies":[{"name":"wp","href":"https:\/\/api.w.org\/{rel}","templated":true}]}}