{"id":238523,"date":"2021-03-30T17:58:36","date_gmt":"2021-03-30T20:58:36","guid":{"rendered":"https:\/\/investnews.com.br\/?p=238523"},"modified":"2024-06-24T12:10:43","modified_gmt":"2024-06-24T15:10:43","slug":"como-a-politica-impacta-o-mercado-e-mais-acao-da-oi-um-dia-depois-do-balanco","status":"publish","type":"post","link":"https:\/\/investnews.com.br\/financas\/como-a-politica-impacta-o-mercado-e-mais-acao-da-oi-um-dia-depois-do-balanco\/","title":{"rendered":"Como a pol\u00edtica impacta o mercado; e mais: a\u00e7\u00e3o da Oi um dia depois do balan\u00e7o"},"content":{"rendered":"\n<figure class=\"wp-block-embed-youtube wp-block-embed is-type-video is-provider-youtube wp-embed-aspect-16-9 wp-has-aspect-ratio\"><div class=\"wp-block-embed__wrapper\">\n<iframe loading=\"lazy\" title=\"Troca de ministros e o mercado, e mais: OIBR3 um dia depois do balan\u00e7o\" width=\"500\" height=\"281\" src=\"https:\/\/www.youtube.com\/embed\/siby6_Ur3ak?feature=oembed\" frameborder=\"0\" allow=\"accelerometer; autoplay; clipboard-write; encrypted-media; gyroscope; picture-in-picture; web-share\" referrerpolicy=\"strict-origin-when-cross-origin\" allowfullscreen><\/iframe>\n<\/div><\/figure>\n\n\n\n<p>O que o mercado est\u00e1 achando da pol\u00edtica? Como <a href=\"https:\/\/investnews.com.br\/economia\/taxa-selic-sobe-para-275-no-primeiro-aumento-em-6-anos\/\" class=\"rank-math-link\">a troca de ministros feita pelo presidente Jair Bolsonaro<\/a> impacta a bolsa? O que vai acontecer com o d\u00f3lar? E mais: a a\u00e7\u00e3o da Oi (<a href=\"https:\/\/investnews.com.br\/cotacao\/oibr3-oibr4-oi\/\" class=\"rank-math-link\">OIBR3<\/a>) continua subindo um dia depois <a href=\"https:\/\/investnews.com.br\/flash\/oi-divulga-lucro-bilionario-e-acoes-disparam-ernesto-araujo-pede-demissao\/\" class=\"rank-math-link\">de a empresa divulgar balan\u00e7o.<\/a> O que os analistas dizem sobre a a\u00e7\u00e3o da Oi?<\/p>\n\n\n\n<p>O Boletim InvestNews, com Karina Trevizan, traz ainda um resumo de outras not\u00edcias de economia, como a disparada do <a href=\"https:\/\/investnews.com.br\/guias\/igp-m\/\">IGP-M<\/a>,<a href=\"https:\/\/investnews.com.br\/economia\/brasil-abre-401-639-vagas-formais-de-trabalho-em-fevereiro-mostra-caged\/\" class=\"rank-math-link\"> resultado do Caged<\/a>, <a href=\"https:\/\/investnews.com.br\/economia\/governo-central-tem-deficit-primario-de-r-212-bilhoes-em-fevereiro\/\" class=\"rank-math-link\">d\u00e9ficit nas contas p\u00fablicas<\/a>, cota\u00e7\u00e3o do d\u00f3lar, fechamento do Ibovespa, maiores altas e maiores quedas da bolsa. <\/p>\n","protected":false},"excerpt":{"rendered":"<p>Programa traz resumo das not\u00edcias do dia; acompanhe ao vivo \u00e0s 19h.<\/p>\n","protected":false},"author":31,"featured_media":238524,"comment_status":"closed","ping_status":"open","sticky":false,"template":"","format":"standard","meta":{"_acf_changed":false,"inline_featured_image":false,"footnotes":""},"categories":[4],"tags":[234,428],"autor-wsj":[],"coauthors":[1908],"class_list":["post-238523","post","type-post","status-publish","format-standard","has-post-thumbnail","hentry","category-financas","tag-jair-bolsonaro","tag-oi"],"acf":[],"amp_enabled":true,"_links":{"self":[{"href":"https:\/\/investnews.com.br\/inv-api\/wp\/v2\/posts\/238523","targetHints":{"allow":["GET"]}}],"collection":[{"href":"https:\/\/investnews.com.br\/inv-api\/wp\/v2\/posts"}],"about":[{"href":"https:\/\/investnews.com.br\/inv-api\/wp\/v2\/types\/post"}],"author":[{"embeddable":true,"href":"https:\/\/investnews.com.br\/inv-api\/wp\/v2\/users\/31"}],"replies":[{"embeddable":true,"href":"https:\/\/investnews.com.br\/inv-api\/wp\/v2\/comments?post=238523"}],"version-history":[{"count":2,"href":"https:\/\/investnews.com.br\/inv-api\/wp\/v2\/posts\/238523\/revisions"}],"predecessor-version":[{"id":238526,"href":"https:\/\/investnews.com.br\/inv-api\/wp\/v2\/posts\/238523\/revisions\/238526"}],"wp:featuredmedia":[{"embeddable":true,"href":"https:\/\/investnews.com.br\/inv-api\/wp\/v2\/media\/238524"}],"wp:attachment":[{"href":"https:\/\/investnews.com.br\/inv-api\/wp\/v2\/media?parent=238523"}],"wp:term":[{"taxonomy":"category","embeddable":true,"href":"https:\/\/investnews.com.br\/inv-api\/wp\/v2\/categories?post=238523"},{"taxonomy":"post_tag","embeddable":true,"href":"https:\/\/investnews.com.br\/inv-api\/wp\/v2\/tags?post=238523"},{"taxonomy":"autor-wsj","embeddable":true,"href":"https:\/\/investnews.com.br\/inv-api\/wp\/v2\/autor-wsj?post=238523"},{"taxonomy":"author","embeddable":true,"href":"https:\/\/investnews.com.br\/inv-api\/wp\/v2\/coauthors?post=238523"}],"curies":[{"name":"wp","href":"https:\/\/api.w.org\/{rel}","templated":true}]}}