{"id":239582,"date":"2021-04-05T11:59:53","date_gmt":"2021-04-05T14:59:53","guid":{"rendered":"https:\/\/investnews.com.br\/?p=239582"},"modified":"2021-04-05T12:05:51","modified_gmt":"2021-04-05T15:05:51","slug":"vale-afirma-que-mpf-arquivou-acusacoes-de-steinmetz","status":"publish","type":"post","link":"https:\/\/investnews.com.br\/financas\/vale-afirma-que-mpf-arquivou-acusacoes-de-steinmetz\/","title":{"rendered":"Vale afirma que MPF arquivou acusa\u00e7\u00f5es de Steinmetz"},"content":{"rendered":"\n<p>A mineradora Vale <a aria-label=\"(VALE3) (opens in a new tab)\" rel=\"noreferrer noopener\" class=\"rank-math-link\" href=\"https:\/\/investnews.com.br\/cotacao\/vale3-vale\/\" target=\"_blank\">(VALE3)<\/a> informou que o Minist\u00e9rio P\u00fablico Federal decidiu pelo arquivamento de um requerimento do empres\u00e1rio israelense Benjamin Steinmetz que <a href=\"https:\/\/investnews.com.br\/financas\/procuradores-vao-investigar-vale-por-acusacoes-de-steinmetz\/\" target=\"_blank\" aria-label=\"acusava executivos da empresa de pr\u00e1ticas il\u00edcitas relacionadas ao projeto miner\u00e1rio de Simandou (opens in a new tab)\" rel=\"noreferrer noopener\" class=\"rank-math-link\">acusava executivos da empresa de pr\u00e1ticas il\u00edcitas relacionadas ao projeto miner\u00e1rio de Simandou<\/a>, na Rep\u00fablica da Guin\u00e9.<\/p>\n\n\n\n<p><em>&#8220;<\/em>A Vale entende que a decis\u00e3o do Minist\u00e9rio P\u00fablico Federal corrobora a lisura e probidade de sua atua\u00e7\u00e3o no mercado&#8221;, disse a companhia em comunicado nesta segunda-feira (5).<\/p>\n\n\n\n<p>&#8220;(&#8230;) O evidente objetivo do Sr. Steinmetz \u00e9 desviar foco dos processos de execu\u00e7\u00e3o de US$ 2 bilh\u00f5es movidos pela Vale contra ele e suas empresas, conforme senten\u00e7as arbitrais e judiciais proferidas na Inglaterra e EUA&#8221;, acrescentou a companhia.<\/p>\n\n\n\n<p>Segundo a mineradora, o MPF teria apontado que o requerimento contra ela seria &#8220;incomodamente inespec\u00edfico&#8221; e que <a href=\"https:\/\/investnews.com.br\/negocios\/parece-mas-nao-e-como-nao-ser-enganado-pelo-greenwashing-das-empresas\/\" target=\"_blank\" aria-label=\"documentos apresentados n\u00e3o serviriam como prova. (opens in a new tab)\" rel=\"noreferrer noopener\" class=\"rank-math-link\">documentos apresentados n\u00e3o serviriam como prova.<\/a><\/p>\n\n\n\n<p>&#8220;O Minist\u00e9rio P\u00fablico Federal concluiu que os documentos apresentados &#8216;n\u00e3o cont\u00eam elementos que indiquem sequer em tese a ocorr\u00eancia de crime de corrup\u00e7\u00e3o ativa ou de tr\u00e1fico de influ\u00eancia internacional&#8217;, sendo <a href=\"https:\/\/investnews.com.br\/financas\/esg-entenda-a-nova-tendencia-do-mercado-brasileiro-que-veio-para-ficar\/\" target=\"_blank\" aria-label=\"'conclus\u00e3o falaciosa e inconsistente' (opens in a new tab)\" rel=\"noreferrer noopener\" class=\"rank-math-link\">&#8216;conclus\u00e3o falaciosa e inconsistente&#8217;<\/a> aquela de que executivos da Vale teriam em 2011 oferecido alguma vantagem indevida a George Soros&#8221;, afirmou.<\/p>\n\n\n\n<p><strong>Perto do meio-dia, as a\u00e7\u00f5es da Vale <a rel=\"noreferrer noopener\" href=\"https:\/\/investnews.com.br\/cotacao\/vale3-vale\/\" target=\"_blank\">(VALE3)<\/a> saltavam 5,15%<\/strong>, repercutindo o arquivamento do requerimento e ap\u00f3s o conselho da mineradora aprovar na \u00faltima quinta-feira (1) <a href=\"https:\/\/investnews.com.br\/analistas-em-acao\/analista-recomenda-b3-vale-e-cyrela-ao-investidor-em-busca-de-dividendos\/\" target=\"_blank\" aria-label=\"um programa de recompra de at\u00e9 270 milh\u00f5es de a\u00e7\u00f5es ordin\u00e1rias (opens in a new tab)\" rel=\"noreferrer noopener\" class=\"rank-math-link\">um programa de recompra de at\u00e9 270 milh\u00f5es de a\u00e7\u00f5es ordin\u00e1rias<\/a> e seus respectivos ADRs, que representam at\u00e9 5,3% do n\u00famero total de a\u00e7\u00f5es em circula\u00e7\u00e3o.  <\/p>\n","protected":false},"excerpt":{"rendered":"<p>A\u00e7\u00f5es da companhia saltam mais de 5% com decis\u00e3o e ap\u00f3s conselho aprovar recompra de 270 milh\u00f5es de a\u00e7\u00f5es.<\/p>\n","protected":false},"author":7,"featured_media":239584,"comment_status":"closed","ping_status":"open","sticky":false,"template":"","format":"standard","meta":{"_acf_changed":false,"inline_featured_image":false,"footnotes":""},"categories":[4],"tags":[208],"autor-wsj":[],"coauthors":[1494],"class_list":["post-239582","post","type-post","status-publish","format-standard","has-post-thumbnail","hentry","category-financas","tag-vale"],"acf":[],"amp_enabled":true,"_links":{"self":[{"href":"https:\/\/investnews.com.br\/inv-api\/wp\/v2\/posts\/239582","targetHints":{"allow":["GET"]}}],"collection":[{"href":"https:\/\/investnews.com.br\/inv-api\/wp\/v2\/posts"}],"about":[{"href":"https:\/\/investnews.com.br\/inv-api\/wp\/v2\/types\/post"}],"author":[{"embeddable":true,"href":"https:\/\/investnews.com.br\/inv-api\/wp\/v2\/users\/7"}],"replies":[{"embeddable":true,"href":"https:\/\/investnews.com.br\/inv-api\/wp\/v2\/comments?post=239582"}],"version-history":[{"count":3,"href":"https:\/\/investnews.com.br\/inv-api\/wp\/v2\/posts\/239582\/revisions"}],"predecessor-version":[{"id":239608,"href":"https:\/\/investnews.com.br\/inv-api\/wp\/v2\/posts\/239582\/revisions\/239608"}],"wp:featuredmedia":[{"embeddable":true,"href":"https:\/\/investnews.com.br\/inv-api\/wp\/v2\/media\/239584"}],"wp:attachment":[{"href":"https:\/\/investnews.com.br\/inv-api\/wp\/v2\/media?parent=239582"}],"wp:term":[{"taxonomy":"category","embeddable":true,"href":"https:\/\/investnews.com.br\/inv-api\/wp\/v2\/categories?post=239582"},{"taxonomy":"post_tag","embeddable":true,"href":"https:\/\/investnews.com.br\/inv-api\/wp\/v2\/tags?post=239582"},{"taxonomy":"autor-wsj","embeddable":true,"href":"https:\/\/investnews.com.br\/inv-api\/wp\/v2\/autor-wsj?post=239582"},{"taxonomy":"author","embeddable":true,"href":"https:\/\/investnews.com.br\/inv-api\/wp\/v2\/coauthors?post=239582"}],"curies":[{"name":"wp","href":"https:\/\/api.w.org\/{rel}","templated":true}]}}