{"id":23967,"date":"2020-11-09T08:53:16","date_gmt":"2020-11-09T11:53:16","guid":{"rendered":"https:\/\/investnews.com.br\/?p=23967"},"modified":"2024-06-26T12:17:02","modified_gmt":"2024-06-26T15:17:02","slug":"5-fatos-para-hoje-caixa-libera-nova-parcela-do-auxilio-para-nascidos-em-maio","status":"publish","type":"post","link":"https:\/\/investnews.com.br\/economia\/5-fatos-para-hoje-caixa-libera-nova-parcela-do-auxilio-para-nascidos-em-maio\/","title":{"rendered":"5 fatos para hoje: nova parcela do aux\u00edlio emergencial; \u00c2nima reverte preju\u00edzo"},"content":{"rendered":"\n<h2 class=\"wp-block-heading\">1 &#8211; Caixa liberou neste domingo R$ 1,5 bi do Aux\u00edlio Emergencial para nascidos em maio<\/h2>\n\n\n\n<p>&nbsp;A <strong>Caixa Econ\u00f4mica Federal<\/strong> liberou neste domingo (8) o pagamento de R$ 1,5 bilh\u00e3o do <strong><a class=\"rank-math-link\" href=\"https:\/\/investnews.com.br\/economia\/caixa-paga-auxilio-emergencial-para-32-milhoes-de-beneficiarios\/\">Aux\u00edlio Emergencial<\/a><\/strong> a 3,6 milh\u00f5es de pessoas nascida em maio. Segundo a Caixa, a partir deste domingo, os benefici\u00e1rios j\u00e1 podem movimentar os recursos pelo <strong>Aplicativo &#8220;Caixa Tem&#8221; para pagamento de boletos, compras na Internet e pelas maquininhas<\/strong> em mais de um milh\u00e3o de estabelecimentos comerciais espalhados pelo Pa\u00eds. <strong>Saques e transfer\u00eancias<\/strong> para quem recebe o cr\u00e9dito neste domingo ser\u00e3o liberados <strong>a partir do dia 21 de novembro<\/strong>.<\/p>\n\n\n\n<p><strong>LEIA MAIS: <a class=\"rank-math-link\" href=\"https:\/\/investnews.com.br\/economia\/risco-de-2a-onda-da-covid-aumenta-pressao-pela-prorrogacao-do-auxilio\/\">Risco de 2\u00aa onda da covid aumenta press\u00e3o pela prorroga\u00e7\u00e3o do aux\u00edlio<\/a><\/strong><\/p>\n\n\n\n<p>Do total de benefici\u00e1rios do Aux\u00edlio Emergencial nascido em maio, 747,1 mil receber\u00e3o R$ 487,0 milh\u00f5es referentes \u00e0s parcelas do Aux\u00edlio Emergencial. Os demais, 2,9 milh\u00f5es, ser\u00e3o contemplados com a segunda parcela do Aux\u00edlio Emergencial Extens\u00e3o, em um montante de R$ 972,3 milh\u00f5es.<\/p>\n\n\n\n<p>O benef\u00edcio criado em abril pelo Governo Federal foi estendido at\u00e9 31 de dezembro por meio da Medida Provis\u00f3ria (MP) n\u00ba 1000. O Aux\u00edlio Emergencial Extens\u00e3o ser\u00e1 pago em at\u00e9 <strong>quatro parcelas de R$ 300,00 cada e, no caso das m\u00e3es chefes de fam\u00edlia monoparental, o valor \u00e9 de R$ 600,00<\/strong>.<\/p>\n\n\n\n<h2 class=\"wp-block-heading\">2 &#8211; \u00c2nima reverte preju\u00edzo e tem lucro l\u00edquido de R$ 1,8 milh\u00e3o no 3\u00ba trimestre<\/h2>\n\n\n\n<p>A empresa de educa\u00e7\u00e3o <strong><a class=\"rank-math-link\" href=\"https:\/\/investnews.com.br\/negocios\/acoes-da-anima-educacao-cresce-apos-empresa-anunciar-oferta-de-ate-r101-bilhao\/\">\u00c2nima Holding<\/a> registrou <a href=\"https:\/\/investnews.com.br\/guias\/lucro-liquido\/\">lucro l\u00edquido<\/a> de R$ 1,8 milh\u00e3o no terceiro trimestre de 2020<\/strong>, revertendo preju\u00edzo de R$ 2,5 milh\u00f5es obtido no mesmo per\u00edodo do ano passado. No crit\u00e9rio ajustado, o lucro l\u00edquido foi de R$ 20,1 milh\u00f5es, ante R$ 11,5 milh\u00f5es no terceiro trimestre de 2019.<\/p>\n\n\n\n<p>O <strong>Ebitda<\/strong> da companhia no terceiro trimestre deste ano somou <strong>R$ 79,6 milh\u00f5es, o que representa alta de 29% ante os R$ 61,7 milh\u00f5es um ano antes<\/strong>. O Ebitda ajustado, por sua vez, avan\u00e7ou 28,8% em um ano, passando de R$ 78,1 milh\u00f5es para R$ 100,6 milh\u00f5es.<\/p>\n\n\n\n<p>J\u00e1 a <strong><a href=\"https:\/\/investnews.com.br\/guias\/receita-liquida-o-que-e\/\">receita l\u00edquida<\/a><\/strong> da \u00c2nima no terceiro trimestre foi de R$ 351 milh\u00f5es, acr\u00e9scimo de 19,5%, ante os R$ 293,6 no mesmo trimestre do ano passado. Na mesma base de compara\u00e7\u00e3o, o <strong>resultado operacional<\/strong> avan\u00e7ou 30%, para R$ 135,1 milh\u00f5es entre os meses de julho e setembro deste ano.<\/p>\n\n\n\n<h2 class=\"wp-block-heading\">3 &#8211; Latam tem preju\u00edzo l\u00edquido de US$ 573,1 mi no 3\u00ba trimestre revertendo lucro<\/h2>\n\n\n\n<p>O <strong>Grupo Latam<\/strong> <strong>registrou um preju\u00edzo l\u00edquido de US$ 573,1 milh\u00f5es no terceiro trimestre de 2020<\/strong>, apontou a empresa em balan\u00e7o publicado na noite desta sexta-feira (6). O resultado reverte o lucro de US$ 86,265 milh\u00f5es em igual per\u00edodo de 2019 e reflete o <strong>impacto da pandemia<\/strong> sobre os resultados operacionais da empresa.<\/p>\n\n\n\n<p>A Latam tem atravessado um per\u00edodo complexo na pandemia por ter uma <strong>exposi\u00e7\u00e3o maior ao mercado internacional<\/strong>, cuja recupera\u00e7\u00e3o est\u00e1 mais lenta. O grupo, assim como o bra\u00e7o brasileiro, est\u00e1 em <strong>recupera\u00e7\u00e3o judicial<\/strong> nos Estados Unidos.<\/p>\n\n\n\n<p>O <strong>Ebitda<\/strong> da empresa fechou negativo em US$ 264,6 milh\u00f5es contra um resultado positivo de US$ 644,7 milh\u00f5es em igual per\u00edodo de 2019. A margem Ebitda ficou negativa em 51,6% ante 24,2% positiva um ano antes.<\/p>\n\n\n\n<p>&#8220;Esses resultados refletem o <strong>profundo impacto da covid-19 na demanda a\u00e9rea<\/strong>. No entanto, o Grupo tomou as medidas e disp\u00f5e de recursos para enfrentar a crise. Continuaremos focados em nossa reorganiza\u00e7\u00e3o e, paralelamente, continuaremos trabalhando em projetos como a alian\u00e7a com a Delta ou a transforma\u00e7\u00e3o digital que fazem parte da vis\u00e3o de longo prazo do Grupo&#8221;, comentou <strong>Roberto Alvo<\/strong>, CEO do Grupo LATAM Airlines.<\/p>\n\n\n\n<h2 class=\"wp-block-heading\">4 &#8211; Lucro do BV sobe 23,8% e atinge R$ 275 milh\u00f5es no 3\u00ba trimestre<\/h2>\n\n\n\n<p>O <strong>BV, antigo Banco Votorantim, registrou lucro l\u00edquido de R$ 275 milh\u00f5es no terceiro trimestre, alta de 23,8%<\/strong> em rela\u00e7\u00e3o ao per\u00edodo imediatamente anterior. Sem levar em conta as <strong>doa\u00e7\u00f5es feitas pelo banco durante o segundo trimestre, para auxiliar no combate \u00e0 pandemia de covid-19<\/strong>, o lucro teria crescido a um ritmo de 10,5%.<\/p>\n\n\n\n<p>J\u00e1 em rela\u00e7\u00e3o ao terceiro trimestre do ano passado, o banco teve queda de 22,7% no lucro, como reflexo do <strong>aumento das provis\u00f5es durante a crise causada pela pandemia<\/strong>. Mesmo com o aumento dos recursos destinados a cobrir poss\u00edveis calotes, a institui\u00e7\u00e3o viu a<strong> taxa de inadimpl\u00eancia cair para 4,2%<\/strong> no terceiro trimestre, de 5,2% no trimestre anterior.<\/p>\n\n\n\n<h2 class=\"wp-block-heading\">5 &#8211; IPC-S desacelera a 0,59% na 1\u00aa quadrissemana de novembro, afirma FGV<\/h2>\n\n\n\n<p>O <strong>\u00cdndice de Pre\u00e7os ao Consumidor &#8211; Semanal (IPC-S) teve alta de 0,59% na primeira quadrissemana de novembro<\/strong>, informou nesta segunda-feira (9), a Funda\u00e7\u00e3o Getulio Vargas (FGV). A infla\u00e7\u00e3o arrefeceu na compara\u00e7\u00e3o com a leitura anterior, do fechamento de outubro, quando o \u00edndice subiu 0,65%.<\/p>\n\n\n\n<p>Quatro das oito classes de despesa que comp\u00f5em o IPC-S tiveram al\u00edvio nas taxas e contribu\u00edram para a desacelera\u00e7\u00e3o do \u00edndice. <strong>A maior press\u00e3o para baixo partiu do grupo Educa\u00e7\u00e3o, Leitura e Recrea\u00e7\u00e3o (1,81% para 0,89%)<\/strong>, com arrefecimento puxado pela passagem a\u00e9rea (16,35% para 6,80%).<\/p>\n\n\n\n<p>Tamb\u00e9m houve <strong>al\u00edvio nas taxas de Alimenta\u00e7\u00e3o (1,69% para 1,55%)<\/strong>, com arroz e feij\u00e3o (10,05% para 7,52%), Despesas Diversas (0,03% para -0,02%), devido \u00e0 <a href=\"https:\/\/investnews.com.br\/guias\/deflacao\/\">defla\u00e7\u00e3o<\/a> de cigarros (-0,66% para -0,90%), e Comunica\u00e7\u00e3o (0,08% para 0,06%), por conta de tarifa de telefone residencial (1,61% para 1,14%).<\/p>\n\n\n\n<p><em>*Com Ag\u00eancia Brasil e Estad\u00e3o Conte\u00fado<\/em><\/p>\n","protected":false},"excerpt":{"rendered":"<p>Saques e transfer\u00eancias para quem recebeu cr\u00e9dito neste domingo ser\u00e3o liberados a partir do dia 21 de novembro.<\/p>\n","protected":false},"author":17,"featured_media":17468,"comment_status":"closed","ping_status":"open","sticky":false,"template":"","format":"standard","meta":{"_acf_changed":false,"inline_featured_image":false,"footnotes":""},"categories":[5],"tags":[359,845],"autor-wsj":[],"coauthors":[1498],"class_list":["post-23967","post","type-post","status-publish","format-standard","has-post-thumbnail","hentry","category-economia","tag-anima-educacao","tag-latam"],"acf":[],"amp_enabled":true,"_links":{"self":[{"href":"https:\/\/investnews.com.br\/inv-api\/wp\/v2\/posts\/23967","targetHints":{"allow":["GET"]}}],"collection":[{"href":"https:\/\/investnews.com.br\/inv-api\/wp\/v2\/posts"}],"about":[{"href":"https:\/\/investnews.com.br\/inv-api\/wp\/v2\/types\/post"}],"author":[{"embeddable":true,"href":"https:\/\/investnews.com.br\/inv-api\/wp\/v2\/users\/17"}],"replies":[{"embeddable":true,"href":"https:\/\/investnews.com.br\/inv-api\/wp\/v2\/comments?post=23967"}],"version-history":[{"count":4,"href":"https:\/\/investnews.com.br\/inv-api\/wp\/v2\/posts\/23967\/revisions"}],"predecessor-version":[{"id":24022,"href":"https:\/\/investnews.com.br\/inv-api\/wp\/v2\/posts\/23967\/revisions\/24022"}],"wp:featuredmedia":[{"embeddable":true,"href":"https:\/\/investnews.com.br\/inv-api\/wp\/v2\/media\/17468"}],"wp:attachment":[{"href":"https:\/\/investnews.com.br\/inv-api\/wp\/v2\/media?parent=23967"}],"wp:term":[{"taxonomy":"category","embeddable":true,"href":"https:\/\/investnews.com.br\/inv-api\/wp\/v2\/categories?post=23967"},{"taxonomy":"post_tag","embeddable":true,"href":"https:\/\/investnews.com.br\/inv-api\/wp\/v2\/tags?post=23967"},{"taxonomy":"autor-wsj","embeddable":true,"href":"https:\/\/investnews.com.br\/inv-api\/wp\/v2\/autor-wsj?post=23967"},{"taxonomy":"author","embeddable":true,"href":"https:\/\/investnews.com.br\/inv-api\/wp\/v2\/coauthors?post=23967"}],"curies":[{"name":"wp","href":"https:\/\/api.w.org\/{rel}","templated":true}]}}