{"id":239827,"date":"2021-04-06T08:00:48","date_gmt":"2021-04-06T11:00:48","guid":{"rendered":"https:\/\/investnews.com.br\/?p=239827"},"modified":"2025-07-08T10:55:47","modified_gmt":"2025-07-08T13:55:47","slug":"5-fatos-para-hoje-rede-dor-compra-hospital-e-privatizacao-do-porto-de-santos","status":"publish","type":"post","link":"https:\/\/investnews.com.br\/economia\/5-fatos-para-hoje-rede-dor-compra-hospital-e-privatizacao-do-porto-de-santos\/","title":{"rendered":"5 fatos para hoje: Rede D&#8217;Or compra hospital e privatiza\u00e7\u00e3o do Porto de Santos"},"content":{"rendered":"\n<h2 class=\"wp-block-heading\">1 &#8211; Rede D&#8217;Or faz acordo para comprar 51% de Biocor Hospital em BH<\/h2>\n\n\n\n<p>A <strong>Rede D&#8217;Or (<a href=\"https:\/\/investnews.com.br\/cotacao\/\" class=\"rank-math-link\">RDOR3<\/a>)<\/strong> anunciou na segunda-feira (5) que acertou um memorando de entendimentos vinculante para <strong>comprar 51% de participa\u00e7\u00e3o na Biocor Hospital de Doen\u00e7as Cardiovasculares<\/strong>, na Grande Belo Horizonte.<\/p>\n\n\n\n<p>O acordo foi acertado levando em considera\u00e7\u00e3o um valor total para a Biocor de R$ 750 milh\u00f5es, do qual ser\u00e1 subtra\u00eddo d\u00edvida da institui\u00e7\u00e3o, afirmou a Rede D&#8217;Or em fato relevante.<\/p>\n\n\n\n<p>A companhia estima que a Biocor ter\u00e1 receita de R$ 300 milh\u00f5es e lucro antes de juros, impostos, deprecia\u00e7\u00e3o e <a href=\"https:\/\/investnews.com.br\/guias\/amortizacao-o-que-e\/\">amortiza\u00e7\u00e3o<\/a> (<a href=\"https:\/\/investnews.com.br\/guias\/ebitda-o-que-e-como-calcular\/\">Ebitda<\/a>) de R$ 70 milh\u00f5es um ano ap\u00f3s o fechamento da opera\u00e7\u00e3o.<\/p>\n\n\n\n<h2 class=\"wp-block-heading\">2 &#8211; CVM acusa ex-CEO e ex-diretor da Vale no caso Brumadinho<\/h2>\n\n\n\n<p>O ex-presidente da Vale (<a class=\"rank-math-link\" href=\"https:\/\/investnews.com.br\/cotacao\/vale3-vale\/\">VALE3<\/a>), Fabio Schvartsman, e o ex-diretor de ferrosos da companhia, Peter Poppinga, s\u00e3o alvo de um processo administrativo sancionador aberto pela <strong>Comiss\u00e3o de Valores Mobili\u00e1rios (CVM)<\/strong> no <strong><a href=\"https:\/\/investnews.com.br\/tag\/brumadinho\/\">caso Brumadinho<\/a><\/strong>. Em agosto de 2019, a autarquia instaurou um inqu\u00e9rito para aprofundar a investiga\u00e7\u00e3o sobre a responsabilidade de administradores da companhia pelos fatos relacionados ao rompimento da Barragem 1 da Mina C\u00f3rrego do Feij\u00e3o, em 25 de janeiro daquele ano.<\/p>\n\n\n\n<p>Informa\u00e7\u00f5es p\u00fablicas mostram que a CVM abriu prazo para a apresenta\u00e7\u00e3o de defesas pelos dois executivos na segunda-feira (5). A apura\u00e7\u00e3o trata de &#8220;<strong>eventuais irregularidades relativas \u00e0 poss\u00edvel inobserv\u00e2ncia de deveres fiduci\u00e1rios<\/strong>&#8221; ligados \u00e0 trag\u00e9dia que matou 272 pessoas. N\u00e3o h\u00e1 maiores detalhes. Entre os deveres previstos na Lei das S.A. est\u00e3o os de lealdade &#8211; em rela\u00e7\u00e3o \u00e0 empresa e seus acionistas &#8211; e de dilig\u00eancia, pelo qual o administrador da companhia deve atuar com o mesmo cuidado que empregaria em seus pr\u00f3prios neg\u00f3cios.<\/p>\n\n\n\n<p>Ao comunicar a abertura de inqu\u00e9rito, em 2019, a CVM destacou que a apura\u00e7\u00e3o n\u00e3o inclu\u00eda a atua\u00e7\u00e3o sobre quest\u00f5es relativas \u00e0 legisla\u00e7\u00e3o ambiental. \u00c0 \u00e9poca, o \u00f3rg\u00e3o regulador n\u00e3o mencionava o nome de executivos.<\/p>\n\n\n\n<h2 class=\"wp-block-heading\">3 &#8211; <strong>Privatiza\u00e7\u00e3o de Porto de Santos deve ter mais rigidez regulat\u00f3ria, diz ministro<\/strong> <\/h2>\n\n\n\n<p>A <strong>privatiza\u00e7\u00e3o do Porto de Santos<\/strong> deve contar com mais rigidez regulat\u00f3ria e uma &#8220;maior trava&#8221; na participa\u00e7\u00e3o de operadores portu\u00e1rios na concess\u00e3o, em rela\u00e7\u00e3o a outras desestatiza\u00e7\u00f5es estudadas pelo governo. A informa\u00e7\u00e3o foi dada na segunda-feira (5) pelo ministro da Infraestrutura, Tarc\u00edsio de Freitas. <strong>O certame que envolve o maior complexo portu\u00e1rio da Am\u00e9rica Latina est\u00e1 previsto para acontecer no pr\u00f3ximo ano<\/strong>.<\/p>\n\n\n\n<p>Freitas destacou que esse arranjo \u00e9 diferente para cada desestatiza\u00e7\u00e3o portu\u00e1ria que o governo quer levar em frente, como da companhia docas do Esp\u00edrito Santo e do Porto de Itaja\u00ed, por exemplo.<\/p>\n\n\n\n<p>Apesar dos ajustes regulat\u00f3rios e de participa\u00e7\u00e3o serem espec\u00edficos para cada porto, Freitas lembrou que o modelo de desestatiza\u00e7\u00e3o, a grosso modo, deve seguir a cartilha da venda da companhia junto da concess\u00e3o da opera\u00e7\u00e3o portu\u00e1ria. O ministro ainda comentou que o perfil de players interessados nesses ativos \u00e9 variado. H\u00e1 possibilidade de os cons\u00f3rcios que forem disputar os leil\u00f5es serem compostos por operadores portu\u00e1rios e <strong>fundos de investimento<\/strong> &#8211; que t\u00eam mostrado &#8220;interesse enorme&#8221; nessas privatiza\u00e7\u00f5es, disse o ministro.<\/p>\n\n\n\n<h2 class=\"wp-block-heading\">4 &#8211; Recupera\u00e7\u00e3o do setor de servi\u00e7os da China acelera em mar\u00e7o, mostra PMI do Caixin<\/h2>\n\n\n\n<p>A recupera\u00e7\u00e3o do <strong>setor de servi\u00e7os da China<\/strong> ganhou velocidade em mar\u00e7o uma vez que as empresas contrataram mais trabalhadores e o otimismo aumentou, embora press\u00f5es inflacion\u00e1rias tenham permanecido, mostrou nesta ter\u00e7a-feira (6) pesquisa do setor privado.<\/p>\n\n\n\n<p>O <strong>\u00cdndice de Gerentes de Compras<\/strong> (<strong>PMI<\/strong>, na sigla em ingl\u00eas) de servi\u00e7os do Caixin\/Markit subiu a 54,3, n\u00edvel mais alto desde dezembro, de 51,5 em fevereiro, bem acima da marca de 50 que separa crescimento de contra\u00e7\u00e3o.<\/p>\n\n\n\n<p>As empresas informaram o mais forte aumento na atividade e nas vendas totais em tr\u00eas meses. As novas encomendas para exporta\u00e7\u00e3o continuaram a contrair, mas a um ritmo mais lento.<\/p>\n\n\n\n<h2 class=\"wp-block-heading\">5 &#8211; <strong>Brasil supera 13 milh\u00f5es de casos de covid-19; mortes chegam a 332.752<\/strong><\/h2>\n\n\n\n<p>O Brasil se tornou na segunda-feira (5) o segundo pa\u00eds, ap\u00f3s os Estados Unidos, a superar a marca de 13 milh\u00f5es de <strong>infectados pelo coronav\u00edrus<\/strong>, com o registro de 28.645 novos casos levando o total de infec\u00e7\u00f5es confirmadas no pa\u00eds a 13.013.601, de acordo com o Minist\u00e9rio da Sa\u00fade.<\/p>\n\n\n\n<p>Tamb\u00e9m foram contabilizados 1.319 novos \u00f3bitos em decorr\u00eancia da <strong><a class=\"rank-math-link\" href=\"https:\/\/investnews.com.br\/?s=covid-19\">covid<\/a><a href=\"https:\/\/investnews.com.br\/tag\/covid-19\/\">&#8211;<\/a><a class=\"rank-math-link\" href=\"https:\/\/investnews.com.br\/?s=covid-19\">19<\/a><\/strong>, com o total de v\u00edtimas fatais da doen\u00e7a no pa\u00eds avan\u00e7ando para 332.752 &#8211; tamb\u00e9m abaixo apenas dos EUA -, acrescentou a pasta.<\/p>\n\n\n\n<p>As cifras ficam aqu\u00e9m das que t\u00eam sido reportadas recentemente por causa do represamento de testes aos finais de semana, fator que costuma acarretar uma redu\u00e7\u00e3o das contagens de casos e mortes aos domingos e segundas-feiras. Nesta semana, em espec\u00edfico, os dados tamb\u00e9m tendem a ser impactados pelo feriado de Sexta-feira Santa.<\/p>\n\n\n\n<p>O governo tamb\u00e9m reporta 11.436.189 pessoas recuperadas da covid-19 e 1.244.660 pacientes em acompanhamento.<\/p>\n\n\n\n<p><em>(*Com informa\u00e7\u00f5es da Reuters e Estad\u00e3o Conte\u00fado)<\/em><\/p>\n","protected":false},"excerpt":{"rendered":"<p>O acordo foi acertado levando em considera\u00e7\u00e3o um valor total para a Biocor de R$ 750 milh\u00f5es.<\/p>\n","protected":false},"author":7,"featured_media":239832,"comment_status":"closed","ping_status":"open","sticky":false,"template":"","format":"standard","meta":{"_acf_changed":false,"inline_featured_image":false,"footnotes":""},"categories":[5],"tags":[244,404,41,208,2170],"autor-wsj":[],"coauthors":[1494],"class_list":["post-239827","post","type-post","status-publish","format-standard","has-post-thumbnail","hentry","category-economia","tag-china","tag-coronavirus","tag-cvm","tag-vale","tag-rede-dor"],"acf":[],"amp_enabled":true,"_links":{"self":[{"href":"https:\/\/investnews.com.br\/inv-api\/wp\/v2\/posts\/239827","targetHints":{"allow":["GET"]}}],"collection":[{"href":"https:\/\/investnews.com.br\/inv-api\/wp\/v2\/posts"}],"about":[{"href":"https:\/\/investnews.com.br\/inv-api\/wp\/v2\/types\/post"}],"author":[{"embeddable":true,"href":"https:\/\/investnews.com.br\/inv-api\/wp\/v2\/users\/7"}],"replies":[{"embeddable":true,"href":"https:\/\/investnews.com.br\/inv-api\/wp\/v2\/comments?post=239827"}],"version-history":[{"count":18,"href":"https:\/\/investnews.com.br\/inv-api\/wp\/v2\/posts\/239827\/revisions"}],"predecessor-version":[{"id":686741,"href":"https:\/\/investnews.com.br\/inv-api\/wp\/v2\/posts\/239827\/revisions\/686741"}],"wp:featuredmedia":[{"embeddable":true,"href":"https:\/\/investnews.com.br\/inv-api\/wp\/v2\/media\/239832"}],"wp:attachment":[{"href":"https:\/\/investnews.com.br\/inv-api\/wp\/v2\/media?parent=239827"}],"wp:term":[{"taxonomy":"category","embeddable":true,"href":"https:\/\/investnews.com.br\/inv-api\/wp\/v2\/categories?post=239827"},{"taxonomy":"post_tag","embeddable":true,"href":"https:\/\/investnews.com.br\/inv-api\/wp\/v2\/tags?post=239827"},{"taxonomy":"autor-wsj","embeddable":true,"href":"https:\/\/investnews.com.br\/inv-api\/wp\/v2\/autor-wsj?post=239827"},{"taxonomy":"author","embeddable":true,"href":"https:\/\/investnews.com.br\/inv-api\/wp\/v2\/coauthors?post=239827"}],"curies":[{"name":"wp","href":"https:\/\/api.w.org\/{rel}","templated":true}]}}