{"id":241014,"date":"2021-04-12T10:01:02","date_gmt":"2021-04-12T13:01:02","guid":{"rendered":"https:\/\/investnews.com.br\/?p=241014"},"modified":"2021-04-12T12:10:45","modified_gmt":"2021-04-12T15:10:45","slug":"oi-aceita-proposta-vinculante-do-btg-pela-infraco","status":"publish","type":"post","link":"https:\/\/investnews.com.br\/financas\/oi-aceita-proposta-vinculante-do-btg-pela-infraco\/","title":{"rendered":"Oi aceita proposta vinculante do BTG pela InfraCo"},"content":{"rendered":"\n<p>A Oi (<a href=\"https:\/\/investnews.com.br\/cotacao\/oibr3-oibr4-oi\/\" class=\"rank-math-link\">OIBR3<\/a>) comunicou nesta segunda-feira que aceitou a proposta vinculante revisada apresentada pelo Grupo BTG para a <strong>aquisi\u00e7\u00e3o parcial <\/strong>da InfraCo, divis\u00e3o especializada em fibra \u00f3ptica da operadora de telecomunica\u00e7\u00f5es em <strong><a href=\"https:\/\/investnews.com.br\/guias\/recuperacao-judicial\/\">recupera\u00e7\u00e3o judicial<\/a>.<\/strong><\/p>\n\n\n\n<p>A proposta vinculante prev\u00ea em 31 de dezembro desta ano o valor de firma (EV) da InfraCo de R$ 20,02 bilh\u00f5es, considerando uma d\u00edvida l\u00edquida de R$ 4,107 bilh\u00f5es, integralmente devida \u00e0 Oi e a ser repaga em at\u00e9 90 dias do fechamento da opera\u00e7\u00e3o.<\/p>\n\n\n\n<p>O valor da opera\u00e7\u00e3o totaliza R$ 12,923 bilh\u00f5es, o qual, segundo a Oi, estar\u00e1 sujeito a mecanismos de ajuste com base em determinadas m\u00e9tricas de desempenho da InfraCo.<\/p>\n\n\n\n<p>A proposta vinculante &#8211; assinada pela Oi com Globenet Cabos Submarinos S.A., BTG Pactual Economia Real <a href=\"https:\/\/investnews.com.br\/guias\/fundos-de-investimento\/\">Fundo de Investimento<\/a> em Participa\u00e7\u00f5es Multiestrat\u00e9gia e outros fundos de investimento do Grupo BTG &#8211; contempla ainda a celebra\u00e7\u00e3o entre a InfraCo e a Oi e\/ou suas afiliadas de contratos de provimento de capacidade e outros contratos operacionais, bem como de acordo de acionistas da InfraCo, entre os proponentes e a Oi.<\/p>\n\n\n\n<p>Os proponentes ter\u00e3o direito de, a seu exclusivo crit\u00e9rio, cobrir a oferta de maior valor que seja eventualmente apresentada no referido processo competitivo de aliena\u00e7\u00e3o parcial da InfraCo (&#8216;right to top&#8217;).<\/p>\n","protected":false},"excerpt":{"rendered":"<p>O valor da opera\u00e7\u00e3o totaliza R$ 12,923 bilh\u00f5es<\/p>\n","protected":false},"author":7,"featured_media":0,"comment_status":"closed","ping_status":"open","sticky":false,"template":"","format":"standard","meta":{"_acf_changed":false,"inline_featured_image":false,"footnotes":""},"categories":[4],"tags":[158,428,772],"autor-wsj":[],"coauthors":[1494],"class_list":["post-241014","post","type-post","status-publish","format-standard","hentry","category-financas","tag-btg-pactual","tag-oi","tag-recuperacao-judicial"],"acf":[],"amp_enabled":true,"_links":{"self":[{"href":"https:\/\/investnews.com.br\/inv-api\/wp\/v2\/posts\/241014","targetHints":{"allow":["GET"]}}],"collection":[{"href":"https:\/\/investnews.com.br\/inv-api\/wp\/v2\/posts"}],"about":[{"href":"https:\/\/investnews.com.br\/inv-api\/wp\/v2\/types\/post"}],"author":[{"embeddable":true,"href":"https:\/\/investnews.com.br\/inv-api\/wp\/v2\/users\/7"}],"replies":[{"embeddable":true,"href":"https:\/\/investnews.com.br\/inv-api\/wp\/v2\/comments?post=241014"}],"version-history":[{"count":3,"href":"https:\/\/investnews.com.br\/inv-api\/wp\/v2\/posts\/241014\/revisions"}],"predecessor-version":[{"id":241023,"href":"https:\/\/investnews.com.br\/inv-api\/wp\/v2\/posts\/241014\/revisions\/241023"}],"wp:attachment":[{"href":"https:\/\/investnews.com.br\/inv-api\/wp\/v2\/media?parent=241014"}],"wp:term":[{"taxonomy":"category","embeddable":true,"href":"https:\/\/investnews.com.br\/inv-api\/wp\/v2\/categories?post=241014"},{"taxonomy":"post_tag","embeddable":true,"href":"https:\/\/investnews.com.br\/inv-api\/wp\/v2\/tags?post=241014"},{"taxonomy":"autor-wsj","embeddable":true,"href":"https:\/\/investnews.com.br\/inv-api\/wp\/v2\/autor-wsj?post=241014"},{"taxonomy":"author","embeddable":true,"href":"https:\/\/investnews.com.br\/inv-api\/wp\/v2\/coauthors?post=241014"}],"curies":[{"name":"wp","href":"https:\/\/api.w.org\/{rel}","templated":true}]}}