{"id":24111,"date":"2020-11-10T08:56:01","date_gmt":"2020-11-10T11:56:01","guid":{"rendered":"https:\/\/investnews.com.br\/?p=24111"},"modified":"2024-06-26T12:17:01","modified_gmt":"2024-06-26T15:17:01","slug":"5-fatos-para-hoje-anvisa-suspende-coronavac-magalu-registra-lucro-124-menor","status":"publish","type":"post","link":"https:\/\/investnews.com.br\/economia\/5-fatos-para-hoje-anvisa-suspende-coronavac-magalu-registra-lucro-124-menor\/","title":{"rendered":"5 fatos para hoje: Anvisa suspende Coronavac; Embraer amplia perdas"},"content":{"rendered":"\n<h2 class=\"wp-block-heading\">1 &#8211; Anvisa interrompe estudos da Coronavac ap\u00f3s &#8220;evento adverso grave&#8221;<\/h2>\n\n\n\n<p>A <strong>Ag\u00eancia Nacional de Vigil\u00e2ncia Sanit\u00e1ria (Anvisa)<\/strong> informou, em nota, que <strong>suspendeu os estudos cl\u00ednicos da vacina Coronavac<\/strong>, uma das que est\u00e3o em estudo contra o novo coronav\u00edrus. A suspens\u00e3o ocorreu por causa de um <strong>\u201cevento adverso grave\u201d<\/strong> ocorrido. A Anvisa n\u00e3o informou qual evento seria. Pode ser desde a interna\u00e7\u00e3o de um volunt\u00e1rio at\u00e9 a sua morte.<\/p>\n\n\n\n<p><strong>FLASH: <a href=\"https:\/\/investnews.com.br\/flash\/vacina-contra-covid-pode-atrasar-por-embate-politico-carro-voador-da-embraerx\/\" class=\"rank-math-link\">Vacina contra covid pode atrasar por embate pol\u00edtico<\/a><\/strong><\/p>\n\n\n\n<p>De acordo com a ag\u00eancia, esse evento adverso ocorreu em 29 de outubro. Agora, a ag\u00eancia reguladora vai analisar os dados observados at\u00e9 o momento e julgar sobre o risco\/benef\u00edcio da continuidade do estudo.<\/p>\n\n\n\n<p>\u201cCom a interrup\u00e7\u00e3o do estudo, <strong>nenhum novo volunt\u00e1rio poder\u00e1 ser vacinado<\/strong>. A Anvisa reitera que, segundo regulamentos nacionais e internacionais de Boas Pr\u00e1ticas Cl\u00ednicas, os <strong>dados sobre volunt\u00e1rios de pesquisas cl\u00ednicas devem ser mantidos em sigilo<\/strong>, em conformidade com princ\u00edpios de confidencialidade, dignidade humana e prote\u00e7\u00e3o dos participantes\u201d, acrescentou a ag\u00eancia, em nota.<\/p>\n\n\n\n<h2 class=\"wp-block-heading\">2 &#8211; Magazine Luiza tem lucro l\u00edquido de R$ 206 milh\u00f5es no trimestre, queda de 12,4%<\/h2>\n\n\n\n<p>O <strong>Magazine Luiza (<a href=\"https:\/\/investnews.com.br\/cotacao\/mglu3-magazine-luiza\/\" class=\"rank-math-link\">MGLU3<\/a>) registrou <a href=\"https:\/\/investnews.com.br\/guias\/lucro-liquido\/\">lucro l\u00edquido<\/a> de R$ 206 milh\u00f5es no terceiro trimestre de 2020<\/strong>, queda de 12,4% em rela\u00e7\u00e3o ao mesmo per\u00edodo de 2019. No crit\u00e9rio ajustado, a varejista teve ganhos de R$ 216 milh\u00f5es, avan\u00e7o de 69,6% em rela\u00e7\u00e3o ao apresentado um ano atr\u00e1s. O ajuste desconsidera o cr\u00e9dito fiscal reconhecido no terceiro trimestre de 2019 e outros dados n\u00e3o recorrentes.<\/p>\n\n\n\n<p>O <strong>Ebitda<\/strong> (lucro antes de juros, impostos, deprecia\u00e7\u00e3o e amortiza\u00e7\u00e3o) somou R$ 546,1 milh\u00f5es entre julho e setembro, uma alta de 9% na compara\u00e7\u00e3o anual. No crit\u00e9rio ajustado, o indicador ficou em R$ 561,2 milh\u00f5es, alta de 41,2%. Enquanto isso, em raz\u00e3o da <strong>maior penetra\u00e7\u00e3o do<a class=\"rank-math-link\" href=\"https:\/\/investnews.com.br\/negocios\/prime-day-tem-vendas-acima-da-black-friday-de-2019-afirma-amazon\/\"> e-commerce<\/a><\/strong>, a empresa diminuiu sua margem bruta ajustada de 30,6% para 26,2%. A queda, segundo escreve a companhia na divulga\u00e7\u00e3o de resultados, tem a ver com a maior participa\u00e7\u00e3o das vendas online no total.<\/p>\n\n\n\n<p>As <strong>vendas totais<\/strong> da companhia, atingiram R$ 12,3 bilh\u00f5es no terceiro trimestre, alta de 81,2% em rela\u00e7\u00e3o ao registrado um ano atr\u00e1s. E o <strong>e-commerce representou 66,3% das vendas<\/strong> do trimestre, ante 48,3% um ano atr\u00e1s.<\/p>\n\n\n\n<h2 class=\"wp-block-heading\">3 &#8211; Embraer tem preju\u00edzo l\u00edquido ao acionista de R$ 649 milh\u00f5es no 3\u00ba trimestre<\/h2>\n\n\n\n<p>A fabricante brasileira de avi\u00f5es <strong>Embraer (<a href=\"https:\/\/investnews.com.br\/cotacao\/embr3-embraer\/\" class=\"rank-math-link\">EMBR3<\/a>)<\/strong> registrou um <strong>preju\u00edzo l\u00edquido atribu\u00eddo ao acionista controlador de R$ 649 milh\u00f5es (R$ 0,88 por a\u00e7\u00e3o) no terceiro trimestre de 2020<\/strong>, uma amplia\u00e7\u00e3o das perdas se comparado ao resultado tamb\u00e9m negativo em R$ 314,4 milh\u00f5es registrados no terceiro trimestre de 2019. De forma geral, a empresa foi novamente prejudicada pela <strong>pandemia da covid-19<\/strong>, assim como pelo <strong>cancelamento do <a class=\"rank-math-link\" href=\"https:\/\/investnews.com.br\/negocios\/levar-vacina-a-78-bi-de-pessoas-no-mundo-demandara-8-mil-cargueiros-boeing-747\/\">neg\u00f3cio com a Boeing<\/a><\/strong> envolvendo o bra\u00e7o comercial do grupo brasileiro &#8211; que levou a uma queda significativa na produ\u00e7\u00e3o de aeronaves.<\/p>\n\n\n\n<p>O <strong>Ebitda<\/strong> ajustado da empresa fechou negativo em R$ 40,7 milh\u00f5es contra um resultado positivo de R$ 75 milh\u00f5es um ano antes. A margem Ebitda ajustada ficou negativa em 1% contra um resultado positivo de 1,6% um ano antes.<\/p>\n\n\n\n<p>A <strong><a href=\"https:\/\/investnews.com.br\/guias\/receita-liquida-o-que-e\/\">Receita l\u00edquida<\/a><\/strong> teve queda de 13% no trimestre na compara\u00e7\u00e3o anual e ficou em R$ 4,09 bilh\u00f5es, principalmente em fun\u00e7\u00e3o das quedas nas entregas da Avia\u00e7\u00e3o Executiva e especialmente da Avia\u00e7\u00e3o Comercial. &#8220;Essa queda foi parcialmente compensada pelo <strong>aumento de 106% (na compara\u00e7\u00e3o entre o terceiro trimestre de 2020 e terceiro trimestre de 2019) das receitas de Defesa &amp; Seguran\u00e7a<\/strong> no trimestre, que foram impactadas no primeiro semestre do ano j\u00e1 que, algumas entregas foram postergadas em fun\u00e7\u00e3o das restri\u00e7\u00f5es de viagens impostas pela covid-19 como o <strong>fechamento de fronteiras<\/strong> de alguns pa\u00edses clientes&#8221;, explicou a fabricante.<\/p>\n\n\n\n<h2 class=\"wp-block-heading\">4 &#8211; BTG Pactual tem lucro l\u00edquido de R$ 1 bilh\u00e3o no 3\u00ba trimestre, est\u00e1vel ante 1 ano<\/h2>\n\n\n\n<p>O <strong>BTG Pactual (<a href=\"https:\/\/investnews.com.br\/cotacao\/bpac3-btg-pactual\/\" class=\"rank-math-link\">BPAC3<\/a>) registrou lucro l\u00edquido de R$ 1,002 bilh\u00e3o<\/strong> no intervalo de julho a setembro deste ano, est\u00e1vel em rela\u00e7\u00e3o ao observado um ano antes, quando atingiu R$ 1,003 bilh\u00e3o. Ante o segundo trimestre do ano o lucro cresceu 2,5%. Pelo crit\u00e9rio ajustado, o lucro foi a R$ 1,016 bilh\u00e3o, recuo de 5% na base anual, por\u00e9m um aumento de 3% em compara\u00e7\u00e3o com o observado ente abril e junho deste ano.<\/p>\n\n\n\n<p>&#8220;Estamos muito orgulhosos com o resultado apresentado em todas as linhas de neg\u00f3cio, principalmente nas franquias de cliente, com <strong>recorde de capta\u00e7\u00f5es e chegando a mais de R$ 550 bilh\u00f5es em ativos sob gest\u00e3o e cust\u00f3dia<\/strong>. Al\u00e9m disso, em linha com nossa estrat\u00e9gia de manter a robustez do nosso balan\u00e7o, obtivemos os melhores \u00edndices de capitaliza\u00e7\u00e3o e liquidez da ind\u00fastria. Continuamos a cumprir o nosso papel de <strong>apoiar a economia com a concess\u00e3o de cr\u00e9dito<\/strong> para clientes atuando em diversos setores de atividade, mantendo a alta qualidade do nosso portf\u00f3lio&#8221;, afirmou, em nota enviada \u00e0 imprensa, o presidente do banco, <strong>Roberto Sallouti<\/strong>.<\/p>\n\n\n\n<h2 class=\"wp-block-heading\">5 &#8211; Linx tem lucro l\u00edquido de R$ 3 milh\u00f5es no 3\u00ba trimestre, queda de 84,5% em um ano<\/h2>\n\n\n\n<p>A <strong>Linx (<a href=\"https:\/\/investnews.com.br\/cotacao\/\" class=\"rank-math-link\">LINX3<\/a>) registrou lucro l\u00edquido de R$ 3 milh\u00f5es no terceiro trimestre de 2020<\/strong>, queda de 84,5% em rela\u00e7\u00e3o ao mesmo per\u00edodo de 2019 e retra\u00e7\u00e3o de 74,8% na compara\u00e7\u00e3o com o segundo trimestre. De acordo com a empresa, a piora reflete o impacto negativo no resultado financeiro com a <strong>redu\u00e7\u00e3o gradual do <a href=\"https:\/\/investnews.com.br\/guias\/o-que-e-cdi\/\">CDI<\/a><\/strong> no per\u00edodo e aumento no <strong>custo da d\u00edvida da companhia<\/strong>, al\u00e9m de maiores custos de publicidade e implementa\u00e7\u00e3o, efeitos das aquisi\u00e7\u00f5es de empresas e consolida\u00e7\u00e3o das respectivas estruturas de custos e revers\u00e3o l\u00edquida de&nbsp;<em>earn-outs<\/em>&nbsp;nos per\u00edodos.<\/p>\n\n\n\n<p>J\u00e1 o <strong>Ebitda<\/strong> (lucros antes de juros, impostos, deprecia\u00e7\u00e3o e amortiza\u00e7\u00e3o) totalizou R$ 44,635 milh\u00f5es no terceiro trimestre, alta de 11,3% em rela\u00e7\u00e3o a igual \u00e9poca do 2019. Na compara\u00e7\u00e3o com o segundo trimestre, por\u00e9m, houve queda de 9,8%. O <strong>Ebitda ajustado<\/strong> atingiu R$ 57,4 milh\u00f5es entre julho e setembro, acr\u00e9scimo de 21,7% na compara\u00e7\u00e3o anual e queda de 4,7% em rela\u00e7\u00e3o ao segundo trimestre. A <strong>receita recorrente<\/strong> atingiu R$ 215,5 milh\u00f5es no terceiro trimestre, representando 85% da <strong>receita operacional bruta<\/strong>, acelera\u00e7\u00e3o de 18,5% em um ano e avan\u00e7o de 3,7% ante o segundo trimestre.<\/p>\n\n\n\n<p>&#8220;Destaca-se a contribui\u00e7\u00e3o da receita recorrente no trimestre como consequ\u00eancia da <strong>acelera\u00e7\u00e3o do processo de transforma\u00e7\u00e3o digital dos varejistas<\/strong>. Adicionalmente, as evolu\u00e7\u00f5es s\u00e3o explicadas por iniciativas vinculadas ao <strong>quadro de funcion\u00e1rios e seus benef\u00edcios<\/strong>, posterga\u00e7\u00e3o ou cancelamento de conven\u00e7\u00f5es e eventos e redu\u00e7\u00e3o de despesas com viagem e hospedagem&#8221;, explicou a empresa em seu relat\u00f3rio trimestral.<\/p>\n\n\n\n<p><em>*Com Estad\u00e3o Conte\u00fado e Ag\u00eancia Brasil<\/em><\/p>\n","protected":false},"excerpt":{"rendered":"<p>Anvisa alega que a suspens\u00e3o ocorreu por causa de um &#8220;evento adverso grave&#8221;.<\/p>\n","protected":false},"author":17,"featured_media":22312,"comment_status":"closed","ping_status":"open","sticky":false,"template":"","format":"standard","meta":{"_acf_changed":false,"inline_featured_image":false,"footnotes":""},"categories":[5],"tags":[869,245,177,1848,190],"autor-wsj":[],"coauthors":[1498],"class_list":["post-24111","post","type-post","status-publish","format-standard","has-post-thumbnail","hentry","category-economia","tag-e-commerce","tag-boeing","tag-embraer","tag-linx","tag-magazine-luiza"],"acf":[],"amp_enabled":true,"_links":{"self":[{"href":"https:\/\/investnews.com.br\/inv-api\/wp\/v2\/posts\/24111","targetHints":{"allow":["GET"]}}],"collection":[{"href":"https:\/\/investnews.com.br\/inv-api\/wp\/v2\/posts"}],"about":[{"href":"https:\/\/investnews.com.br\/inv-api\/wp\/v2\/types\/post"}],"author":[{"embeddable":true,"href":"https:\/\/investnews.com.br\/inv-api\/wp\/v2\/users\/17"}],"replies":[{"embeddable":true,"href":"https:\/\/investnews.com.br\/inv-api\/wp\/v2\/comments?post=24111"}],"version-history":[{"count":3,"href":"https:\/\/investnews.com.br\/inv-api\/wp\/v2\/posts\/24111\/revisions"}],"predecessor-version":[{"id":24141,"href":"https:\/\/investnews.com.br\/inv-api\/wp\/v2\/posts\/24111\/revisions\/24141"}],"wp:featuredmedia":[{"embeddable":true,"href":"https:\/\/investnews.com.br\/inv-api\/wp\/v2\/media\/22312"}],"wp:attachment":[{"href":"https:\/\/investnews.com.br\/inv-api\/wp\/v2\/media?parent=24111"}],"wp:term":[{"taxonomy":"category","embeddable":true,"href":"https:\/\/investnews.com.br\/inv-api\/wp\/v2\/categories?post=24111"},{"taxonomy":"post_tag","embeddable":true,"href":"https:\/\/investnews.com.br\/inv-api\/wp\/v2\/tags?post=24111"},{"taxonomy":"autor-wsj","embeddable":true,"href":"https:\/\/investnews.com.br\/inv-api\/wp\/v2\/autor-wsj?post=24111"},{"taxonomy":"author","embeddable":true,"href":"https:\/\/investnews.com.br\/inv-api\/wp\/v2\/coauthors?post=24111"}],"curies":[{"name":"wp","href":"https:\/\/api.w.org\/{rel}","templated":true}]}}