{"id":241296,"date":"2021-04-13T11:13:58","date_gmt":"2021-04-13T14:13:58","guid":{"rendered":"https:\/\/investnews.com.br\/?p=241296"},"modified":"2024-06-26T12:10:56","modified_gmt":"2024-06-26T15:10:56","slug":"ibovespa-passa-os-119-mil-pontos-dolar-opera-em-queda","status":"publish","type":"post","link":"https:\/\/investnews.com.br\/economia\/ibovespa-passa-os-119-mil-pontos-dolar-opera-em-queda\/","title":{"rendered":"Ibovespa fecha nos 119 mil pontos; d\u00f3lar termina o dia quase est\u00e1vel"},"content":{"rendered":"\n<p>O Ibovespa, principal \u00edndice da B3, mudou de dire\u00e7\u00e3o e fechou em alta nesta ter\u00e7a-feira (13), enquanto o d\u00f3lar terminou o dia em leve queda, em mais um dia vol\u00e1til para os mercados brasileiros. Operadores t\u00eam repetido que, com tantos riscos em volta, o<strong> mercado tem evitado elevar posi\u00e7\u00f5es, o que reduz a liquidez e deixa os neg\u00f3cios mais suscet\u00edveis a vaiv\u00e9m.<\/strong>  <\/p>\n\n\n\n<p>O Ibovespa subiu 0,41%, aos 119.297 pontos. J\u00e1 o d\u00f3lar recuou 0,08%, a R$ 5,7161. <a href=\"https:\/\/investnews.com.br\/cotacao\/\" class=\"rank-math-link\">Veja mais cota\u00e7\u00f5es.<\/a><\/p>\n\n\n\n<p>Investidores seguem movidos por receios sobre o Or\u00e7amento de 2021, com o dia marcado ainda por n\u00fameros fortes para a infla\u00e7\u00e3o norte-americana.&nbsp; <\/p>\n\n\n\n<p>O Or\u00e7amento deste ano foi aprovado pelo Congresso com uma subestimativa de despesas obrigat\u00f3rias, como previdenci\u00e1rias e aux\u00edlio-doen\u00e7a, e um incremento dos gastos previstos em emendas parlamentares.<\/p>\n\n\n\n<p>Tamb\u00e9m no radar est\u00e1 a determina\u00e7\u00e3o do Supremo Tribunal Federal (STF) para que o Congresso instaure uma <strong>Comiss\u00e3o Parlamentar de Inqu\u00e9rito (CPI) da covid-19.<\/strong><\/p>\n\n\n\n<p>Do notici\u00e1rio desta ter\u00e7a, o Instituto Brasileiro de Geografia e Estat\u00edstica (IBGE)&nbsp;divulgou o resultado do varejo em fevereiro. As vendas<a href=\"https:\/\/investnews.com.br\/economia\/vendas-no-varejo-do-brasil-voltam-a-crescer-em-fevereiro-mas-pandemia-pesa\/\" class=\"rank-math-link\"> voltaram a subir em fevereiro,<\/a> ap\u00f3s dois meses de perdas e impulsionadas pelo retorno \u00e0s aulas, mas passam a enfrentar agora a piora da pandemia de Covid-19 e restri\u00e7\u00f5es cada vez mais rigorosas. <\/p>\n\n\n\n<h2 class=\"wp-block-heading\">Cen\u00e1rio externo<\/h2>\n\n\n\n<p>No exterior, os pre\u00e7os ao consumidor nos Estados Unidos tiveram a maior alta em mais de oito anos e meio em mar\u00e7o, de 0,6%, enquanto o n\u00facleo da infla\u00e7\u00e3o acelerou para 0,3%, superando as expectativas em ambos os casos.<\/p>\n\n\n\n<p>O estrategista-chefe do banco digital modalmais, Felipe Sichel, ponderou que o Federal Reserve (Fed), o banco central dos EUA, deixou clara sua posi\u00e7\u00e3o em rela\u00e7\u00e3o a desconsiderar o aumento da infla\u00e7\u00e3o ao longo deste trimestre na medida em que a economia recupera.<\/p>\n\n\n\n<h2 class=\"wp-block-heading\">De olho no c\u00e2mbio<\/h2>\n\n\n\n<p>Mas, apesar da influ\u00eancia do movimento externo para a queda do d\u00f3lar sobre o real nesta tarde, <strong>analistas reiteram que a deteriora\u00e7\u00e3o do cen\u00e1rio fiscal dom\u00e9stico \u00e9 o principal fator a manter o real depreciado.<\/strong><\/p>\n\n\n\n<p>O real teve o pior desempenho global na segunda-feira, quando o d\u00f3lar fechou em alta ap\u00f3s not\u00edcias de que Paulo Guedes e o minist\u00e9rio da Economia, em meio a press\u00f5es do Congresso sobre o Or\u00e7amento, <strong>estariam estudando a cria\u00e7\u00e3o de uma PEC que abrigue gastos extraordin\u00e1rios,<\/strong> como medidas de apoio a emprego e recursos da Sa\u00fade, deixando essas despesas fora do teto de gastos.<\/p>\n\n\n\n<p>Gustavo Arruda, chefe de pesquisa para Am\u00e9rica Latina do BNP Paribas, disse nesta ter\u00e7a que  a&nbsp;taxa de c\u00e2mbio continuar\u00e1 vulner\u00e1vel a choques no curto prazo, em meio a um ambiente de preocupa\u00e7\u00e3o fiscal e de ru\u00eddos pol\u00edticos.<\/p>\n\n\n\n<p>&#8220;O c\u00e2mbio fica muito ruim, muito suscet\u00edvel a choques e a ru\u00eddos no curto prazo. Mas, \u00e0 medida que vai entrando a recupera\u00e7\u00e3o, outro est\u00e1gio da economia, a moeda (o real) tende a performar melhor, a voltar um pouco mais para pr\u00f3ximo de onde a gente acredita em termos de fundamento&#8221;, afirmou. <\/p>\n\n\n\n<h2 class=\"wp-block-heading\">Destaques da bolsa<\/h2>\n\n\n\n<p>GPA (<a rel=\"noreferrer noopener\" href=\"https:\/\/investnews.com.br\/cotacao\/pcar3-grupo-pao-de-acucar\/\" target=\"_blank\">PCAR3<\/a>) subiu 5,7%, em mais uma sess\u00e3o de forte valoriza\u00e7\u00e3o, ap\u00f3s anunciar na noite da v\u00e9spera que o seu controlador Casino deu in\u00edcio a processo para potencial aumento de capital da Cdiscount, subsidi\u00e1ria direta da Cnova, na qual o GPA det\u00e9m 34,17% de participa\u00e7\u00e3o. A opera\u00e7\u00e3o pode tamb\u00e9m incluir uma oferta secund\u00e1ria de a\u00e7\u00f5es detidas pelo grupo Casino e suas subsidi\u00e1rias, entre elas o GPA. Na segunda-feira, antes da divulga\u00e7\u00e3o, os pap\u00e9is subiram 9,79%. <\/p>\n\n\n\n<p>LOJAS AMERICANAS (<a href=\"https:\/\/investnews.com.br\/cotacao\/lame3-lame4-lojas-americanas\/\" class=\"rank-math-link\">LAME4<\/a>) disparou 9,31%, com sua controlada B2W (<a href=\"https:\/\/investnews.com.br\/cotacao\/btow3-b2w-digital\/\" class=\"rank-math-link\">BTOW3<\/a>) saltando 8,97%, ambas com volume expressivo. Investidores aguardam a conclus\u00e3o do estudo referente a uma potencial combina\u00e7\u00e3o de neg\u00f3cios entre as companhias anunciada em fevereiro, que analistas avaliam que deve destravar valor. At\u00e9 a v\u00e9spera, Lojas Americanas acumulava queda de 15,3% no ano e B2W recuava 16,3%. <\/p>\n\n\n\n<p>J\u00e1 a Eneva (<a href=\"https:\/\/investnews.com.br\/tag\/enev3\/\" class=\"rank-math-link\">ENEV3<\/a>) despencou 7,09%, ap\u00f3s avan\u00e7ar mais de 8% desde o come\u00e7o do m\u00eas, sendo que apenas na v\u00e9spera fechou em alta de 4,6%. O preg\u00e3o teve leil\u00e3o de venda dos pap\u00e9is da companhia de energia, representativos de 1,34% do capital, por integrante do conselho de administra\u00e7\u00e3o da empresa. De acordo com um fonte do mercado, esse integrante foi o BTG Pactual, que at\u00e9 ent\u00e3o possu\u00eda 22,89% da Eneva. <\/p>\n\n\n\n<p>BRADESCO PN (<a href=\"https:\/\/investnews.com.br\/cotacao\/bbdc3-bbdc4-bradesco\/\" class=\"rank-math-link\">BBDC4<\/a>) cedeu 0,86% e ITA\u00da UNIBANCO PN (<a href=\"https:\/\/investnews.com.br\/cotacao\/itub3-itub4-itau-unibanco\/\" class=\"rank-math-link\">ITUB4<\/a>) perdeu 0,04%, corrigindo valoriza\u00e7\u00e3o relevante na v\u00e9spera, dado o cen\u00e1rio fiscal ainda preocupante e a fraca retomada da economia brasileira, al\u00e9m de receios permanentes de aumento na tributa\u00e7\u00e3o no setor ou com efeito nos bancos. No ano, esses pap\u00e9is recuam 5,67% e 12,74%, respectivamente <\/p>\n\n\n\n<figure class=\"wp-block-embed-youtube wp-block-embed is-type-video is-provider-youtube wp-embed-aspect-16-9 wp-has-aspect-ratio\"><div class=\"wp-block-embed__wrapper\">\n<iframe loading=\"lazy\" title=\"IPO de Mater Dei e Viveo: o que esperar? E mais: PCAR3 dispara\" width=\"500\" height=\"281\" src=\"https:\/\/www.youtube.com\/embed\/IWnExsbX_pc?start=104&#038;feature=oembed\" frameborder=\"0\" allow=\"accelerometer; autoplay; clipboard-write; encrypted-media; gyroscope; picture-in-picture; web-share\" referrerpolicy=\"strict-origin-when-cross-origin\" allowfullscreen><\/iframe>\n<\/div><\/figure>\n\n\n\n<h2 class=\"wp-block-heading\">Bolsas globais<\/h2>\n\n\n\n<p>O \u00edndice S&amp;P 500 fechou em outra m\u00e1xima recorde nesta ter\u00e7a-feira e o \u00edndice Nasdaq avan\u00e7ou conforme investidores afastavam preocupa\u00e7\u00f5es com a suspens\u00e3o da distribui\u00e7\u00e3o da vacina contra a Covid-19 da Johnson &amp; Johnson e a forte infla\u00e7\u00e3o dos EUA. <\/p>\n\n\n\n<ul class=\"wp-block-list\"><li>O Dow Jones caiu 0,2%, para 33.677,27 pontos<\/li><li>S&amp;P 500 ganhou 0,33%, para 4.141,59 pontos<\/li><li>Nasdaq valorizou-se 1,05%, para 13.996,10 pontos. <\/li><\/ul>\n\n\n\n<p>As a\u00e7\u00f5es europeias tiveram ligeira alta nesta ter\u00e7a-feira e permaneceram pr\u00f3ximas de recordes recentes, com rea\u00e7\u00e3o limitada do mercado a dados de infla\u00e7\u00e3o nos Estados Unidos.<\/p>\n\n\n\n<ul class=\"wp-block-list\"><li>Em LONDRES, o \u00edndice Financial Times avan\u00e7ou 0,02%, a 6.890,49 pontos.<\/li><li>Em FRANKFURT, o \u00edndice DAX subiu 0,13%, a 15.234,36 pontos.<\/li><li>Em PARIS, o \u00edndice CAC-40 ganhou 0,36%, a 6.184,10 pontos.<\/li><li>Em MIL\u00c3O, o \u00edndice Ftse\/Mib teve valoriza\u00e7\u00e3o de 0,59%, a 24.600,35 pontos.<\/li><li>Em MADRI, o \u00edndice Ibex-35 registrou baixa de 0,09%, a 8.525,10 pontos.<\/li><li>Em LISBOA, o \u00edndice PSI20 desvalorizou-se 0,20%, a 4.996,66 pontos.<\/li><\/ul>\n\n\n\n<p>O mercado acion\u00e1rio da China teve queda, ampliando as perdas para o terceiro dia diante da fraqueza nos setores financeiro e de consumo discricion\u00e1rio, com dados robustos de com\u00e9rcio ampliando as preocupa\u00e7\u00f5es dos investidores de que as autoridades podem come\u00e7ar a apertar a pol\u00edtica monet\u00e1ria. <\/p>\n\n\n\n<ul class=\"wp-block-list\"><li>Em T\u00d3QUIO, o \u00edndice Nikkei avan\u00e7ou 0,72%, a 29.751 pontos.<\/li><li>Em HONG KONG, o \u00edndice HANG SENG subiu 0,15%, a 28.497 pontos.<\/li><li>Em XANGAI, o \u00edndice SSEC perdeu 0,48%, a 3.396 pontos.<\/li><li>O \u00edndice CSI300, que re\u00fane as maiores companhias listadas em XANGAI e SHENZHEN, retrocedeu 0,16%, a 4.939 pontos.<\/li><li>Em SEUL, o \u00edndice KOSPI teve valoriza\u00e7\u00e3o de 1,07%, a 3.169 pontos.<\/li><li>Em TAIWAN, o \u00edndice TAIEX registrou baixa de 0,21%, a 16.824 pontos.<\/li><li>Em CINGAPURA, o \u00edndice STRAITS TIMES valorizou-se 0,44%, a 3.187 pontos.<\/li><li>Em SYDNEY o \u00edndice S&amp;P\/ASX 200 avan\u00e7ou 0,04%, a 6.976 pontos.<\/li><\/ul>\n\n\n\n<p><em>(*Com informa\u00e7\u00f5es da Reuters)<\/em><\/p>\n","protected":false},"excerpt":{"rendered":"<p>Receios sobre o cen\u00e1rio interno seguem reduzindo volume de negocia\u00e7\u00f5es.<\/p>\n","protected":false},"author":7,"featured_media":267683,"comment_status":"closed","ping_status":"open","sticky":false,"template":"","format":"standard","meta":{"_acf_changed":false,"inline_featured_image":false,"footnotes":""},"categories":[5],"tags":[226,26,236,376],"autor-wsj":[],"coauthors":[1494],"class_list":["post-241296","post","type-post","status-publish","format-standard","has-post-thumbnail","hentry","category-economia","tag-bolsa-de-valores","tag-dolar","tag-eua","tag-varejo"],"acf":[],"amp_enabled":true,"_links":{"self":[{"href":"https:\/\/investnews.com.br\/inv-api\/wp\/v2\/posts\/241296","targetHints":{"allow":["GET"]}}],"collection":[{"href":"https:\/\/investnews.com.br\/inv-api\/wp\/v2\/posts"}],"about":[{"href":"https:\/\/investnews.com.br\/inv-api\/wp\/v2\/types\/post"}],"author":[{"embeddable":true,"href":"https:\/\/investnews.com.br\/inv-api\/wp\/v2\/users\/7"}],"replies":[{"embeddable":true,"href":"https:\/\/investnews.com.br\/inv-api\/wp\/v2\/comments?post=241296"}],"version-history":[{"count":30,"href":"https:\/\/investnews.com.br\/inv-api\/wp\/v2\/posts\/241296\/revisions"}],"predecessor-version":[{"id":241516,"href":"https:\/\/investnews.com.br\/inv-api\/wp\/v2\/posts\/241296\/revisions\/241516"}],"wp:featuredmedia":[{"embeddable":true,"href":"https:\/\/investnews.com.br\/inv-api\/wp\/v2\/media\/267683"}],"wp:attachment":[{"href":"https:\/\/investnews.com.br\/inv-api\/wp\/v2\/media?parent=241296"}],"wp:term":[{"taxonomy":"category","embeddable":true,"href":"https:\/\/investnews.com.br\/inv-api\/wp\/v2\/categories?post=241296"},{"taxonomy":"post_tag","embeddable":true,"href":"https:\/\/investnews.com.br\/inv-api\/wp\/v2\/tags?post=241296"},{"taxonomy":"autor-wsj","embeddable":true,"href":"https:\/\/investnews.com.br\/inv-api\/wp\/v2\/autor-wsj?post=241296"},{"taxonomy":"author","embeddable":true,"href":"https:\/\/investnews.com.br\/inv-api\/wp\/v2\/coauthors?post=241296"}],"curies":[{"name":"wp","href":"https:\/\/api.w.org\/{rel}","templated":true}]}}