{"id":24147,"date":"2020-11-10T12:38:33","date_gmt":"2020-11-10T15:38:33","guid":{"rendered":"https:\/\/investnews.com.br\/?p=24147"},"modified":"2020-11-10T12:38:34","modified_gmt":"2020-11-10T15:38:34","slug":"por-que-a-vale-ja-e-uma-empresa-sem-dono","status":"publish","type":"post","link":"https:\/\/investnews.com.br\/negocios\/por-que-a-vale-ja-e-uma-empresa-sem-dono\/","title":{"rendered":"Por que a Vale j\u00e1 \u00e9 uma empresa &#8216;sem dono&#8217;"},"content":{"rendered":"\n<p>Agora \u00e9 oficial: a mineradora Vale (<a href=\"https:\/\/investnews.com.br\/cotacao\/vale3-vale\/\" class=\"rank-math-link\">VALE3<\/a>) \u00e9 uma empresa sem dono. A <strong>extin\u00e7\u00e3o formal do bloco de controle \u00e9 vista como mais uma etapa no processo de evolu\u00e7\u00e3o da governan\u00e7a da mineradora<\/strong>. A assembleia de acionistas marcada para 2021 poder\u00e1 dar o primeiro passo para definir se a empresa passar\u00e1 a ser oficialmente uma corporation, jarg\u00e3o do mercado para definir companhias de capital pulverizado.<\/p>\n\n\n\n<p><strong>MAIS:<\/strong> <a href=\"https:\/\/investnews.com.br\/cafeina\/vale-na-bolsa-tudo-o-que-voce-precisa-saber-antes-de-investir-na-mineradora\/\" class=\"rank-math-link\">Tudo o que voc\u00ea precisa saber antes de investir na mineradora<\/a><\/p>\n\n\n\n<p>Oriundo da privatiza\u00e7\u00e3o da Vale, em 1997, o bloco de controle agora desfeito inclu\u00eda a Litel e a Litela (que reunia os fundos de pens\u00e3o, sendo a Previ o mais relevante), al\u00e9m de Bradespar (empresa de investimentos do Bradesco), o grupo japon\u00eas Mitsui e o BNDESPar (bra\u00e7o de investimentos do banco estatal de fomento).<\/p>\n\n\n\n<h2 class=\"wp-block-heading\">Independ\u00eancia<\/h2>\n\n\n\n<p>Do ponto de vista da governan\u00e7a, <strong>uma empresa sem controle definido geralmente \u00e9 considerada mais independente<\/strong> &#8211; uma vez que n\u00e3o h\u00e1 tantos assentos &#8220;carimbados&#8221; no conselho. Em abril de 2021, a Vale vai eleger os novos membros para as 13 vagas do colegiado. Atualmente, h\u00e1 apenas tr\u00eas nomes independentes.<\/p>\n\n\n\n<p>Para auxiliar nessa renova\u00e7\u00e3o, a companhia criou, em julho, um comit\u00ea de nomea\u00e7\u00e3o, liderado pelo ex-presidente da Petrobr\u00e1s e presidente do conselho da BRF, Pedro Parente, e Alexandre Gon\u00e7alves Silva, presidente do conselho da Embraer. <\/p>\n\n\n\n<figure class=\"wp-block-embed-youtube wp-block-embed is-type-video is-provider-youtube wp-embed-aspect-16-9 wp-has-aspect-ratio\"><div class=\"wp-block-embed__wrapper\">\n<iframe loading=\"lazy\" title=\"TUDO O QUE VOC\u00ca PRECISA SABER ANTES DE INVESTIR NA VALE\" width=\"500\" height=\"281\" src=\"https:\/\/www.youtube.com\/embed\/G9CNiwr80FQ?feature=oembed\" frameborder=\"0\" allow=\"accelerometer; autoplay; clipboard-write; encrypted-media; gyroscope; picture-in-picture; web-share\" referrerpolicy=\"strict-origin-when-cross-origin\" allowfullscreen><\/iframe>\n<\/div><\/figure>\n\n\n\n<p>O grupo dever\u00e1 recomendar compet\u00eancias, perfis e nomes espec\u00edficos para o conselho. Essas recomenda\u00e7\u00f5es, no entanto, podem ou n\u00e3o ser aprovadas na reuni\u00e3o marcada para abril, o que dar\u00e1 um sinal mais claro se o fim formal do bloco de controle se concretizar\u00e1 na pr\u00e1tica.<\/p>\n","protected":false},"excerpt":{"rendered":"<p>Extin\u00e7\u00e3o formal do bloco de controle \u00e9 vista como mais uma etapa no processo de evolu\u00e7\u00e3o da governan\u00e7a da mineradora.<\/p>\n","protected":false},"author":7,"featured_media":4023,"comment_status":"closed","ping_status":"open","sticky":false,"template":"","format":"standard","meta":{"_acf_changed":false,"inline_featured_image":false,"footnotes":""},"categories":[6],"tags":[666,531,208],"autor-wsj":[],"coauthors":[1494],"class_list":["post-24147","post","type-post","status-publish","format-standard","has-post-thumbnail","hentry","category-negocios","tag-commodities","tag-mineracao","tag-vale"],"acf":[],"amp_enabled":true,"_links":{"self":[{"href":"https:\/\/investnews.com.br\/inv-api\/wp\/v2\/posts\/24147","targetHints":{"allow":["GET"]}}],"collection":[{"href":"https:\/\/investnews.com.br\/inv-api\/wp\/v2\/posts"}],"about":[{"href":"https:\/\/investnews.com.br\/inv-api\/wp\/v2\/types\/post"}],"author":[{"embeddable":true,"href":"https:\/\/investnews.com.br\/inv-api\/wp\/v2\/users\/7"}],"replies":[{"embeddable":true,"href":"https:\/\/investnews.com.br\/inv-api\/wp\/v2\/comments?post=24147"}],"version-history":[{"count":1,"href":"https:\/\/investnews.com.br\/inv-api\/wp\/v2\/posts\/24147\/revisions"}],"predecessor-version":[{"id":24150,"href":"https:\/\/investnews.com.br\/inv-api\/wp\/v2\/posts\/24147\/revisions\/24150"}],"wp:featuredmedia":[{"embeddable":true,"href":"https:\/\/investnews.com.br\/inv-api\/wp\/v2\/media\/4023"}],"wp:attachment":[{"href":"https:\/\/investnews.com.br\/inv-api\/wp\/v2\/media?parent=24147"}],"wp:term":[{"taxonomy":"category","embeddable":true,"href":"https:\/\/investnews.com.br\/inv-api\/wp\/v2\/categories?post=24147"},{"taxonomy":"post_tag","embeddable":true,"href":"https:\/\/investnews.com.br\/inv-api\/wp\/v2\/tags?post=24147"},{"taxonomy":"autor-wsj","embeddable":true,"href":"https:\/\/investnews.com.br\/inv-api\/wp\/v2\/autor-wsj?post=24147"},{"taxonomy":"author","embeddable":true,"href":"https:\/\/investnews.com.br\/inv-api\/wp\/v2\/coauthors?post=24147"}],"curies":[{"name":"wp","href":"https:\/\/api.w.org\/{rel}","templated":true}]}}